{"id":174992,"date":"2020-12-14T20:22:54","date_gmt":"2020-12-14T23:22:54","guid":{"rendered":"https:\/\/diarioregionaldigital.com.br\/?p=174992"},"modified":"2020-12-14T20:22:54","modified_gmt":"2020-12-14T23:22:54","slug":"pcmg-esclarece-caso-referente-ao-desaparecimento-de-uma-mulher-de-40-anos","status":"publish","type":"post","link":"https:\/\/diarioregionaldigital.com.br\/?p=174992","title":{"rendered":"PCMG esclarece caso referente ao desaparecimento de uma mulher de 40 anos"},"content":{"rendered":"<p><span style=\"font-weight: 400;\">A Pol\u00edcia Civil de Minas Gerais (PCMG), concluiu as investiga\u00e7\u00f5es referentes ao desaparecimento de uma mulher de 40 anos, em Juiz de Fora. Ap\u00f3s apura\u00e7\u00f5es sobre o caso, o corpo da v\u00edtima foi localizado dentro de um tambor, o qual estava enterrado em um quarto de uma resid\u00eancia no Bairro Santa C\u00e2ndida (Regi\u00e3o Leste).\u00a0 A opera\u00e7\u00e3o resultou na pris\u00e3o de quatro pessoas: <\/span><span style=\"font-weight: 400;\">uma mulher, o namorado e dois filhos.<\/span><\/p>\n<p><span style=\"font-weight: 400;\">De acordo com o titular da Delegacia Especializada de Homic\u00eddios, delegado Rodrigo Rolli,\u00a0 a v\u00edtima estava desaparecida desde o dia 30 de novembro e as investiga\u00e7\u00f5es tiveram in\u00edcio no \u00faltimo dia 10:<\/span><\/p>\n<p><span style=\"font-weight: 400;\">\u201cPor determina\u00e7\u00e3o do chefe do 4\u00ba Departamento em Juiz de Fora, essa investiga\u00e7\u00e3o passou para apura\u00e7\u00e3o da Delegacia Especializada a partir do dia 10 de dezembro, e, ap\u00f3s quatro dias, conseguimos encontrar o corpo da v\u00edtima\u201d, explicou,\u00a0 complementando que investiga\u00e7\u00f5es apontam que a mulher teria sido executada no interior da resid\u00eancia dos suspeitos.\u00a0<\/span><\/p>\n<p><span style=\"font-weight: 400;\">Conforme o levantamento sobre o caso, a v\u00edtima teria emprestado a quantia de aproximadamente R$ 350 mil aos investigados. Ap\u00f3s algum tempo, ela passou a cobrar tal d\u00edvida:<\/span><\/p>\n<p><span style=\"font-weight: 400;\">\u201cAp\u00f3s a v\u00edtima solicitar o dinheiro, os suspeitos atra\u00edram a mulher at\u00e9 a resid\u00eancia sob alega\u00e7\u00e3o que iriam pagar o valor e a executaram. Eles alegaram que gastaram o dinheiro dela. Al\u00e9m disso, tamb\u00e9m utilizaram seu cart\u00e3o, realizaram saques em caixas eletr\u00f4nicos e tamb\u00e9m subtra\u00edram objetos em seu apartamento\u201d, contou.<\/span><\/p>\n<p><span style=\"font-weight: 400;\">A autoridade policial detalha que ser\u00e1 lavrado auto de pris\u00e3o em flagrante delito pelos crimes de oculta\u00e7\u00e3o de cad\u00e1ver e de associa\u00e7\u00e3o criminosa.\u00a0 Al\u00e9m disso, ser\u00e1 representada tamb\u00e9m pris\u00e3o preventiva dos suspeitos pela pr\u00e1tica do crime de homic\u00eddio qualificado. \u201cE outros crimes patrimoniais ser\u00e3o apurados\u201d, informou a autoridade policial. Eles ser\u00e3o encaminhados ao sistema prisional, permanecendo \u00e0 disposi\u00e7\u00e3o da Justi\u00e7a.<\/span><\/p>\n<p><span style=\"font-weight: 400;\">Para o chefe do 4\u00ba Departamento de Pol\u00edcia Civil em Juiz de Fora, Gustavo Ad\u00e9lio Lara Ferreira, todos os esfor\u00e7os foram feitos para esclarecer mais um caso, no \u00e2mbito do Departamento. \u201cT\u00e3o logo tomei conhecimento dos fatos, imediatamente, foi determinado que o procedimento fosse encaminhado \u00e0 Delegacia Especializada de Homic\u00eddios em Juiz de Fora para apura\u00e7\u00e3o. E, assim, a equipe de policiais civis, no exerc\u00edcio das fun\u00e7\u00f5es de pol\u00edcia judici\u00e1ria, desvendou o caso, com o esclarecimento de autoria, materialidade e motiva\u00e7\u00e3o, motivo pelo qual parabenizo todos pela excel\u00eancia na investiga\u00e7\u00e3o criminal\u201d, concluiu.<\/span><\/p>\n<p>&nbsp;<\/p>\n","protected":false},"excerpt":{"rendered":"<p>A Pol\u00edcia Civil de Minas Gerais (PCMG), concluiu as investiga\u00e7\u00f5es referentes ao desaparecimento de uma mulher de 40 anos, em Juiz de Fora. Ap\u00f3s apura\u00e7\u00f5es sobre o caso, o corpo da v\u00edtima foi localizado dentro de um tambor, o qual estava enterrado em um quarto de uma resid\u00eancia no Bairro Santa C\u00e2ndida (Regi\u00e3o Leste).\u00a0 A [&hellip;]<\/p>\n","protected":false},"author":96,"featured_media":174993,"comment_status":"closed","ping_status":"closed","sticky":false,"template":"","format":"standard","meta":{"footnotes":""},"categories":[301,436,440,439],"tags":[],"class_list":["post-174992","post","type-post","status-publish","format-standard","has-post-thumbnail","hentry","category-artigos-policiais","category-destaque-da-semana","category-destaques-do-dia","category-ultima-hora"],"_links":{"self":[{"href":"https:\/\/diarioregionaldigital.com.br\/index.php?rest_route=\/wp\/v2\/posts\/174992","targetHints":{"allow":["GET"]}}],"collection":[{"href":"https:\/\/diarioregionaldigital.com.br\/index.php?rest_route=\/wp\/v2\/posts"}],"about":[{"href":"https:\/\/diarioregionaldigital.com.br\/index.php?rest_route=\/wp\/v2\/types\/post"}],"author":[{"embeddable":true,"href":"https:\/\/diarioregionaldigital.com.br\/index.php?rest_route=\/wp\/v2\/users\/96"}],"replies":[{"embeddable":true,"href":"https:\/\/diarioregionaldigital.com.br\/index.php?rest_route=%2Fwp%2Fv2%2Fcomments&post=174992"}],"version-history":[{"count":0,"href":"https:\/\/diarioregionaldigital.com.br\/index.php?rest_route=\/wp\/v2\/posts\/174992\/revisions"}],"wp:featuredmedia":[{"embeddable":true,"href":"https:\/\/diarioregionaldigital.com.br\/index.php?rest_route=\/wp\/v2\/media\/174993"}],"wp:attachment":[{"href":"https:\/\/diarioregionaldigital.com.br\/index.php?rest_route=%2Fwp%2Fv2%2Fmedia&parent=174992"}],"wp:term":[{"taxonomy":"category","embeddable":true,"href":"https:\/\/diarioregionaldigital.com.br\/index.php?rest_route=%2Fwp%2Fv2%2Fcategories&post=174992"},{"taxonomy":"post_tag","embeddable":true,"href":"https:\/\/diarioregionaldigital.com.br\/index.php?rest_route=%2Fwp%2Fv2%2Ftags&post=174992"}],"curies":[{"name":"wp","href":"https:\/\/api.w.org\/{rel}","templated":true}]}}