{"id":174935,"date":"2020-12-13T06:00:35","date_gmt":"2020-12-13T09:00:35","guid":{"rendered":"https:\/\/diarioregionaldigital.com.br\/?p=174935"},"modified":"2020-12-12T03:21:03","modified_gmt":"2020-12-12T06:21:03","slug":"prefeitura-municipal-de-descoberto-licitacao-no045-13-12-2020","status":"publish","type":"post","link":"https:\/\/diarioregionaldigital.com.br\/?p=174935","title":{"rendered":"Prefeitura Municipal de Descoberto &#8211; Licita\u00e7\u00e3o n\u00ba045 &#8211; 13\/12\/2020"},"content":{"rendered":"<p style=\"text-align: center;\"><strong>PREFEITURA MUNICIPAL DE DESCOBERTO<\/strong><\/p>\n<p style=\"text-align: center;\"><strong>AVISO DE LICITA\u00c7\u00c3O<\/strong><\/p>\n<p style=\"text-align: center;\"><strong>Licita\u00e7\u00e3o n\u00b0 045\/2020<\/strong><\/p>\n<p style=\"text-align: center;\"><strong>Modalidade de Preg\u00e3o Presencial n\u00b0 020\/2020<\/strong><\/p>\n<p>O Munic\u00edpio de DESCOBERTO, na forma da lei, faz saber a todos quantos o presente edital virem, ou dele conhecimento tiverem, que a partir das 09:30h do dia 21 de dezembro de 2020, na Prefeitura Municipal na sala da comiss\u00e3o de licita\u00e7\u00e3o, localizada na rua CAPIT\u00c3O BAS\u00cdLIO, n\u00b0 39, bairro CENTRO, munic\u00edpio de DESCOBERTO, ser\u00e1 realizada licita\u00e7\u00e3o para a contrata\u00e7\u00e3o de interessados na AQUISI\u00c7\u00c3O DE VE\u00cdCULO DE PASSEIO &#8211; TRANSPORTE DE EQUIPE (5 PESSOAS, 0 KM) COM AS SEGUINTES ESPECIFICA\u00c7\u00d5ES M\u00cdNIMAS: &#8211; TIPO DE COMBUST\u00cdVEL: \u00c1LCOOL OU GASOLINA &#8216;FLEX&#8217; &#8211; PORTAS: 4 PORTAS; &#8211; AR CONDICIONADO; &#8211; TRAVAMENTO EL\u00c9TRICO DAS PORTAS;\u00a0 &#8211; VIDROS EL\u00c9TRICOS, AO MENOS OS DIANTEIROS; &#8211; CAPACIDADE DE 05 LUGARES; 0 KM &#8211;\u00a0 COR: BRANCA, ESPECIFICA\u00c7\u00c3O COMPLETA ENCONTRA-SE NO EDITAL,\u00a0\u00a0\u00a0\u00a0 tipo Menor\u00a0 Pre\u00e7o\u00a0 por Item conforme consta no edital que se encontra\u00a0 a disposi\u00e7\u00e3o de todos\u00a0 os interessados\u00a0 na Prefeitura Municipal, onde poder\u00e3o obt\u00ea-lo. Para conhecimento de todos os interessados, expediu-se o presente que ser\u00e1 afixado no lugar de costume, publicando-se na forma da lei. DESCOBERTO, 10 de dezembro de 2020.<\/p>\n<p style=\"text-align: center;\"><strong>\u00a0Cristiane Oliveira De Almeida Trindade<\/strong><\/p>\n<p style=\"text-align: center;\"><strong>Pregoeira<\/strong><\/p>\n","protected":false},"excerpt":{"rendered":"<p>PREFEITURA MUNICIPAL DE DESCOBERTO AVISO DE LICITA\u00c7\u00c3O Licita\u00e7\u00e3o n\u00b0 045\/2020 Modalidade de Preg\u00e3o Presencial n\u00b0 020\/2020 O Munic\u00edpio de DESCOBERTO, na forma da lei, faz saber a todos quantos o presente edital virem, ou dele conhecimento tiverem, que a partir das 09:30h do dia 21 de dezembro de 2020, na Prefeitura Municipal na sala da [&hellip;]<\/p>\n","protected":false},"author":96,"featured_media":0,"comment_status":"closed","ping_status":"closed","sticky":false,"template":"","format":"standard","meta":{"footnotes":""},"categories":[307],"tags":[],"class_list":["post-174935","post","type-post","status-publish","format-standard","hentry","category-editais"],"_links":{"self":[{"href":"https:\/\/diarioregionaldigital.com.br\/index.php?rest_route=\/wp\/v2\/posts\/174935","targetHints":{"allow":["GET"]}}],"collection":[{"href":"https:\/\/diarioregionaldigital.com.br\/index.php?rest_route=\/wp\/v2\/posts"}],"about":[{"href":"https:\/\/diarioregionaldigital.com.br\/index.php?rest_route=\/wp\/v2\/types\/post"}],"author":[{"embeddable":true,"href":"https:\/\/diarioregionaldigital.com.br\/index.php?rest_route=\/wp\/v2\/users\/96"}],"replies":[{"embeddable":true,"href":"https:\/\/diarioregionaldigital.com.br\/index.php?rest_route=%2Fwp%2Fv2%2Fcomments&post=174935"}],"version-history":[{"count":0,"href":"https:\/\/diarioregionaldigital.com.br\/index.php?rest_route=\/wp\/v2\/posts\/174935\/revisions"}],"wp:attachment":[{"href":"https:\/\/diarioregionaldigital.com.br\/index.php?rest_route=%2Fwp%2Fv2%2Fmedia&parent=174935"}],"wp:term":[{"taxonomy":"category","embeddable":true,"href":"https:\/\/diarioregionaldigital.com.br\/index.php?rest_route=%2Fwp%2Fv2%2Fcategories&post=174935"},{"taxonomy":"post_tag","embeddable":true,"href":"https:\/\/diarioregionaldigital.com.br\/index.php?rest_route=%2Fwp%2Fv2%2Ftags&post=174935"}],"curies":[{"name":"wp","href":"https:\/\/api.w.org\/{rel}","templated":true}]}}