{"id":174923,"date":"2020-12-13T06:00:22","date_gmt":"2020-12-13T09:00:22","guid":{"rendered":"https:\/\/diarioregionaldigital.com.br\/?p=174923"},"modified":"2020-12-12T03:13:25","modified_gmt":"2020-12-12T06:13:25","slug":"ceia-de-natal","status":"publish","type":"post","link":"https:\/\/diarioregionaldigital.com.br\/?p=174923","title":{"rendered":"Ceia de Natal"},"content":{"rendered":"<p style=\"text-align: center;\"><strong>Bota-Fora<\/strong><\/p>\n<p style=\"text-align: center;\">Este colunista saiu do isolamento para consulta m\u00e9dica no dia que caiu um temporal em Juiz de Fora e ficou assustado com os alagamentos provocados por v\u00e1rios bota-fora irregular. A sujeira causou mau-cheiro com entulhos e diversos outros tipos de materiais que foram despejados na enxurrada. A m\u00e1 educa\u00e7\u00e3o de algumas pessoas folgadas e pass\u00edvel de multa grav\u00edssima, no valor de R$ 1.389.93.<\/p>\n<p style=\"text-align: center;\"><strong>No Exterior<\/strong><\/p>\n<p style=\"text-align: center;\">A magistrada juiz-forana Martha Halfeld Furtado de Mendon\u00e7a Schmidt ser\u00e1 a 1\u00aa latino- americana a presidir o Tribunal da Onu. Iniciando seu mandato em 1\u00ba de janeiro de 2021, ela ter\u00e1 al\u00e9m das atividades jurisdicionais, ter\u00e1 tamb\u00e9m atividades administrativas \u2013 externas e internas ligadas essencialmente \u00e0 representa\u00e7\u00e3o do Tribunal , por exemplo, representando diante outros tribunais internacionais.<\/p>\n<p style=\"text-align: center;\"><strong>Voc\u00ea Sabia?<\/strong><\/p>\n<p style=\"text-align: center;\">O fim do auxilio federal aos munic\u00edpios para enfrentar as consequ\u00eancias da pandemia dever ser um desafio a mais para prefeitos eleitos e reeleitos manterem em alta as receitas das prefeituras a partir de 2021. Sem a ajuda extra no ano que vem, o equil\u00edbrio das contas da atividade econ\u00f4mica pode gerar o risco de novos fechamentos for\u00e7ados.<\/p>\n<p style=\"text-align: center;\"><span style=\"font-size: 14pt;\"><strong>Ceia de Natal<\/strong><\/span><\/p>\n<p style=\"text-align: center;\">Em \u00e9poca de pandemia n\u00e3o \u00e9 bom aglomerar. A pneumologista juiz-forana K\u00e1tia Lopes Pinto afirma que n\u00e3o \u00e9 uma boa ideia colocar todos sentados na mesma mesa para comer juntos. \u00c9 mais seguro dispor v\u00e1rias mesas pequenas, espa\u00e7adas, para na hora de ceia, dividirem a mesa apenas os que moram na mesma casa.<\/p>\n<div id=\"attachment_174913\" style=\"width: 690px\" class=\"wp-caption aligncenter\"><img loading=\"lazy\" decoding=\"async\" aria-describedby=\"caption-attachment-174913\" class=\"wp-image-174913\" src=\"https:\/\/diarioregionaldigital.com.br\/wp-content\/uploads\/2020\/12\/fotoaa-1-e1607752003915.jpeg\" alt=\"\" width=\"680\" height=\"484\" srcset=\"https:\/\/diarioregionaldigital.com.br\/wp-content\/uploads\/2020\/12\/fotoaa-1-e1607752003915.jpeg 753w, https:\/\/diarioregionaldigital.com.br\/wp-content\/uploads\/2020\/12\/fotoaa-1-e1607752003915-300x214.jpeg 300w, https:\/\/diarioregionaldigital.com.br\/wp-content\/uploads\/2020\/12\/fotoaa-1-e1607752003915-360x256.jpeg 360w, https:\/\/diarioregionaldigital.com.br\/wp-content\/uploads\/2020\/12\/fotoaa-1-e1607752003915-100x70.jpeg 100w\" sizes=\"auto, (max-width: 680px) 100vw, 680px\" \/><p id=\"caption-attachment-174913\" class=\"wp-caption-text\">O Feliz Natal dos anfitri\u00f5es da loja Chang\u00ea dos chocolates Prawer, os jovens e elegantes: Camila Costa Sim\u00f5es e Diogo Teixeira Sim\u00f5es<\/p><\/div>\n<div id=\"attachment_174914\" style=\"width: 690px\" class=\"wp-caption aligncenter\"><img loading=\"lazy\" decoding=\"async\" aria-describedby=\"caption-attachment-174914\" class=\"wp-image-174914\" src=\"https:\/\/diarioregionaldigital.com.br\/wp-content\/uploads\/2020\/12\/fotob-e1607753376910.jpeg\" alt=\"\" width=\"680\" height=\"501\" srcset=\"https:\/\/diarioregionaldigital.com.br\/wp-content\/uploads\/2020\/12\/fotob-e1607753376910.jpeg 335w, https:\/\/diarioregionaldigital.com.br\/wp-content\/uploads\/2020\/12\/fotob-e1607753376910-300x221.jpeg 300w\" sizes=\"auto, (max-width: 680px) 100vw, 680px\" \/><p id=\"caption-attachment-174914\" class=\"wp-caption-text\">Um close na bonita esteticista Stephanie Frank<\/p><\/div>\n<div id=\"attachment_174915\" style=\"width: 690px\" class=\"wp-caption aligncenter\"><img loading=\"lazy\" decoding=\"async\" aria-describedby=\"caption-attachment-174915\" class=\"wp-image-174915\" src=\"https:\/\/diarioregionaldigital.com.br\/wp-content\/uploads\/2020\/12\/fotobb-e1607752032968.jpg\" alt=\"\" width=\"680\" height=\"485\" srcset=\"https:\/\/diarioregionaldigital.com.br\/wp-content\/uploads\/2020\/12\/fotobb-e1607752032968.jpg 716w, https:\/\/diarioregionaldigital.com.br\/wp-content\/uploads\/2020\/12\/fotobb-e1607752032968-300x214.jpg 300w, https:\/\/diarioregionaldigital.com.br\/wp-content\/uploads\/2020\/12\/fotobb-e1607752032968-360x257.jpg 360w, https:\/\/diarioregionaldigital.com.br\/wp-content\/uploads\/2020\/12\/fotobb-e1607752032968-100x70.jpg 100w\" sizes=\"auto, (max-width: 680px) 100vw, 680px\" \/><p id=\"caption-attachment-174915\" class=\"wp-caption-text\">Aniversariante de destaque da semana, o arquiteto bonit\u00e3o Lucas Lohran<\/p><\/div>\n<div id=\"attachment_174916\" style=\"width: 690px\" class=\"wp-caption aligncenter\"><img loading=\"lazy\" decoding=\"async\" aria-describedby=\"caption-attachment-174916\" class=\"wp-image-174916\" src=\"https:\/\/diarioregionaldigital.com.br\/wp-content\/uploads\/2020\/12\/fotod-8-e1607752067495.jpg\" alt=\"\" width=\"680\" height=\"513\" srcset=\"https:\/\/diarioregionaldigital.com.br\/wp-content\/uploads\/2020\/12\/fotod-8-e1607752067495.jpg 1206w, https:\/\/diarioregionaldigital.com.br\/wp-content\/uploads\/2020\/12\/fotod-8-e1607752067495-300x226.jpg 300w, https:\/\/diarioregionaldigital.com.br\/wp-content\/uploads\/2020\/12\/fotod-8-e1607752067495-1024x773.jpg 1024w, https:\/\/diarioregionaldigital.com.br\/wp-content\/uploads\/2020\/12\/fotod-8-e1607752067495-768x580.jpg 768w, https:\/\/diarioregionaldigital.com.br\/wp-content\/uploads\/2020\/12\/fotod-8-e1607752067495-360x272.jpg 360w\" sizes=\"auto, (max-width: 680px) 100vw, 680px\" \/><p id=\"caption-attachment-174916\" class=\"wp-caption-text\">Visitando esta coluna social, o engenheiro Eduardo Lucas e a m\u00e9dica Andr\u00e9a Moraes Lucas<\/p><\/div>\n<div id=\"attachment_174917\" style=\"width: 690px\" class=\"wp-caption aligncenter\"><img loading=\"lazy\" decoding=\"async\" aria-describedby=\"caption-attachment-174917\" class=\"wp-image-174917\" src=\"https:\/\/diarioregionaldigital.com.br\/wp-content\/uploads\/2020\/12\/fotoe-8-e1607752094790.jpg\" alt=\"\" width=\"680\" height=\"481\" srcset=\"https:\/\/diarioregionaldigital.com.br\/wp-content\/uploads\/2020\/12\/fotoe-8-e1607752094790.jpg 520w, https:\/\/diarioregionaldigital.com.br\/wp-content\/uploads\/2020\/12\/fotoe-8-e1607752094790-300x212.jpg 300w, https:\/\/diarioregionaldigital.com.br\/wp-content\/uploads\/2020\/12\/fotoe-8-e1607752094790-360x255.jpg 360w, https:\/\/diarioregionaldigital.com.br\/wp-content\/uploads\/2020\/12\/fotoe-8-e1607752094790-100x70.jpg 100w\" sizes=\"auto, (max-width: 680px) 100vw, 680px\" \/><p id=\"caption-attachment-174917\" class=\"wp-caption-text\">A natureza em festa com o saud\u00e1vel Wesley Lorenzetto<\/p><\/div>\n<div id=\"attachment_174918\" style=\"width: 690px\" class=\"wp-caption aligncenter\"><img loading=\"lazy\" decoding=\"async\" aria-describedby=\"caption-attachment-174918\" class=\"wp-image-174918\" src=\"https:\/\/diarioregionaldigital.com.br\/wp-content\/uploads\/2020\/12\/fotof-6-e1607752153984.jpg\" alt=\"\" width=\"680\" height=\"520\" srcset=\"https:\/\/diarioregionaldigital.com.br\/wp-content\/uploads\/2020\/12\/fotof-6-e1607752153984.jpg 1044w, https:\/\/diarioregionaldigital.com.br\/wp-content\/uploads\/2020\/12\/fotof-6-e1607752153984-300x230.jpg 300w, https:\/\/diarioregionaldigital.com.br\/wp-content\/uploads\/2020\/12\/fotof-6-e1607752153984-1024x784.jpg 1024w, https:\/\/diarioregionaldigital.com.br\/wp-content\/uploads\/2020\/12\/fotof-6-e1607752153984-768x588.jpg 768w, https:\/\/diarioregionaldigital.com.br\/wp-content\/uploads\/2020\/12\/fotof-6-e1607752153984-360x276.jpg 360w\" sizes=\"auto, (max-width: 680px) 100vw, 680px\" \/><p id=\"caption-attachment-174918\" class=\"wp-caption-text\">Direto do Balne\u00e1rio de Cambori\u00fa para esta coluna, a elegante Sandra Hoffman<\/p><\/div>\n<div id=\"attachment_174920\" style=\"width: 690px\" class=\"wp-caption aligncenter\"><img loading=\"lazy\" decoding=\"async\" aria-describedby=\"caption-attachment-174920\" class=\"wp-image-174920\" src=\"https:\/\/diarioregionaldigital.com.br\/wp-content\/uploads\/2020\/12\/fotoh-e1607752212842.jpeg\" alt=\"\" width=\"680\" height=\"490\" srcset=\"https:\/\/diarioregionaldigital.com.br\/wp-content\/uploads\/2020\/12\/fotoh-e1607752212842.jpeg 921w, https:\/\/diarioregionaldigital.com.br\/wp-content\/uploads\/2020\/12\/fotoh-e1607752212842-300x216.jpeg 300w, https:\/\/diarioregionaldigital.com.br\/wp-content\/uploads\/2020\/12\/fotoh-e1607752212842-768x554.jpeg 768w, https:\/\/diarioregionaldigital.com.br\/wp-content\/uploads\/2020\/12\/fotoh-e1607752212842-360x260.jpeg 360w\" sizes=\"auto, (max-width: 680px) 100vw, 680px\" \/><p id=\"caption-attachment-174920\" class=\"wp-caption-text\">Felizes em S\u00e3o Louren\u00e7o (MG), Mayra Bouer e o dentista-prot\u00e9tico, Cristiano Ribeiro<\/p><\/div>\n<div id=\"attachment_174922\" style=\"width: 690px\" class=\"wp-caption aligncenter\"><img loading=\"lazy\" decoding=\"async\" aria-describedby=\"caption-attachment-174922\" class=\"wp-image-174922\" src=\"https:\/\/diarioregionaldigital.com.br\/wp-content\/uploads\/2020\/12\/fotoj-3-e1607752314436.jpg\" alt=\"\" width=\"680\" height=\"490\" srcset=\"https:\/\/diarioregionaldigital.com.br\/wp-content\/uploads\/2020\/12\/fotoj-3-e1607752314436.jpg 319w, https:\/\/diarioregionaldigital.com.br\/wp-content\/uploads\/2020\/12\/fotoj-3-e1607752314436-300x216.jpg 300w\" sizes=\"auto, (max-width: 680px) 100vw, 680px\" \/><p id=\"caption-attachment-174922\" class=\"wp-caption-text\">O Feliz Natal do Padre Pierre Alcantarino com Ivete Gomes<\/p><\/div>\n<div id=\"attachment_174921\" style=\"width: 690px\" class=\"wp-caption aligncenter\"><img loading=\"lazy\" decoding=\"async\" aria-describedby=\"caption-attachment-174921\" class=\"wp-image-174921\" src=\"https:\/\/diarioregionaldigital.com.br\/wp-content\/uploads\/2020\/12\/fotoi-3-e1607752253990.jpg\" alt=\"\" width=\"680\" height=\"483\" srcset=\"https:\/\/diarioregionaldigital.com.br\/wp-content\/uploads\/2020\/12\/fotoi-3-e1607752253990.jpg 460w, https:\/\/diarioregionaldigital.com.br\/wp-content\/uploads\/2020\/12\/fotoi-3-e1607752253990-300x213.jpg 300w, https:\/\/diarioregionaldigital.com.br\/wp-content\/uploads\/2020\/12\/fotoi-3-e1607752253990-360x256.jpg 360w, https:\/\/diarioregionaldigital.com.br\/wp-content\/uploads\/2020\/12\/fotoi-3-e1607752253990-100x70.jpg 100w\" sizes=\"auto, (max-width: 680px) 100vw, 680px\" \/><p id=\"caption-attachment-174921\" class=\"wp-caption-text\">Comemorando vit\u00f3ria nas urnas, a prefeita eleita em JF Margarida Salom\u00e3o com as lindezas Rose Machado Rocha e Melissa do Vale<\/p><\/div>\n<div id=\"attachment_174919\" style=\"width: 690px\" class=\"wp-caption aligncenter\"><img loading=\"lazy\" decoding=\"async\" aria-describedby=\"caption-attachment-174919\" class=\"wp-image-174919\" src=\"https:\/\/diarioregionaldigital.com.br\/wp-content\/uploads\/2020\/12\/fotog-1-e1607752183346.jpeg\" alt=\"\" width=\"680\" height=\"455\" srcset=\"https:\/\/diarioregionaldigital.com.br\/wp-content\/uploads\/2020\/12\/fotog-1-e1607752183346.jpeg 1158w, https:\/\/diarioregionaldigital.com.br\/wp-content\/uploads\/2020\/12\/fotog-1-e1607752183346-300x201.jpeg 300w, https:\/\/diarioregionaldigital.com.br\/wp-content\/uploads\/2020\/12\/fotog-1-e1607752183346-1024x684.jpeg 1024w, https:\/\/diarioregionaldigital.com.br\/wp-content\/uploads\/2020\/12\/fotog-1-e1607752183346-768x513.jpeg 768w, https:\/\/diarioregionaldigital.com.br\/wp-content\/uploads\/2020\/12\/fotog-1-e1607752183346-360x241.jpeg 360w\" sizes=\"auto, (max-width: 680px) 100vw, 680px\" \/><p id=\"caption-attachment-174919\" class=\"wp-caption-text\">Em Recreio (MG), os lindos casais: Pablo e Aline Cruz e \u00c9rica e Kim Cruz<\/p><\/div>\n<p style=\"text-align: center;\"><strong>FOTOSS\u00cdNTESE<\/strong><\/p>\n<p>Com singularidade e hist\u00f3rico, a primeira se\u00e7\u00e3o do livro agora lan\u00e7ada. \u201cItamar Franco: a prud\u00eancia do poder no destino da cidade\u201d, resgata entrevistas, discursos, fotos e fatos que marcaram sua hist\u00f3ria \u00e0 frente da Prefeitura de Juiz de Fora nas d\u00e9cadas de 1960 e 1970.<\/p>\n<p>Deixe a casa arrumada para o Natal. Use guirlandas luzinhas e as cores vermelho e verde. O clima \u00e9 de alegria apesar de tudo temos que unir. Com m\u00e1scara e \u00e1lcool em gel e sem aglomera\u00e7\u00e3o. Esta \u00e9 a dica da elegante Adelaide Rodrigues.<\/p>\n<p>Aten\u00e7\u00e3o: Assinada pelo arcebispo metropolitano Dom Gil Ant\u00f4nio Moreira, a Arquidiocese suspendeu a participa\u00e7\u00e3o presencial de fieis em celebra\u00e7\u00f5es religiosas.<\/p>\n<p>Dois amigos queridos deste colunista partiram para a segundo plano: a marchand Z\u00e9lia Gontijo e o ex-deputado Leonardo Moreira, filho de J\u00falia e Edmar Moreira. Eles levitaram. Um abra\u00e7o carinhoso a seus familiares.<\/p>\n<p>Linda e maravilhosa, Rafaela Bichara conquistou tr\u00eas trof\u00e9us (Top1 estreante, top2 \u2018novice\u2019 e top3 classe b) no Campeonato de Fisiculturismo, em Bras\u00edlia. Juiz de Fora brilhou.<\/p>\n<p>Em formato virtual est\u00e1 bel\u00edssima a exposi\u00e7\u00e3o do Museu da Cultura do Forum da Cultura da UFJF, com a mostra \u201cPres\u00e9pios\u201d.<\/p>\n<p>Lan\u00e7ado com \u00e1udio descritivo no YouTube, o livro infantil da escritora Luciane Fontes com a tema \u201cA lupa M\u00e1gica\u201d, com selo da Editora Paratexto.<\/p>\n<p>So observando: Que a Covid-19 nos ensine alguma coisa. Houve aprendizado, mas h\u00e1 tamb\u00e9m muita resist\u00eancia. O tempo todo houve conflito entre ci\u00eancia e n\u00e3o ci\u00eancia. O negacionismo tem atrapalhado bastante. Tem que acreditar!!! Bom dia<\/p>\n<p><img loading=\"lazy\" decoding=\"async\" class=\"aligncenter size-full wp-image-174589\" src=\"https:\/\/diarioregionaldigital.com.br\/wp-content\/uploads\/2020\/12\/Sinteac-2020.jpg\" alt=\"\" width=\"2245\" height=\"1182\" srcset=\"https:\/\/diarioregionaldigital.com.br\/wp-content\/uploads\/2020\/12\/Sinteac-2020.jpg 2245w, https:\/\/diarioregionaldigital.com.br\/wp-content\/uploads\/2020\/12\/Sinteac-2020-300x158.jpg 300w, https:\/\/diarioregionaldigital.com.br\/wp-content\/uploads\/2020\/12\/Sinteac-2020-1024x539.jpg 1024w, https:\/\/diarioregionaldigital.com.br\/wp-content\/uploads\/2020\/12\/Sinteac-2020-768x404.jpg 768w, https:\/\/diarioregionaldigital.com.br\/wp-content\/uploads\/2020\/12\/Sinteac-2020-1536x809.jpg 1536w, https:\/\/diarioregionaldigital.com.br\/wp-content\/uploads\/2020\/12\/Sinteac-2020-2048x1078.jpg 2048w, https:\/\/diarioregionaldigital.com.br\/wp-content\/uploads\/2020\/12\/Sinteac-2020-360x190.jpg 360w\" sizes=\"auto, (max-width: 2245px) 100vw, 2245px\" \/><\/p>\n<p>&nbsp;<\/p>\n","protected":false},"excerpt":{"rendered":"<p>Bota-Fora Este colunista saiu do isolamento para consulta m\u00e9dica no dia que caiu um temporal em Juiz de Fora e ficou assustado com os alagamentos provocados por v\u00e1rios bota-fora irregular. A sujeira causou mau-cheiro com entulhos e diversos outros tipos de materiais que foram despejados na enxurrada. A m\u00e1 educa\u00e7\u00e3o de algumas pessoas folgadas e [&hellip;]<\/p>\n","protected":false},"author":96,"featured_media":174913,"comment_status":"closed","ping_status":"closed","sticky":false,"template":"","format":"standard","meta":{"footnotes":""},"categories":[264],"tags":[],"class_list":["post-174923","post","type-post","status-publish","format-standard","has-post-thumbnail","hentry","category-eduardo-gomes"],"_links":{"self":[{"href":"https:\/\/diarioregionaldigital.com.br\/index.php?rest_route=\/wp\/v2\/posts\/174923","targetHints":{"allow":["GET"]}}],"collection":[{"href":"https:\/\/diarioregionaldigital.com.br\/index.php?rest_route=\/wp\/v2\/posts"}],"about":[{"href":"https:\/\/diarioregionaldigital.com.br\/index.php?rest_route=\/wp\/v2\/types\/post"}],"author":[{"embeddable":true,"href":"https:\/\/diarioregionaldigital.com.br\/index.php?rest_route=\/wp\/v2\/users\/96"}],"replies":[{"embeddable":true,"href":"https:\/\/diarioregionaldigital.com.br\/index.php?rest_route=%2Fwp%2Fv2%2Fcomments&post=174923"}],"version-history":[{"count":0,"href":"https:\/\/diarioregionaldigital.com.br\/index.php?rest_route=\/wp\/v2\/posts\/174923\/revisions"}],"wp:featuredmedia":[{"embeddable":true,"href":"https:\/\/diarioregionaldigital.com.br\/index.php?rest_route=\/wp\/v2\/media\/174913"}],"wp:attachment":[{"href":"https:\/\/diarioregionaldigital.com.br\/index.php?rest_route=%2Fwp%2Fv2%2Fmedia&parent=174923"}],"wp:term":[{"taxonomy":"category","embeddable":true,"href":"https:\/\/diarioregionaldigital.com.br\/index.php?rest_route=%2Fwp%2Fv2%2Fcategories&post=174923"},{"taxonomy":"post_tag","embeddable":true,"href":"https:\/\/diarioregionaldigital.com.br\/index.php?rest_route=%2Fwp%2Fv2%2Ftags&post=174923"}],"curies":[{"name":"wp","href":"https:\/\/api.w.org\/{rel}","templated":true}]}}