{"id":174907,"date":"2020-12-11T19:31:13","date_gmt":"2020-12-11T22:31:13","guid":{"rendered":"https:\/\/diarioregionaldigital.com.br\/?p=174907"},"modified":"2020-12-11T19:31:13","modified_gmt":"2020-12-11T22:31:13","slug":"emocao-e-representatividade-marcam-entrega-do-trofeu-mulher-cidada-2020","status":"publish","type":"post","link":"https:\/\/diarioregionaldigital.com.br\/?p=174907","title":{"rendered":"Emo\u00e7\u00e3o e representatividade marcam entrega do \u201cTrof\u00e9u Mulher Cidad\u00e3 2020\u201d"},"content":{"rendered":"<p>A Prefeitura de Juiz de Fora (PJF) concluiu nesta sexta-feira, 11, a entrega do \u201cTrof\u00e9u Mulher Cidad\u00e3 2020\u201d. Desde quarta, 15 homenageadas receberam das m\u00e3os do prefeito Ant\u00f4nio Almas a honraria. O objetivo do trof\u00e9u \u00e9 prestar reconhecimento a mulheres de diversas \u00e1reas, que se destacaram pelas suas atua\u00e7\u00f5es na presta\u00e7\u00e3o de servi\u00e7os relevantes ao munic\u00edpio e \u00e0 comunidade. A entrega foi realizada seguindo escala de agendamentos para que n\u00e3o houvesse aglomera\u00e7\u00f5es. Na abertura, quarta-feira, o prefeito ressaltou a import\u00e2ncia da homenagem, que \u201ctraz o grande reconhecimento de todos, dando empoderamento a todas as mulheres que s\u00e3o homenageadas, reconhecendo o seu grande trabalho nas mais diversas \u00e1reas da sociedade\u201d.<\/p>\n<p>Nesta sexta-feira, receberam a homenagem a mestra e doutora em Ci\u00eancia Pol\u00edtica, Helena da Motta Sales, na categoria \u201cDireitos Humanos\u201d; a fundadora e presidente do \u201cInstituto Aviva\u201d, Ana Paula Carvalho, em \u201cEduca\u00e7\u00e3o\u201d; e a cantora Aline Crispim Cardoso, na categoria \u201cM\u00fasica\u201d. Tamb\u00e9m receberam a honraria, a secret\u00e1ria de Desenvolvimento Social e respons\u00e1vel pela implanta\u00e7\u00e3o pioneira da pol\u00edtica de Vigil\u00e2ncia Social no munic\u00edpio, feito reconhecido pelo ent\u00e3o Minist\u00e9rio de Desenvolvimento Social, Tammy Claret, na categoria \u201cPol\u00edtica\u201d; a gastroenterologista e diretora m\u00e9dica e t\u00e9cnica da Santa Casa de Miseric\u00f3rdia, Eunice Caldas de Figueiredo Dantas, em \u201cSa\u00fade\u201d e a tenente da Pol\u00edcia Militar, Sandra de Oliveira Ramos Jabour, na categoria \u201cSeguran\u00e7a P\u00fablica\u201d. Fecharam a lista de homenageadas na sexta, Jovina Fernandes Gouv\u00eaa, de 81 anos e que, h\u00e1 dez anos participa do projeto \u201cEsporte e Cidadania\u201d, onde atualmente participa das modalidades de gin\u00e1stica e de zumba, na categoria \u201cTerceira Idade\u201d; e a funcion\u00e1ria p\u00fablica aposentada Regina Maria Correa Lima Novaes, na categoria \u201cTrabalhos Sociais\u201d, atual presidente da \u201cAssocia\u00e7\u00e3o Esp\u00edrita do Grupo Semente\u201d.<\/p>\n<p>Na quinta-feira, foi a vez da secret\u00e1ria de Esporte e Lazer, Leila Cl\u00e1udia Machado, na categoria \u201cesporte\u201d, Paula Pinto Machado Germano, gerente de Recursos Humanos da \u201cHiperrol Embalagens\u201d, na categoria \u201cGera\u00e7\u00e3o de Emprego\u201d, al\u00e9m da advogada Alessandra Aparecida Benony, que recebeu o Trof\u00e9u pela categoria \u201cJusti\u00e7a\u201d, pela sua atua\u00e7\u00e3o na defesa das v\u00edtimas de crimes como racismo e homofobia.<\/p>\n<p>No primeiro dia, receberam a honraria, na categoria \u201cartes\u201d, o grupo \u201cAs Ruths\u201d; em \u201cassist\u00eancia social\u201d, a presidente do Instituto Beneficente \u201cM\u00e3o Amiga\u201d, Maria Aparecida da Silva; na categoria \u201ccomunica\u00e7\u00e3o\u201d, a jornalista Sandra Zanella Jorge; e, em \u201ccultura\u201d, a autora Margareth Assis Marinho.<\/p>\n<p>A jornalista Sandra Zanella n\u00e3o escondeu a emo\u00e7\u00e3o, ao receber a honraria. \u201cPara mim, \u00e9 muito importante esse reconhecimento, porque trabalho h\u00e1 15 anos em Juiz de Fora, como jornalista no jornal Tribuna de Minas e sempre cobri crimes, coisas muito importantes na \u00e1rea de seguran\u00e7a p\u00fablica e tamb\u00e9m muitos casos de feminic\u00eddio. E, me colocando como mulher, enfrentei muitas dificuldades, barreiras. E tamb\u00e9m representa o trabalho de todos os colegas jornalistas que, assim como eu, lutam para uma sociedade mais justa e tamb\u00e9m n\u00e3o deixam v\u00edtimas de crimes ou v\u00edtimas de omiss\u00e3o do pr\u00f3prio estado cair no esquecimento.\u201d<\/p>\n<p>A advogada Alessandra Benony refor\u00e7ou o papel da representatividade da popula\u00e7\u00e3o negra. \u201cS\u00e3o 15 anos de advocacia, ent\u00e3o, eu represento aqui mulheres pretas, mulheres de baixa renda, mulheres que muitas vezes n\u00e3o tiveram oportunidade de estudar. Eu me sinto muito honrada e eu acho que \u00e9 um passo, um come\u00e7o para que tudo possa mudar. Diversidade \u00e9 uma coisa que deve ser valorizada.\u201d<\/p>\n<p><b>O Trof\u00e9u Mulher Cidad\u00e3<\/b><\/p>\n<p>O \u201cTrof\u00e9u Mulher Cidad\u00e3\u201d \u00e9 entregue, anualmente, para quinze mulheres e \u00e9 estabelecido pela Lei n\u00ba 12.236 e tradicionalmente \u00e9 entregue em mar\u00e7o, quando as mulheres s\u00e3o celebradas por suas lutas, representatividade na sociedade e valoriza\u00e7\u00e3o. A escolha das homenageadas \u00e9 feita atrav\u00e9s de uma comiss\u00e3o formada por representantes de diversos \u00f3rg\u00e3os p\u00fablicos e entidades, tais como a pr\u00f3pria PJF, atrav\u00e9s das secretarias de Governo, Sa\u00fade, Comunica\u00e7\u00e3o, Desenvolvimento Social, Educa\u00e7\u00e3o e Funda\u00e7\u00e3o Cultural \u201cAlfredo Ferreira Lage\u201d &#8211; Funalfa, C\u00e2mara Municipal, Associa\u00e7\u00e3o Comercial e Empresarial, Universidade Federal de Juiz de Fora (UFJF) e Conselho Municipal dos Direitos da Mulher, sendo presidida pela Secretaria de Governo.<\/p>\n<p>A identidade do trof\u00e9u tem como refer\u00eancia e base uma pe\u00e7a feminista que homenageia as mulheres do in\u00edcio do s\u00e9culo XX, que se organizaram e realizaram as mais diversas tarefas na aus\u00eancia dos homens, que foram \u00e0 guerra. Elas se dividiram em fun\u00e7\u00f5es de casa, trabalhos em escrit\u00f3rios e jornais que continuavam a funcionar a todo vapor trazendo as not\u00edcias da guerra e trabalhos manuais, como planta\u00e7\u00e3o e colheita. Essas mulheres conquistaram in\u00fameros direitos com o t\u00e9rmino da guerra, tendo como destaque a constitui\u00e7\u00e3o da lei que as autorizava a concorrer a alguns cargos pol\u00edticos, no setor p\u00fablico e privado. A imagem usada como refer\u00eancia traz uma mulher do campo, comemorando seu direito ao voto. O trof\u00e9u faz uma releitura dessa imagem com o objetivo de mostrar uma mulher com ideias inovadoras e que \u00e9 reconhecida por fazer a diferen\u00e7a na \u00e1rea em que atua.<\/p>\n<p><strong>Fonte:\u00a0<\/strong>Assessoria<\/p>\n","protected":false},"excerpt":{"rendered":"<p>A Prefeitura de Juiz de Fora (PJF) concluiu nesta sexta-feira, 11, a entrega do \u201cTrof\u00e9u Mulher Cidad\u00e3 2020\u201d. Desde quarta, 15 homenageadas receberam das m\u00e3os do prefeito Ant\u00f4nio Almas a honraria. O objetivo do trof\u00e9u \u00e9 prestar reconhecimento a mulheres de diversas \u00e1reas, que se destacaram pelas suas atua\u00e7\u00f5es na presta\u00e7\u00e3o de servi\u00e7os relevantes ao [&hellip;]<\/p>\n","protected":false},"author":96,"featured_media":174908,"comment_status":"closed","ping_status":"closed","sticky":false,"template":"","format":"standard","meta":{"footnotes":""},"categories":[253,436,439],"tags":[],"class_list":["post-174907","post","type-post","status-publish","format-standard","has-post-thumbnail","hentry","category-cidade","category-destaque-da-semana","category-ultima-hora"],"_links":{"self":[{"href":"https:\/\/diarioregionaldigital.com.br\/index.php?rest_route=\/wp\/v2\/posts\/174907","targetHints":{"allow":["GET"]}}],"collection":[{"href":"https:\/\/diarioregionaldigital.com.br\/index.php?rest_route=\/wp\/v2\/posts"}],"about":[{"href":"https:\/\/diarioregionaldigital.com.br\/index.php?rest_route=\/wp\/v2\/types\/post"}],"author":[{"embeddable":true,"href":"https:\/\/diarioregionaldigital.com.br\/index.php?rest_route=\/wp\/v2\/users\/96"}],"replies":[{"embeddable":true,"href":"https:\/\/diarioregionaldigital.com.br\/index.php?rest_route=%2Fwp%2Fv2%2Fcomments&post=174907"}],"version-history":[{"count":0,"href":"https:\/\/diarioregionaldigital.com.br\/index.php?rest_route=\/wp\/v2\/posts\/174907\/revisions"}],"wp:featuredmedia":[{"embeddable":true,"href":"https:\/\/diarioregionaldigital.com.br\/index.php?rest_route=\/wp\/v2\/media\/174908"}],"wp:attachment":[{"href":"https:\/\/diarioregionaldigital.com.br\/index.php?rest_route=%2Fwp%2Fv2%2Fmedia&parent=174907"}],"wp:term":[{"taxonomy":"category","embeddable":true,"href":"https:\/\/diarioregionaldigital.com.br\/index.php?rest_route=%2Fwp%2Fv2%2Fcategories&post=174907"},{"taxonomy":"post_tag","embeddable":true,"href":"https:\/\/diarioregionaldigital.com.br\/index.php?rest_route=%2Fwp%2Fv2%2Ftags&post=174907"}],"curies":[{"name":"wp","href":"https:\/\/api.w.org\/{rel}","templated":true}]}}