{"id":174904,"date":"2020-12-11T19:29:38","date_gmt":"2020-12-11T22:29:38","guid":{"rendered":"https:\/\/diarioregionaldigital.com.br\/?p=174904"},"modified":"2020-12-11T19:29:38","modified_gmt":"2020-12-11T22:29:38","slug":"secretaria-de-desenvolvimento-social-recebe-trofeu-mulher-cidada-2020","status":"publish","type":"post","link":"https:\/\/diarioregionaldigital.com.br\/?p=174904","title":{"rendered":"Secret\u00e1ria de Desenvolvimento Social recebe \u201cTrof\u00e9u Mulher Cidad\u00e3 2020\u201d"},"content":{"rendered":"<p>Na tarde desta sexta-feira, 11, o prefeito Ant\u00f4nio Almas entregou o &#8220;Trof\u00e9u Mulher Cidad\u00e3 2020&#8221; \u00e0 secret\u00e1ria de Desenvolvimento Social, Tammy Claret. O pr\u00eamio est\u00e1 sendo entregue por meio de agendamentos individuais, em fun\u00e7\u00e3o da pandemia da covid-19.<\/p>\n<p>Tammy recebe a homenagem na categoria &#8220;Pol\u00edtica\u201d, por ser respons\u00e1vel pela implanta\u00e7\u00e3o pioneira da pol\u00edtica de Vigil\u00e2ncia Social no munic\u00edpio, feito reconhecido pelo ent\u00e3o Minist\u00e9rio de Desenvolvimento Social. Al\u00e9m disso, tem s\u00f3lida experi\u00eancia na gest\u00e3o de pol\u00edticas p\u00fablicas, com \u00eanfase nos setores de planejamento, sa\u00fade e assist\u00eancia social.<\/p>\n<p>Emocionada, a secret\u00e1ria agradeceu a honraria e conta: \u201cTer relev\u00e2ncia na cidade onde nasci faz deste um dia muito especial. Saio desta gest\u00e3o com a sensa\u00e7\u00e3o de dever cumprido\u201d.<\/p>\n<p><b>O Trof\u00e9u Mulher Cidad\u00e3<\/b><\/p>\n<p>A honraria \u00e9 entregue, anualmente, para 15 mulheres, de acordo com a Lei n\u00ba 12.236, tradicionalmente em mar\u00e7o, quando o p\u00fablico feminino \u00e9 celebrado por suas lutas, representatividade na sociedade e valoriza\u00e7\u00e3o. Este ano, as medidas de seguran\u00e7a em fun\u00e7\u00e3o da pandemia de covid-19 levaram ao adiamento da entrega e impediram a realiza\u00e7\u00e3o de uma solenidade coletiva.<\/p>\n<p><strong>Fonte:\u00a0<\/strong>Assessoria<\/p>\n","protected":false},"excerpt":{"rendered":"<p>Na tarde desta sexta-feira, 11, o prefeito Ant\u00f4nio Almas entregou o &#8220;Trof\u00e9u Mulher Cidad\u00e3 2020&#8221; \u00e0 secret\u00e1ria de Desenvolvimento Social, Tammy Claret. O pr\u00eamio est\u00e1 sendo entregue por meio de agendamentos individuais, em fun\u00e7\u00e3o da pandemia da covid-19. Tammy recebe a homenagem na categoria &#8220;Pol\u00edtica\u201d, por ser respons\u00e1vel pela implanta\u00e7\u00e3o pioneira da pol\u00edtica de Vigil\u00e2ncia [&hellip;]<\/p>\n","protected":false},"author":96,"featured_media":174905,"comment_status":"closed","ping_status":"closed","sticky":false,"template":"","format":"standard","meta":{"footnotes":""},"categories":[253,436,439],"tags":[],"class_list":["post-174904","post","type-post","status-publish","format-standard","has-post-thumbnail","hentry","category-cidade","category-destaque-da-semana","category-ultima-hora"],"_links":{"self":[{"href":"https:\/\/diarioregionaldigital.com.br\/index.php?rest_route=\/wp\/v2\/posts\/174904","targetHints":{"allow":["GET"]}}],"collection":[{"href":"https:\/\/diarioregionaldigital.com.br\/index.php?rest_route=\/wp\/v2\/posts"}],"about":[{"href":"https:\/\/diarioregionaldigital.com.br\/index.php?rest_route=\/wp\/v2\/types\/post"}],"author":[{"embeddable":true,"href":"https:\/\/diarioregionaldigital.com.br\/index.php?rest_route=\/wp\/v2\/users\/96"}],"replies":[{"embeddable":true,"href":"https:\/\/diarioregionaldigital.com.br\/index.php?rest_route=%2Fwp%2Fv2%2Fcomments&post=174904"}],"version-history":[{"count":0,"href":"https:\/\/diarioregionaldigital.com.br\/index.php?rest_route=\/wp\/v2\/posts\/174904\/revisions"}],"wp:featuredmedia":[{"embeddable":true,"href":"https:\/\/diarioregionaldigital.com.br\/index.php?rest_route=\/wp\/v2\/media\/174905"}],"wp:attachment":[{"href":"https:\/\/diarioregionaldigital.com.br\/index.php?rest_route=%2Fwp%2Fv2%2Fmedia&parent=174904"}],"wp:term":[{"taxonomy":"category","embeddable":true,"href":"https:\/\/diarioregionaldigital.com.br\/index.php?rest_route=%2Fwp%2Fv2%2Fcategories&post=174904"},{"taxonomy":"post_tag","embeddable":true,"href":"https:\/\/diarioregionaldigital.com.br\/index.php?rest_route=%2Fwp%2Fv2%2Ftags&post=174904"}],"curies":[{"name":"wp","href":"https:\/\/api.w.org\/{rel}","templated":true}]}}