{"id":174848,"date":"2020-12-11T10:47:12","date_gmt":"2020-12-11T13:47:12","guid":{"rendered":"https:\/\/diarioregionaldigital.com.br\/?p=174848"},"modified":"2020-12-11T10:49:24","modified_gmt":"2020-12-11T13:49:24","slug":"visao-jf-2030-pjf-apresenta-projeto-de-integracao-regional-contra-crise","status":"publish","type":"post","link":"https:\/\/diarioregionaldigital.com.br\/?p=174848","title":{"rendered":"\u201cVis\u00e3o JF 2030\u201d \u2013 PJF apresenta projeto de integra\u00e7\u00e3o regional contra crise"},"content":{"rendered":"<p>A Prefeitura de Juiz de Fora (PJF) realizar\u00e1 nesta segunda-feira (14), o evento \u201cVis\u00e3o JF 2030 \u2013 A Sa\u00edda da Crise!\u201d, para apresenta\u00e7\u00e3o de projetos sustent\u00e1veis desenvolvidos nos \u00faltimos anos pela Administra\u00e7\u00e3o Municipal, estruturados para a retomada econ\u00f4mica de Juiz de Fora e da regi\u00e3o a partir do p\u00f3s-pandemia. O evento, online, acontecer\u00e1 das 9 \u00e0s 12h, com participa\u00e7\u00e3o de autoridades e parceiros regionais, nacionais e internacionais, e poder\u00e1 ser acompanhado pela redes sociais, atrav\u00e9s do canal da PJF no youtube (Youtube.com\/JuizdeForaPJF) e facebook.com\/JuizdeForaPJF.<\/p>\n<p>Na grave crise do covid-19, que assola o mundo, a chamada &#8220;retomada verde&#8221; ganha holofotes e introduz na agenda de pa\u00edses, estados e munic\u00edpios discuss\u00f5es sobre uma nova ordem econ\u00f4mica mundial, buscando a implementa\u00e7\u00e3o de pol\u00edticas p\u00fablicas sustent\u00e1veis, geradoras de emprego e renda. Na Zona da Mata mineira, a retomada vem sendo estruturada desde 2018, com o lan\u00e7amento da \u201cPlataforma de Bioquerosene e Renov\u00e1veis da Zona da Mata\u201d (PbioZM), que consolida o compromisso do Munic\u00edpio e entorno com o clima e os \u201cObjetivos de Desenvolvimento Sustent\u00e1vel\u201d (ODS), da Organiza\u00e7\u00e3o das Na\u00e7\u00f5es Unidas (ONU)).<\/p>\n<p>\u201cTrata-se de iniciativa colaborativa suprapartid\u00e1ria, fruto de parceria com a iniciativa privada e governos amigos, reunindo os munic\u00edpios da Zona da Mata\u201d, explicou o prefeito Ant\u00f4nio Almas. Para ele, al\u00e9m do esfor\u00e7o regional, a nova ordem econ\u00f4mica mundial exigir\u00e1 unidade sem precedentes na hist\u00f3ria das rela\u00e7\u00f5es internacionais, \u201ce a presen\u00e7a de parceiros neste evento de entregas da Plataforma, como o c\u00f4nsul brit\u00e2nico em Belo Horizonte, ressalta a relev\u00e2ncia do projeto, e demonstra que a Zona da Mata j\u00e1 conta com parceria internacional para a retomada econ\u00f4mica p\u00f3s-pandemia\u201d.<\/p>\n<p><strong>Primeiro passo<\/strong><\/p>\n<p>Est\u00e1 a caminho do Brasil o maquin\u00e1rio para instala\u00e7\u00e3o de usina experimental para produ\u00e7\u00e3o de diesel verde em Juiz de Fora. A iniciativa, fruto de parceria da PJF, Universidade Federal de Juiz de Fora (UFJF) e a empresa brit\u00e2nica Green Fuels, ser\u00e1 capaz de transformar res\u00edduos, como o \u00f3leo de cozinha, em combust\u00edvel. O equipamento de processamento de \u00f3leo vegetal hidrotratado (HVO, na sigla em ingl\u00eas) foi doado com apoio do \u201cProsperity Fund\u201d, do Governo brit\u00e2nico, focado em projetos ambientais, e ter\u00e1 capacidade de produzir cerca de tr\u00eas mil litros de biocombust\u00edvel por ano.<\/p>\n<p>\u201cParabenizo a Prefeitura de Juiz de Fora por liderar esta iniciativa para retomada econ\u00f4mica regional baseada na bioeconomia dos biocombust\u00edveis e renov\u00e1veis, e agradecemos o convite para participar do evento, que simboliza o primeiro passo da introdu\u00e7\u00e3o da bioeconomia nesta \u2018retomada verde\u2019, implantando unidade de biodiesel para aportar tecnologias inovadoras do Reino Unido no Ciepetec (Centro Integrado de Ensino, Pesquisa, Extens\u00e3o, Transfer\u00eancia de Tecnologia e Cultura) da UFJF, e contribuir para a reconstru\u00e7\u00e3o da economia regional da Zona da Mata\u201d, destacou o c\u00f4nsul brit\u00e2nico em Belo Horizonte, Lucas Brown.<\/p>\n<p>Ele lembrou que, na \u00faltima semana, o Governo de Minas Gerais anunciou parceria in\u00e9dita com o Reino Unido, para impulsionar o desenvolvimento verde e investimentos no estado: \u201cO acordo com o governador Zema, representando o estado, formalizou a inten\u00e7\u00e3o de Minas em promover o desenvolvimento econ\u00f4mico sustent\u00e1vel rumo \u00e0 neutraliza\u00e7\u00e3o das emiss\u00f5es. Esta nova colabora\u00e7\u00e3o refor\u00e7a o interesse estrat\u00e9gico do Reino Unido em Minas Gerais, abrindo espa\u00e7o para trabalharmos juntos em a\u00e7\u00f5es que visem alcan\u00e7ar economia de baixo carbono, como a Plataforma de Bioquerosene e Renov\u00e1veis da Zona da Mata, apoiada pelo Prosperity Fund\u201d.<\/p>\n<p>\u201cAproveito tamb\u00e9m para enfatizar a parceria com Minas, atrav\u00e9s do investimento da empresa brit\u00e2nica Oxis Energy, para produ\u00e7\u00e3o de baterias de l\u00edtio-enxofre em Juiz de Fora, que ser\u00e1 a primeira planta de baterias de l\u00edtio da Am\u00e9rica Latina. Essa parceria com a Oxis Energy em Juiz de Fora atrair\u00e1 centenas de empregos de alto n\u00edvel, estabelecer\u00e1 parcerias de pesquisa e desenvolvimento com a academia local e acelerar\u00e1 a eletrifica\u00e7\u00e3o da mobilidade no Brasil\u201d, finalizou Brown.<\/p>\n<p><strong>Mobiliza\u00e7\u00e3o da Zona da Mata<\/strong><\/p>\n<p>Para o evento, a PJF convidou prefeitos eleitos e reeleitos da Zona da Mata mineira a renovarem seu apoio \u00e0 Plataforma de Bioquerosene da regi\u00e3o, promovendo a \u201cretomada verde\u201d na dire\u00e7\u00e3o da bioeconomia regional. O secret\u00e1rio de Desenvolvimento Econ\u00f4mico, Turismo e Agropecu\u00e1ria (Sedeta), da PJF, Jackson Moreira, explicou que tal retomada exige a mobiliza\u00e7\u00e3o da Zona da Mata na dire\u00e7\u00e3o da Agricultura 4.0 (que possibilita a interfer\u00eancia e conex\u00e3o de softwares e sistemas digitais \u00e0s m\u00e1quinas), associada \u00e0 ind\u00fastria 4.0, promovendo a tecnifica\u00e7\u00e3o da agricultura familiar e uma agroind\u00fastria com processos inovadores de economia circular.<\/p>\n<p>&#8220;No evento \u2018Vis\u00e3o JF 2030\u2019 apresentaremos a UTD (Unidade T\u00e9cnica de Demonstra\u00e7\u00e3o), consorciando o plantio da palmeira maca\u00faba com culturas alimentares, em projeto de coopera\u00e7\u00e3o t\u00e9cnica com a Embrapa ( Empresa Brasileira de Pesquisa Agropecu\u00e1ria) e apoio da Emater (Empresa de Assist\u00eancia T\u00e9cnica e Extens\u00e3o Rural do Estado de Minas Gerais), exemplificado no projeto de recupera\u00e7\u00e3o do manancial de Jo\u00e3o Penido, em Juiz de Fora\u201d, completou o secret\u00e1rio.<\/p>\n<p>Est\u00e3o confirmadas, entre outras, as participa\u00e7\u00f5es do secret\u00e1rio Nacional de Avia\u00e7\u00e3o Civil, Ronei Glanzmann; do c\u00f4nsul brit\u00e2nico, Lucas Brown; do reitor da UFJF, Marcus David; de representantes dos minist\u00e9rios de Meio Ambiente e da Agricultura, Pecu\u00e1ria e Abastecimento; do presidente da Federa\u00e7\u00e3o das Ind\u00fastrias do Estado de Minas Gerais (Fiemg), Fl\u00e1vio Roscoe; do diretor da Ag\u00eancia de Promo\u00e7\u00e3o de Investimento e Com\u00e9rcio Exterior de Minas Gerais (Indi-MG), Ronaldo Barquette; do diretor superintendente da Uni\u00e3o Brasileira do Biodiesel e Bioquerosene (Ubrabio), Donizete Tokarski; e do diretor de Biocombust\u00edveis de Avia\u00e7\u00e3o da Gol Linhas A\u00e9reas, Pedro Scorza; assim como prefeitos eleitos da regi\u00e3o, interessados no potencial da Plataforma em promover o desenvolvimento sustent\u00e1vel nos seus munic\u00edpios.<\/p>\n<p><strong>Fonte:\u00a0<\/strong>Assessoria<\/p>\n","protected":false},"excerpt":{"rendered":"<p>A Prefeitura de Juiz de Fora (PJF) realizar\u00e1 nesta segunda-feira (14), o evento \u201cVis\u00e3o JF 2030 \u2013 A Sa\u00edda da Crise!\u201d, para apresenta\u00e7\u00e3o de projetos sustent\u00e1veis desenvolvidos nos \u00faltimos anos pela Administra\u00e7\u00e3o Municipal, estruturados para a retomada econ\u00f4mica de Juiz de Fora e da regi\u00e3o a partir do p\u00f3s-pandemia. O evento, online, acontecer\u00e1 das 9 [&hellip;]<\/p>\n","protected":false},"author":96,"featured_media":174849,"comment_status":"closed","ping_status":"closed","sticky":false,"template":"","format":"standard","meta":{"footnotes":""},"categories":[436,440,261,439],"tags":[],"class_list":["post-174848","post","type-post","status-publish","format-standard","has-post-thumbnail","hentry","category-destaque-da-semana","category-destaques-do-dia","category-economia","category-ultima-hora"],"_links":{"self":[{"href":"https:\/\/diarioregionaldigital.com.br\/index.php?rest_route=\/wp\/v2\/posts\/174848","targetHints":{"allow":["GET"]}}],"collection":[{"href":"https:\/\/diarioregionaldigital.com.br\/index.php?rest_route=\/wp\/v2\/posts"}],"about":[{"href":"https:\/\/diarioregionaldigital.com.br\/index.php?rest_route=\/wp\/v2\/types\/post"}],"author":[{"embeddable":true,"href":"https:\/\/diarioregionaldigital.com.br\/index.php?rest_route=\/wp\/v2\/users\/96"}],"replies":[{"embeddable":true,"href":"https:\/\/diarioregionaldigital.com.br\/index.php?rest_route=%2Fwp%2Fv2%2Fcomments&post=174848"}],"version-history":[{"count":0,"href":"https:\/\/diarioregionaldigital.com.br\/index.php?rest_route=\/wp\/v2\/posts\/174848\/revisions"}],"wp:featuredmedia":[{"embeddable":true,"href":"https:\/\/diarioregionaldigital.com.br\/index.php?rest_route=\/wp\/v2\/media\/174849"}],"wp:attachment":[{"href":"https:\/\/diarioregionaldigital.com.br\/index.php?rest_route=%2Fwp%2Fv2%2Fmedia&parent=174848"}],"wp:term":[{"taxonomy":"category","embeddable":true,"href":"https:\/\/diarioregionaldigital.com.br\/index.php?rest_route=%2Fwp%2Fv2%2Fcategories&post=174848"},{"taxonomy":"post_tag","embeddable":true,"href":"https:\/\/diarioregionaldigital.com.br\/index.php?rest_route=%2Fwp%2Fv2%2Ftags&post=174848"}],"curies":[{"name":"wp","href":"https:\/\/api.w.org\/{rel}","templated":true}]}}