{"id":174806,"date":"2020-12-10T17:28:18","date_gmt":"2020-12-10T20:28:18","guid":{"rendered":"https:\/\/diarioregionaldigital.com.br\/?p=174806"},"modified":"2020-12-10T17:28:18","modified_gmt":"2020-12-10T20:28:18","slug":"margarida-salomao-apresenta-secretariado-para-a-sua-gestao","status":"publish","type":"post","link":"https:\/\/diarioregionaldigital.com.br\/?p=174806","title":{"rendered":"Margarida Salom\u00e3o apresenta secretariado para a sua gest\u00e3o"},"content":{"rendered":"<p><span style=\"font-weight: 400;\">Em entrevista coletiva concedida na manh\u00e3 dessa quinta-feira (10), a rec\u00e9m-eleita Margarida Salom\u00e3o (PT), apresentou o secretariado para sua gest\u00e3o da Prefeitura de Juiz de Fora (PJF), a partir do dia 1\u00ba de janeiro do pr\u00f3ximo ano. O Governo ser\u00e1 composto por 18 secret\u00e1rios, bem como a nova diretora da Funalfa e procurador-geral do munic\u00edpio.<\/span><\/p>\n<p><span style=\"font-weight: 400;\">Como havia sido anunciado durante sua campanha eleitoral, Margarida informa que o secretariado seria parit\u00e1rio, com o mesmo n\u00famero de homens e mulheres, assim como a representa\u00e7\u00e3o de negras e negros no primeiro escal\u00e3o da PJF.\u00a0<\/span><\/p>\n<p><span style=\"font-weight: 400;\">Al\u00e9m disso, ela comunicou na coletiva que a Secretaria de Planejamento Territorial e a Secretaria do Planejamento Urban\u00edstico, ficar\u00e3o respons\u00e1veis pelo planejamento territorial e urbano da cidade. Outra mudan\u00e7a anunciada \u00e9 o desmembramento da Secretaria de Desenvolvimento Econ\u00f4mico, Turismo e Agropecu\u00e1ria (Sedeta) em tr\u00eas pastas: Secretaria para a Promo\u00e7\u00e3o da Competitividade, da Inova\u00e7\u00e3o e do Desenvolvimento Sustent\u00e1vel e Inclusivo; Secretaria de Agropecu\u00e1ria e Abastecimento e Secretaria de Turismo.<\/span><\/p>\n<p><span style=\"font-weight: 400;\">A futura prefeita de Juiz de Fora informou tamb\u00e9m a cria\u00e7\u00e3o da Secretaria de Tecnologia da Informa\u00e7\u00e3o e Processos Administrativos, a qual ficar\u00e1 a cargo da informatiza\u00e7\u00e3o da PJF. A outra novidade \u00e9 a Secretaria Especial de Direitos Humanos, a qual ficar\u00e1 respons\u00e1vel pelos assuntos relacionados ao combate ao racismo, igualdade de g\u00eanero, popula\u00e7\u00e3o LGBTQI+, pessoas com defici\u00eancia, dentre outros.<\/span><\/p>\n<p><span style=\"font-weight: 400;\">Para a sua gest\u00e3o 2021-24, Margarida declarou que ser\u00e1 implantada a Secretaria de Desenvolvimento Urbano, a qual ir\u00e1 coordenar os trabalhos executados pela Companhia de Saneamento Municipal (Cesama), pelo Departamento Municipal de Limpeza Urbana (Demlurb), pela Empresa Municipal de Pavimenta\u00e7\u00e3o e Urbaniza\u00e7\u00e3o (Empav) e tamb\u00e9m na quest\u00e3o da mobilidade e moradia.<\/span><\/p>\n<p><b>Conhe\u00e7a os integrantes do secretariado<\/b><\/p>\n<p><b>Secretaria de Governo &#8211; Cidinha Louzada: <\/b><span style=\"font-weight: 400;\">Advogada e chefe de gabinete de Margarida Salom\u00e3o entre 2013 e 2020; Foi vereadora na C\u00e2mara Municipal de Juiz de Fora; Foi presidente da Associa\u00e7\u00e3o Mineira de Defesa do Consumidor e dos Trabalhadores (AMACONT);<\/span><\/p>\n<p><b>Secretaria da Fazenda &#8211; Fernanda Finotti: <\/b><span style=\"font-weight: 400;\">Doutorada em Finan\u00e7as pela Universidade de Columbia, Nova York; Professora titular da Faculdade de Economia da UFJF; Membro do Programa de P\u00f3s-Gradua\u00e7\u00e3o em Economia da UFJF;<\/span><\/p>\n<p><b>Secretaria de Sa\u00fade \u2013 Ana Pimentel: <\/b><span style=\"font-weight: 400;\">M\u00e9dica formada pela UFJF; Doutora em sa\u00fade coletiva pelo Instituto Fernandes Figueira\/Fiocruz; Mestre em Sa\u00fade pela Universidade do Estado do Rio de Janeiro (UERJ); Professora de Sa\u00fade Coletiva na Universidade Federal de S\u00e3o Jo\u00e3o del-Rei (UFSJ);<\/span><\/p>\n<p><b>Funda\u00e7\u00e3o Cultural Alfredo Ferreira Lage (Funalfa) \u2013 Giane Elisa: <\/b><span style=\"font-weight: 400;\">Mestre em Educa\u00e7\u00e3o pela UFJF; Professora da rede municipal de Juiz de Fora; Educadora Popular e atriz, coordenadora do Projeto de Teatro do Oprimido; Articuladora tem\u00e1tica do programa \u201cJF nos Trilhos da Paz\u201d e coordenadora do projeto \u201cCiranda Cidad\u00e3\u201d, da pr\u00f3pria PJF; Dramaturga, diretora art\u00edstica e encenadora d\u2019As Ruths \u2013 Grupo de Artes C\u00eanicas e Pol\u00edticas;<\/span><\/p>\n<p><b>Secretaria de Educa\u00e7\u00e3o \u2013 N\u00e1dia Ribas: <\/b><span style=\"font-weight: 400;\">Graduada em Pedagogia e mestre e doutoranda em Educa\u00e7\u00e3o pela UFJF; Especialista em Alfabetiza\u00e7\u00e3o e Linguagem pela UFJF; Professora concursada da PJF h\u00e1 27 anos; Atualmente \u00e9 professora de Atendimento Educacional Especializado (AEE) em um Centro de Atendimento Educacional Especializado;<\/span><\/p>\n<p><b>Secretaria de Agropecu\u00e1ria e Abastecimento \u2013 Fab\u00edola Paulino da Silva: <\/b><span style=\"font-weight: 400;\">Graduada em Ci\u00eancias Sociais pela UFJF; Mestra em Sociologia pela UFMG; T\u00e9cnica em Agropecu\u00e1ria pela UFV; Atuou na assessoria t\u00e9cnica e como delegada adjunta na Delegacia Federal de Desenvolvimento Agr\u00e1rio de Minas; Secret\u00e1ria de Estado Adjunta de Desenvolvimento Agr\u00e1rio do Governo de MG. Foi Diretora de Infraestrutura da Emater\/MG;<\/span><\/p>\n<p><b>Secretaria de Planejamento do Territ\u00f3rio \u2013 Fab\u00edola Ramos: <\/b><span style=\"font-weight: 400;\">Arquiteta e urbanista, com especializa\u00e7\u00f5es em \u201cPlanejamento e Uso do Solo Urbano\u201d na UFRJ, \u201cPlanejamento Municipal\u201d, na Universidade Federal de Vi\u00e7osa (UFV) e University of Nova Scotia TUNS \u2013 Canad\u00e1, e \u201cGer\u00eancia de Projetos Municipais\u201d no Instituto Brasileiro de Administra\u00e7\u00e3o Municipal (IBAM); \u00c9 servidora p\u00fablica aposentada da PJF, com passagens por: IPPLAN\/JF, Emcasa, Secretaria de Atividades Urbanas e Secretaria de Planejamento e Gest\u00e3o;<\/span><\/p>\n<p><b>Secretaria de Sustentabilidade em Meio Ambiente e Atividades Urbanas \u2013 Aline Junqueira: <\/b><span style=\"font-weight: 400;\">Graduada em Comunica\u00e7\u00e3o Social pela UFJF; Mestre em Comunica\u00e7\u00e3o e Cultura pela UFRJ; Presidente da Associa\u00e7\u00e3o de Moradores do Bairro Benfica entre 2013 a 2017; Assessora da deputada federal Margarida Salom\u00e3o desde 2014;<\/span><\/p>\n<p><b>Secretaria da Tecnologia da Informa\u00e7\u00e3o e Processos Administrativos \u2013 Ligia Inhan: <\/b><span style=\"font-weight: 400;\">Doutora em Pol\u00edticas P\u00fablicas, Estrat\u00e9gias e Desenvolvimento pela Universidade Federal do Rio de Janeiro (UFRJ); Mestre em Gest\u00e3o pela Universidade de Tr\u00e1s-os-Montes e Alto Douro, Portugal; P\u00f3s-gradua\u00e7\u00e3o em Design Gr\u00e1fico, na Faculdade Est\u00e1cio de S\u00e1, e em Tecnologia da Informa\u00e7\u00e3o, na Faculdade Machado Sobrinho; Gestora de conte\u00fado digital e e-commerce, consultora de neg\u00f3cios e design para empresas e microempreendimentos;<\/span><\/p>\n<p><b>Secretaria de Assist\u00eancia Social \u2013 Malu Salim: <\/b><span style=\"font-weight: 400;\">Formada em Servi\u00e7o Social, mestre em Sa\u00fade e especialista em Sa\u00fade da Fam\u00edlia pela UFJF; Assistente social, tutora em cursos de especializa\u00e7\u00e3o em \u201cGest\u00e3o P\u00fablica Organiza\u00e7\u00e3o em Sa\u00fade\u201d para o Programa Nacional de Forma\u00e7\u00e3o em Administra\u00e7\u00e3o P\u00fablica (UFJF\/FACC) e em \u201cGest\u00e3o do Cuidado em Sa\u00fade em Fam\u00edlia\u201d (UFMG\/Nescon); Supervisora de UBS da PJF por 12 anos e preceptora da Resid\u00eancia em Sa\u00fade da Fam\u00edlia da UFJF;<\/span><\/p>\n<p><b>Secret\u00e1rio Especial de Direitos Humanos \u2013 Biel Rocha: <\/b><span style=\"font-weight: 400;\">Soci\u00f3logo pela UFJF; Especialista em Gest\u00e3o P\u00fablica Estrat\u00e9gica (Funda\u00e7\u00e3o Jo\u00e3o Pinheiro); Servidor p\u00fablico municipal aposentado; Vereador de Juiz de Fora entre 1997 a 2002 e deputado estadual entre 2003 a 2006. Atuou como secret\u00e1rio Nacional de Promo\u00e7\u00e3o e Defesa dos Direitos Humanos no governo do ex-presidente Luiz In\u00e1cio Lula da Silva (PT) e como Secret\u00e1rio de Estado dos Direitos Humanos de Minas;<\/span><\/p>\n<p><b>Secret\u00e1rio de Planejamento Territorial e Participa\u00e7\u00e3o Popular \u2013 Martvs das Chagas: <\/b><span style=\"font-weight: 400;\">Graduado em Ci\u00eancias Sociais pela UFJF; Especializado em Gest\u00e3o Estrat\u00e9gica em Pol\u00edticas P\u00fablicas pela Unicamp; Consultor em Gest\u00e3o Social junto \u00e0 Organiza\u00e7\u00e3o das Na\u00e7\u00f5es Unidas (ONU) para Alimenta\u00e7\u00e3o e Agricultura; Diretor de Fomento na Funda\u00e7\u00e3o Cultural Palmares do Minist\u00e9rio da Cultura. Exerceu os cargos de Secret\u00e1rio Nacional de A\u00e7\u00f5es Afirmativas e de Ministro de Promo\u00e7\u00e3o da Igualdade Racial na gest\u00e3o do ex-presidente Luiz In\u00e1cio Lula da Silva;<\/span><\/p>\n<p><b>Procurador Geral do Munic\u00edpio \u2013 Carlos Delage Junqueira: <\/b><span style=\"font-weight: 400;\">Procurador municipal e advogado; Graduado em Direito pela UFJF; Doutor em Direito Constitucional e Teoria do Estado pela Pontif\u00edcia Universidade Cat\u00f3lica do Rio de Janeiro (PUC\/RJ); Experi\u00eancia nas \u00e1reas de Teoria e Filosofia do Direito, Direito Constitucional, Administrativo, Tribut\u00e1rio, Financeiro, Criminal;<\/span><\/p>\n<p><b>Secret\u00e1rio de Turismo \u2013 Marcelo do Carmo: <\/b><span style=\"font-weight: 400;\">Doutor em Sociologia pela Universidade Sorbonne \u2013 Paris Descartes. Mestre em Comunica\u00e7\u00e3o Social pela Facom\/UFJF; Especialista em Gest\u00e3o de Neg\u00f3cios e Empreendedorismo pela Faculdade de Administra\u00e7\u00e3o da UFJF; Professor adjunto do Departamento de Turismo da UFJF;<\/span><\/p>\n<p><b>Secretaria do Desenvolvimento Sustent\u00e1vel e Inclusivo, da Inova\u00e7\u00e3o e Competitividade \u2013 Ign\u00e1cio Delgado: <\/b><span style=\"font-weight: 400;\">Doutor em Sociologia e Pol\u00edtica e mestre em Ci\u00eancia Pol\u00edtica pela UFMG. Professor titular aposentado da UFJF. Integra, ainda, os programas de p\u00f3s-gradua\u00e7\u00e3o de Hist\u00f3ria e Ci\u00eancias Sociais da institui\u00e7\u00e3o. Foi diretor do Instituto de Ci\u00eancias Humanas da UFJF; Membro do Comit\u00ea Gestor do Instituto Nacional de Ci\u00eancia e Tecnologia \u2013 Pol\u00edticas P\u00fablicas, Estrat\u00e9gias e Desenvolvimento; Diretor do Critt\/UFJF e da Diretoria de Inova\u00e7\u00e3o da UFJF desde 2016;<\/span><\/p>\n<p><b>Secret\u00e1rio de Comunica\u00e7\u00e3o P\u00fablica \u2013 M\u00e1rcio Guerra: <\/b><span style=\"font-weight: 400;\">Doutor em Comunica\u00e7\u00e3o pela UFRJ; Professor titular da Faculdade de Comunica\u00e7\u00e3o da UFJF; Ex-diretor da Faculdade de Comunica\u00e7\u00e3o da UFJF; Secret\u00e1rio de Imagem da UFJF (1998-2002, 2002-2006, 2016-2020); Presidente do col\u00e9gio de gestores de comunica\u00e7\u00e3o das institui\u00e7\u00f5es federais de ensino da Andifes entre 2019 a 2020;<\/span><\/p>\n<p><b>Secret\u00e1rio de Desenvolvimento Urbano \u2013 J\u00falio Teixeira: <\/b><span style=\"font-weight: 400;\">Doutor em Saneamento pela UFMG; Engenheiro Civil e Engenheiro de Seguran\u00e7a do Trabalho pela UFJF; Ex-diretor da Faculdade de Engenharia da UFJF;<\/span><\/p>\n<p><b>Secret\u00e1rio de Esportes e Lazer \u2013 Marcelo Matta: <\/b><span style=\"font-weight: 400;\">Doutor em Ci\u00eancia do Desporto pela Universidade do Porto (PDCD); Mestre em Treinamento Esportivo pela UFMG; Professor associado da Faculdade de Educa\u00e7\u00e3o F\u00edsica e Desportos da UFJF \u2013 Departamento de Desportos. Coordenador do Projeto Futebol\/UFJF;<\/span><\/p>\n<p><b>Secret\u00e1rio de Recursos Humanos \u2013 Rog\u00e9rio Freitas: <\/b><span style=\"font-weight: 400;\">Licenciado em Artes e Mestre em educa\u00e7\u00e3o pela UFJF. Professor de Artes da rede municipal. Atualmente, dirige a Escola Municipal Prefeito Dilermando Cruz Filho; Ex-presidente do Sindicato dos Servidores P\u00fablicos Municipais de Juiz de Fora (Sinserpu-JF) e ex-gerente de recursos compartilhados da diretoria de Pol\u00edticas Sociais da Prefeitura;<\/span><\/p>\n<p><b>Secret\u00e1rio de Seguran\u00e7a P\u00fablica e Cidadania \u2013 Tadeu David: <\/b><span style=\"font-weight: 400;\">Advogado, especialista em Direitos Humanos pela Funda\u00e7\u00e3o Movimento Direito e Cidadania e mestre em Direito Constitucional (PUC-RJ); Assessor do Procurador-Geral de Justi\u00e7a Institucional do Minist\u00e9rio P\u00fablico de Minas Gerais (MPMG); Subsecret\u00e1rio dos F\u00f3runs Regionais de Governo de Minas; Atualmente, \u00e9 professor da Faculdade de Direito da Universidade de Ita\u00fana;<\/span><\/p>\n","protected":false},"excerpt":{"rendered":"<p>Em entrevista coletiva concedida na manh\u00e3 dessa quinta-feira (10), a rec\u00e9m-eleita Margarida Salom\u00e3o (PT), apresentou o secretariado para sua gest\u00e3o da Prefeitura de Juiz de Fora (PJF), a partir do dia 1\u00ba de janeiro do pr\u00f3ximo ano. O Governo ser\u00e1 composto por 18 secret\u00e1rios, bem como a nova diretora da Funalfa e procurador-geral do munic\u00edpio. [&hellip;]<\/p>\n","protected":false},"author":96,"featured_media":174809,"comment_status":"closed","ping_status":"closed","sticky":false,"template":"","format":"standard","meta":{"footnotes":""},"categories":[436,440,254,439],"tags":[],"class_list":["post-174806","post","type-post","status-publish","format-standard","has-post-thumbnail","hentry","category-destaque-da-semana","category-destaques-do-dia","category-politica","category-ultima-hora"],"_links":{"self":[{"href":"https:\/\/diarioregionaldigital.com.br\/index.php?rest_route=\/wp\/v2\/posts\/174806","targetHints":{"allow":["GET"]}}],"collection":[{"href":"https:\/\/diarioregionaldigital.com.br\/index.php?rest_route=\/wp\/v2\/posts"}],"about":[{"href":"https:\/\/diarioregionaldigital.com.br\/index.php?rest_route=\/wp\/v2\/types\/post"}],"author":[{"embeddable":true,"href":"https:\/\/diarioregionaldigital.com.br\/index.php?rest_route=\/wp\/v2\/users\/96"}],"replies":[{"embeddable":true,"href":"https:\/\/diarioregionaldigital.com.br\/index.php?rest_route=%2Fwp%2Fv2%2Fcomments&post=174806"}],"version-history":[{"count":0,"href":"https:\/\/diarioregionaldigital.com.br\/index.php?rest_route=\/wp\/v2\/posts\/174806\/revisions"}],"wp:featuredmedia":[{"embeddable":true,"href":"https:\/\/diarioregionaldigital.com.br\/index.php?rest_route=\/wp\/v2\/media\/174809"}],"wp:attachment":[{"href":"https:\/\/diarioregionaldigital.com.br\/index.php?rest_route=%2Fwp%2Fv2%2Fmedia&parent=174806"}],"wp:term":[{"taxonomy":"category","embeddable":true,"href":"https:\/\/diarioregionaldigital.com.br\/index.php?rest_route=%2Fwp%2Fv2%2Fcategories&post=174806"},{"taxonomy":"post_tag","embeddable":true,"href":"https:\/\/diarioregionaldigital.com.br\/index.php?rest_route=%2Fwp%2Fv2%2Ftags&post=174806"}],"curies":[{"name":"wp","href":"https:\/\/api.w.org\/{rel}","templated":true}]}}