{"id":174775,"date":"2020-12-10T10:50:49","date_gmt":"2020-12-10T13:50:49","guid":{"rendered":"https:\/\/diarioregionaldigital.com.br\/?p=174775"},"modified":"2020-12-10T10:50:49","modified_gmt":"2020-12-10T13:50:49","slug":"prefeitura-inicia-entrega-do-trofeu-mulher-cidada-2020","status":"publish","type":"post","link":"https:\/\/diarioregionaldigital.com.br\/?p=174775","title":{"rendered":"Prefeitura inicia entrega do \u201cTrof\u00e9u Mulher Cidad\u00e3 2020\u201d"},"content":{"rendered":"<p><span style=\"font-weight: 400;\">Mulheres que se destacaram em suas \u00e1reas de atua\u00e7\u00e3o, prestando servi\u00e7os relevantes ao munic\u00edpio e \u00e0 comunidade. Esse \u00e9 o perfil das 15 agraciadas com o Trof\u00e9u Mulher Cidad\u00e3. A solenidade de entrega, realizada por meio de agendamentos individuais em fun\u00e7\u00e3o da pandemia do novo coronav\u00edrus, teve in\u00edcio na quarta-feira (9). At\u00e9 esta sexta-feira (11), todas as homenageadas receber\u00e3o o trof\u00e9u, que ser\u00e1 entregue pelo prefeito Ant\u00f4nio Almas.<\/span><\/p>\n<p><span style=\"font-weight: 400;\">\u201cO trof\u00e9u traz o reconhecimento de todos, empoderando todas as homenageadas, reconhecendo o seu grande trabalho nas mais diversas \u00e1reas da sociedade\u201d, destacou o chefe do Executivo. Almas tamb\u00e9m refor\u00e7ou o momento de destaque da mulher no cen\u00e1rio local, com a elei\u00e7\u00e3o da primeira prefeita da hist\u00f3ria de Juiz de Fora, al\u00e9m da maior bancada feminina da C\u00e2mara Municipal. \u201cIsso engrandece ainda mais a celebra\u00e7\u00e3o nesse momento, pois reconhece o crescimento da representatividade das mulheres na nossa sociedade juiz-forana\u201d, completou o prefeito, ressaltando que o adiamento do evento, anteriormente agendado para mar\u00e7o e adiado em fun\u00e7\u00e3o da pandemia do novo coronav\u00edrus, refor\u00e7ou o protagonismo feminino em Juiz de Fora.<\/span><\/p>\n<p><span style=\"font-weight: 400;\">A Prefeitura aguardou at\u00e9 dezembro para avaliar se a situa\u00e7\u00e3o epidemiol\u00f3gica permitiria realizar um evento, de menor porte que fosse, para entregar a honraria. Entretanto, a situa\u00e7\u00e3o pand\u00eamica ainda est\u00e1 avan\u00e7ando, o que impede o Poder P\u00fablico de realizar eventos com aglomera\u00e7\u00e3o. Assim, optou-se por realizar agendamentos em separado, para que cada homenageada possa receber seu trof\u00e9u, resguardando todos os procedimentos legais impostos pela outorga desta homenagem, bem como garantindo medidas sanit\u00e1rias e de distanciamento social.<\/span><\/p>\n<p><b>Homenageadas<\/b><\/p>\n<p><span style=\"font-weight: 400;\">Na quarta-feira receberam a honraria, na categoria \u201cartes\u201d, o grupo de artes c\u00eanicas e pol\u00edticas \u201cAs Ruths\u201d; em \u201cassist\u00eancia social\u201d, a presidente do Instituto Beneficente \u201cM\u00e3o Amiga\u201d, Maria Aparecida da Silva; na categoria \u201ccomunica\u00e7\u00e3o\u201d, a jornalista Sandra Zanella Jorge; e, em \u201ccultura\u201d, a autora Margareth Assis Marinho.<\/span><\/p>\n<p><span style=\"font-weight: 400;\">A integrante do grupo \u201cAs Ruths\u201d, Maria Lu\u00edza Igino, destacou a import\u00e2ncia do reconhecimento. \u201cN\u00f3s representamos a cara de muitas pessoas dessa cidade, que lutam, batalham e que ajudaram na constru\u00e7\u00e3o dessa cidade, e nunca ou quase nunca, tiveram um reconhecimento. Ent\u00e3o, ter aqui um grupo de mulheres negras \u00e9 trazer a cara do povo negro dessa cidade, da cultura negra nesse momento.\u201d As outras 11 homenageadas est\u00e3o agendadas para esta quinta e sexta-feira. Confira abaixo a lista completa de agraciadas.<\/span><\/p>\n<p><b>O Trof\u00e9u Mulher Cidad\u00e3<\/b><\/p>\n<p><span style=\"font-weight: 400;\">A honraria \u00e9 entregue, anualmente, para 15 mulheres, de acordo com a Lei n\u00ba 12.236, e tradicionalmente \u00e9 entregue em mar\u00e7o, quando o p\u00fablico feminino \u00e9 celebrado por suas lutas, representatividade na sociedade e valoriza\u00e7\u00e3o. A escolha das homenageadas \u00e9 feita atrav\u00e9s de comiss\u00e3o formada por representantes de diversos \u00f3rg\u00e3os p\u00fablicos e entidades, tais como a pr\u00f3pria PJF, atrav\u00e9s das secretarias de Governo, Sa\u00fade, Comunica\u00e7\u00e3o, Desenvolvimento Social, Educa\u00e7\u00e3o e Funda\u00e7\u00e3o Cultural \u201cAlfredo Ferreira Lage\u201d &#8211; Funalfa; C\u00e2mara Municipal; Associa\u00e7\u00e3o Comercial e Empresarial; Universidade Federal de Juiz de Fora (UFJF); e Conselho Municipal dos Direitos da Mulher. \u00c9 presidida pela Secretaria de Governo.<\/span><\/p>\n<p><span style=\"font-weight: 400;\">A identidade do trof\u00e9u tem como refer\u00eancia e base uma pe\u00e7a feminista que homenageia as mulheres do in\u00edcio do s\u00e9culo XX, que se organizaram e realizaram as mais diversas tarefas, enquanto os homens foram enviados aos campos de batalha. Elas se dividiram em fun\u00e7\u00f5es de casa, trabalhos em escrit\u00f3rios e jornais que continuavam a funcionar a todo vapor, trazendo as not\u00edcias da guerra, e trabalhos manuais, como planta\u00e7\u00e3o e colheita. Essas mulheres conseguiram in\u00fameros direitos ap\u00f3s a guerra, tendo como destaque a lei que as autorizava a concorrer a alguns cargos pol\u00edticos, no setor p\u00fablico e privado. A imagem usada como refer\u00eancia traz uma mulher do campo, comemorando seu direito a ter voto. <\/span> <span style=\"font-weight: 400;\">O trof\u00e9u faz uma releitura dessa imagem, com o objetivo de mostrar uma mulher com ideias que v\u00e3o al\u00e9m do clich\u00ea e que tem o reconhecimento de fazer a diferen\u00e7a na \u00e1rea em que atua.<\/span><\/p>\n<p><b>Lista de homenageadas:<\/b><\/p>\n<p><b>ARTES:<\/b><span style=\"font-weight: 400;\"> As Ruths &#8211; Grupo de Artes C\u00eanicas e Pol\u00edticas &#8211; Grupo criado, produzido e dirigido por mulheres negras. O nome do grupo \u00e9 uma homenagem \u00e0 atriz Ruth de Souza e faz refer\u00eancia ao Teatro Experimental do Negro. As Ruths atuam a partir da est\u00e9tica do Teatro do Oprimido, de Augusto Boal, e o principal objetivo \u00e9 discutir as quest\u00f5es de mulheres negras.<\/span><\/p>\n<p><b>ASSIST\u00caNCIA SOCIAL:<\/b><span style=\"font-weight: 400;\"> Maria Aparecida da Silva &#8211; Presidente do Instituto Beneficente \u201cM\u00e3o Amiga\u201d, que atende atualmente 250 fam\u00edlias. Oferece, ainda, atendimentos psicol\u00f3gicos, previdenci\u00e1rios e jur\u00eddicos para seus assistidos, totalizando mais de 1.500 atendimentos anuais. A garra de Cida, como \u00e9 popularmente conhecida, \u00e9 que mant\u00e9m viva a entidade, que sobrevive de doa\u00e7\u00f5es.<\/span><\/p>\n<p><b>COMUNICA\u00c7\u00c3O:<\/b><span style=\"font-weight: 400;\"> Sandra Zanella Jorge \u2013 Rep\u00f3rter do jornal \u201cTribuna de Minas\u201d desde 2004. Atua em grandes apura\u00e7\u00f5es, como a s\u00e9rie &#8220;Vidas perdidas &#8211; um raio X dos homic\u00eddios em JF&#8221;. Tratou das diversas formas de viol\u00eancia contra a mulher no caderno especial &#8220;Mulheres de Luta&#8221;. Venceu o pr\u00eamio \u201cElo\u00edsio Furtado\u201d, com a reportagem sobre moradores de rua que vivem sob as pontes da cidade.<\/span><\/p>\n<p><b>CULTURA:<\/b><span style=\"font-weight: 400;\"> Margareth Assis Marinho \u2013 Autora de livros infantis, \u00e9 respons\u00e1vel pelos projetos de incentivo \u00e0 leitura da Biblioteca Municipal Murilo Mendes, onde articula os projetos \u201cEscola de Escritores\u201d e \u201cCh\u00e1 com Poesia\u201d. Criadora do Fest Ler (Festival de Leituras de Juiz de Fora). Com o Projeto \u201cCa\u00e7ada ao Saci\u201d, alcan\u00e7ou o topo em pr\u00eamios nacionais de car\u00e1ter cultural.<\/span><\/p>\n<p><b>DIREITOS HUMANOS:<\/b><span style=\"font-weight: 400;\"> Helena da Motta Salles &#8211; Mestra e Doutora em Ci\u00eancia Pol\u00edtica, foi professora da UFJF de 1980 a 2008. Integrou a Comiss\u00e3o Municipal da Verdade de Juiz de Fora, da qual foi tamb\u00e9m presidente, que investigou atos de desrespeito aos direitos de juiz-foranos durante a ditadura militar. Sempre manteve interse\u00e7\u00f5es com organiza\u00e7\u00f5es e movimentos sociais da cidade.<\/span><\/p>\n<p><b>EDUCA\u00c7\u00c3O:<\/b><span style=\"font-weight: 400;\"> Ana Paula Carvalho &#8211; Fundadora e presidente do \u201cInstituto Aviva\u201d, ONG que oferece atividades ludicodesportivas para crian\u00e7as entre 5 e 14 anos, com necessidades especiais. Sem fins lucrativos, a entidade, criada em 2011, desenvolve a\u00e7\u00f5es que resultam do trabalho de cunho intelectual, f\u00edsico e sensorial.<\/span><\/p>\n<p><b>ESPORTE:<\/b><span style=\"font-weight: 400;\"> Leila Cl\u00e1udio Machado &#8211; Servidora p\u00fablica efetiva h\u00e1 29 anos, desde 2013, atua como Supervisora de Apoio \u00e0 Pesquisa e An\u00e1lise, na Secretaria de Esporte e Lazer. Entre suas fun\u00e7\u00f5e,s apoia a gest\u00e3o dos espa\u00e7os esportivos da cidade, an\u00e1lise das leis esportivas e gest\u00e3o de contratos e conv\u00eanios de esportes da administra\u00e7\u00e3o p\u00fablica.<\/span><\/p>\n<p><b>GERA\u00c7\u00c3O DE EMPREGO:<\/b><span style=\"font-weight: 400;\"> Paula Pinto Machado Germano &#8211; Gerente de Recursos Humanos da \u201cHiperrol Embalagens\u201d, que coordena as equipes dos setores de Departamento Pessoal, Gest\u00e3o de Pessoas, Servi\u00e7os Gerais, Seguran\u00e7a do Trabalho e Departamento Jur\u00eddico. Atual Presidente da Associa\u00e7\u00e3o das Empresas do Distrito Industrial de Juiz de Fora, \u00e9 a primeira mulher a assumir este cargo.<\/span><\/p>\n<p><b>JUSTI\u00c7A:<\/b><span style=\"font-weight: 400;\"> Alessandra Aparecida Benony &#8211; Advogada, foi a primeira da sua gera\u00e7\u00e3o a defender v\u00edtimas de crimes como racismo e homofobia. Participa de a\u00e7\u00f5es sociais para mulheres e sua coloca\u00e7\u00e3o no mercado de trabalho. Participou do Programa Nacional das Na\u00e7\u00f5es Unidas para o Desenvolvimento (PNUD) para aumento da participa\u00e7\u00e3o da mulher negra nas rela\u00e7\u00f5es sociais.<\/span><\/p>\n<p><b>M\u00daSICA:<\/b><span style=\"font-weight: 400;\"> Aline Crispim Cardoso &#8211; Iniciou voca\u00e7\u00e3o de canto no coral da Igreja Cat\u00f3lica de Santo Ant\u00f4nio. Em 2014, come\u00e7ou a atuar profissionalmente como backing vocal at\u00e9 chegar ao seu projeto solo. Participou de importantes movimentos musicais como \u201cPrimeiro Encontro Nacional de Mulheres no Samba de Roda\u201d, \u201cProjeto Elas, Voz e Can\u00e7\u00f5es\u201d e \u201c Guerreiras de Clara\u201d.<\/span><\/p>\n<p><b>POL\u00cdTICA:<\/b><span style=\"font-weight: 400;\"> Tammy Angelina Mendon\u00e7a Claret \u2013 Atual secret\u00e1ria de Desenvolvimento Social de Juiz de Fora. Foi a respons\u00e1vel pela implanta\u00e7\u00e3o pioneira da pol\u00edtica de Vigil\u00e2ncia Social no munic\u00edpio, feito reconhecido pelo ent\u00e3o Minist\u00e9rio de Desenvolvimento Social. Tem s\u00f3lida experi\u00eancia na gest\u00e3o de pol\u00edticas p\u00fablicas, com \u00eanfase nos setores de planejamento, sa\u00fade e assist\u00eancia social.<\/span><\/p>\n<p><b>SA\u00daDE:<\/b><span style=\"font-weight: 400;\"> Eunice Caldas de Figueiredo Dantas &#8211; Formada em medicina, \u00e9 gastroenterologista. Foi secret\u00e1ria de sa\u00fade nos munic\u00edpios de Santos Dumont, Piau e de Juiz de Fora. Desde 1987, \u00e9 membro do corpo cl\u00ednico da Santa Casa de Miseric\u00f3rdia, onde atualmente ocupa o cargo de diretora m\u00e9dica e t\u00e9cnica. \u00c9 reconhecida pelo seu compromisso \u00e9tico.<\/span><\/p>\n<p><b>SEGURAN\u00c7A P\u00daBLICA:<\/b><span style=\"font-weight: 400;\"> Sandra de Oliveira Ramos Jabour &#8211; Tenente da Pol\u00edcia Militar. Criou a \u201cPatrulha de Preven\u00e7\u00e3o \u00e0 Viol\u00eancia Dom\u00e9stica\u201d, sendo a pioneira neste trabalho. Tamb\u00e9m participou da \u201cRede de Enfrentamento \u00e0 Viol\u00eancia Dom\u00e9stica\u201d. Atua como professora e multiplicadora dessa tem\u00e1tica dentro da Pol\u00edcia Militar.<\/span><\/p>\n<p><b>TERCEIRA IDADE:<\/b><span style=\"font-weight: 400;\"> Jovina Fernandes Gouv\u00eaa \u2013 Exemplo de vitalidade e alegria, \u00e9 uma das mais idosas participantes dos projetos voltados \u00e0 terceira idade da Secretaria de Esporte e Lazer. Tem 81 anos e h\u00e1 dez participa do projeto \u201cEsporte e Cidadania\u201d, atualmente nas modalidades de gin\u00e1stica e de zumba.<\/span><\/p>\n<p><b>TRABALHOS SOCIAIS:<\/b><span style=\"font-weight: 400;\"> Regina Maria Correa Lima Novaes &#8211; Funcion\u00e1ria p\u00fablica aposentada, desde cedo se ocupou de quest\u00f5es sociais. H\u00e1 18 anos, atua na \u201cAssocia\u00e7\u00e3o Esp\u00edrita do Grupo Semente\u201d, sendo sua atual presidente. Trabalhadora volunt\u00e1ria incans\u00e1vel, est\u00e1 presente diariamente na entidade, que atende crian\u00e7as e idosos em situa\u00e7\u00e3o de vulnerabilidade social da regi\u00e3o do Dom Bosco.<\/span><\/p>\n<p><strong>Fonte:<\/strong> Assessoria<\/p>\n","protected":false},"excerpt":{"rendered":"<p>Mulheres que se destacaram em suas \u00e1reas de atua\u00e7\u00e3o, prestando servi\u00e7os relevantes ao munic\u00edpio e \u00e0 comunidade. Esse \u00e9 o perfil das 15 agraciadas com o Trof\u00e9u Mulher Cidad\u00e3. A solenidade de entrega, realizada por meio de agendamentos individuais em fun\u00e7\u00e3o da pandemia do novo coronav\u00edrus, teve in\u00edcio na quarta-feira (9). At\u00e9 esta sexta-feira (11), [&hellip;]<\/p>\n","protected":false},"author":96,"featured_media":174776,"comment_status":"closed","ping_status":"closed","sticky":false,"template":"","format":"standard","meta":{"footnotes":""},"categories":[436,440,254,439],"tags":[],"class_list":["post-174775","post","type-post","status-publish","format-standard","has-post-thumbnail","hentry","category-destaque-da-semana","category-destaques-do-dia","category-politica","category-ultima-hora"],"_links":{"self":[{"href":"https:\/\/diarioregionaldigital.com.br\/index.php?rest_route=\/wp\/v2\/posts\/174775","targetHints":{"allow":["GET"]}}],"collection":[{"href":"https:\/\/diarioregionaldigital.com.br\/index.php?rest_route=\/wp\/v2\/posts"}],"about":[{"href":"https:\/\/diarioregionaldigital.com.br\/index.php?rest_route=\/wp\/v2\/types\/post"}],"author":[{"embeddable":true,"href":"https:\/\/diarioregionaldigital.com.br\/index.php?rest_route=\/wp\/v2\/users\/96"}],"replies":[{"embeddable":true,"href":"https:\/\/diarioregionaldigital.com.br\/index.php?rest_route=%2Fwp%2Fv2%2Fcomments&post=174775"}],"version-history":[{"count":0,"href":"https:\/\/diarioregionaldigital.com.br\/index.php?rest_route=\/wp\/v2\/posts\/174775\/revisions"}],"wp:featuredmedia":[{"embeddable":true,"href":"https:\/\/diarioregionaldigital.com.br\/index.php?rest_route=\/wp\/v2\/media\/174776"}],"wp:attachment":[{"href":"https:\/\/diarioregionaldigital.com.br\/index.php?rest_route=%2Fwp%2Fv2%2Fmedia&parent=174775"}],"wp:term":[{"taxonomy":"category","embeddable":true,"href":"https:\/\/diarioregionaldigital.com.br\/index.php?rest_route=%2Fwp%2Fv2%2Fcategories&post=174775"},{"taxonomy":"post_tag","embeddable":true,"href":"https:\/\/diarioregionaldigital.com.br\/index.php?rest_route=%2Fwp%2Fv2%2Ftags&post=174775"}],"curies":[{"name":"wp","href":"https:\/\/api.w.org\/{rel}","templated":true}]}}