{"id":174714,"date":"2020-12-09T15:28:37","date_gmt":"2020-12-09T18:28:37","guid":{"rendered":"https:\/\/diarioregionaldigital.com.br\/?p=174714"},"modified":"2020-12-09T15:28:37","modified_gmt":"2020-12-09T18:28:37","slug":"confirmado-para-2021-pela-haas-o-piloto-russo-nikita-mazepin-e-acusado-de-assedio","status":"publish","type":"post","link":"https:\/\/diarioregionaldigital.com.br\/?p=174714","title":{"rendered":"Confirmado para 2021 pela Haas, o piloto russo Nikita Mazepin, \u00e9 acusado de ass\u00e9dio"},"content":{"rendered":"<p><span style=\"font-weight: 400;\">Passada uma semana ap\u00f3s o an\u00fancio oficial da Haas, o piloto russo Nikita Mazepin, foi acusado de ass\u00e9dio sexual, ap\u00f3s publicar um v\u00eddeo em suas redes sociais, no qual ele tenta colocar a m\u00e3o dentro da blusa de uma jovem. Na ocasi\u00e3o, Mazepin estava em um carro, acompanhado dos amigos e da mulher. O caso ocorreu em Abu Dhabi, nos Emirados \u00c1rabes Unidos, e j\u00e1 foi comentado pela Haas, bem como pelo pr\u00f3prio piloto.\u00a0<\/span><\/p>\n<p><span style=\"font-weight: 400;\">Apesar do v\u00eddeo ter sido exclu\u00eddo, diversos usu\u00e1rios do mundo inteiro tiveram acesso \u00e0s imagens e fizeram compartilhamentos, como forma de rep\u00fadio. Aqui no Brasil, o assunto ficou nos <\/span><i><span style=\"font-weight: 400;\">trending topics <\/span><\/i><span style=\"font-weight: 400;\">do Twitter, por ter sido bastante comentado. Em outros pa\u00edses, f\u00e3s da F1 fizeram um abaixo-assinado pedindo a demiss\u00e3o de Mazepin. At\u00e9 ent\u00e3o, foram feitas 11 mil assinaturas.<\/span><\/p>\n<p><span style=\"font-weight: 400;\">Em publica\u00e7\u00e3o pelo Twitter, a Haas repudia o ato cometido pelo jovem russo e que o assunto ser\u00e1 resolvido internamente, \u201cA Haas n\u00e3o apoia o comportamento de Nikita Mazepin no v\u00eddeo recentemente postado em suas redes sociais. Al\u00e9m disso, o fato de que o v\u00eddeo foi publicado em uma rede social tamb\u00e9m \u00e9 repugnante para a Haas. O assunto est\u00e1 sendo tratado internamente e nenhum coment\u00e1rio adicional ser\u00e1 feito neste momento\u201d.<\/span><\/p>\n<p><span style=\"font-weight: 400;\">O pr\u00f3prio Mazepin, tamb\u00e9m fez um breve pronunciamento sobre o caso, atrav\u00e9s de sua conta do Instagram, \u201cEu gostaria de me desculpar pelas minhas a\u00e7\u00f5es recentes do meu pr\u00f3prio comportamento inadequado e pelo fato de ter sido postado em uma m\u00eddia social. Pe\u00e7o desculpas pela ofensa que eu certamente causei e pelo constrangimento que trouxe para a Haas F1. Eu tenho que me manter em um alto padr\u00e3o como piloto de F\u00f3rmula 1 e reconhe\u00e7o que decepcionei a mim pr\u00f3prio e muitas pessoas. Prometo que vou aprender com isso\u201d.<\/span><\/p>\n<p><b>Problemas dentro e fora das pistas<\/b><\/p>\n<p><span style=\"font-weight: 400;\">O hist\u00f3rico de Nikita Mazepin dentro e fora das pistas, n\u00e3o \u00e9 nem um pouco favor\u00e1vel ao jovem russo. Por conta disso, ele vem sendo criticado pelas atitudes antidesportivas. Em 2016, ele foi suspenso de uma corrida da F3, ap\u00f3s desferir um soco no ingl\u00eas Callum Ilott, por conta de um desentendimento na pista.<\/span><\/p>\n<p><span style=\"font-weight: 400;\">Na pen\u00faltima etapa da atual temporada da F2, Mazepin foi punido em duas ocasi\u00f5es, ap\u00f3s uma s\u00e9rie de manobras antidesportivas contra o brasileiro Felipe Drugovich e o japon\u00eas Yuki Tsunoda. O piloto russo at\u00e9 subiu ao p\u00f3dio, mas a dire\u00e7\u00e3o de prova aplicou puni\u00e7\u00e3o de 10 segundos em seu tempo, fazendo com que ca\u00edsse para a nona posi\u00e7\u00e3o na corrida.<\/span><\/p>\n<p><span style=\"font-weight: 400;\">Fora das pistas, Mazepin foi protagonista de publica\u00e7\u00f5es pol\u00eamicas na internet. A primeira delas, ele \u201ccomemora\u201d o anivers\u00e1rio de um ano do primeiro caso de Covid-19. A outra situa\u00e7\u00e3o foi em uma live feita por George Russell, titular da Williams e substituto de Lewis Hamilton na Mercedes, onde o russo sugeriu em tom de piada, de que o jovem ingl\u00eas estaria \u201csaindo do arm\u00e1rio\u201d, cuja brincadeira n\u00e3o foi bem vista pelos f\u00e3s.<\/span><\/p>\n","protected":false},"excerpt":{"rendered":"<p>Passada uma semana ap\u00f3s o an\u00fancio oficial da Haas, o piloto russo Nikita Mazepin, foi acusado de ass\u00e9dio sexual, ap\u00f3s publicar um v\u00eddeo em suas redes sociais, no qual ele tenta colocar a m\u00e3o dentro da blusa de uma jovem. Na ocasi\u00e3o, Mazepin estava em um carro, acompanhado dos amigos e da mulher. O caso [&hellip;]<\/p>\n","protected":false},"author":96,"featured_media":174715,"comment_status":"closed","ping_status":"closed","sticky":false,"template":"","format":"standard","meta":{"footnotes":""},"categories":[436,257,439],"tags":[],"class_list":["post-174714","post","type-post","status-publish","format-standard","has-post-thumbnail","hentry","category-destaque-da-semana","category-esporte","category-ultima-hora"],"_links":{"self":[{"href":"https:\/\/diarioregionaldigital.com.br\/index.php?rest_route=\/wp\/v2\/posts\/174714","targetHints":{"allow":["GET"]}}],"collection":[{"href":"https:\/\/diarioregionaldigital.com.br\/index.php?rest_route=\/wp\/v2\/posts"}],"about":[{"href":"https:\/\/diarioregionaldigital.com.br\/index.php?rest_route=\/wp\/v2\/types\/post"}],"author":[{"embeddable":true,"href":"https:\/\/diarioregionaldigital.com.br\/index.php?rest_route=\/wp\/v2\/users\/96"}],"replies":[{"embeddable":true,"href":"https:\/\/diarioregionaldigital.com.br\/index.php?rest_route=%2Fwp%2Fv2%2Fcomments&post=174714"}],"version-history":[{"count":0,"href":"https:\/\/diarioregionaldigital.com.br\/index.php?rest_route=\/wp\/v2\/posts\/174714\/revisions"}],"wp:featuredmedia":[{"embeddable":true,"href":"https:\/\/diarioregionaldigital.com.br\/index.php?rest_route=\/wp\/v2\/media\/174715"}],"wp:attachment":[{"href":"https:\/\/diarioregionaldigital.com.br\/index.php?rest_route=%2Fwp%2Fv2%2Fmedia&parent=174714"}],"wp:term":[{"taxonomy":"category","embeddable":true,"href":"https:\/\/diarioregionaldigital.com.br\/index.php?rest_route=%2Fwp%2Fv2%2Fcategories&post=174714"},{"taxonomy":"post_tag","embeddable":true,"href":"https:\/\/diarioregionaldigital.com.br\/index.php?rest_route=%2Fwp%2Fv2%2Ftags&post=174714"}],"curies":[{"name":"wp","href":"https:\/\/api.w.org\/{rel}","templated":true}]}}