{"id":174711,"date":"2020-12-09T14:52:25","date_gmt":"2020-12-09T17:52:25","guid":{"rendered":"https:\/\/diarioregionaldigital.com.br\/?p=174711"},"modified":"2020-12-09T14:52:25","modified_gmt":"2020-12-09T17:52:25","slug":"ginastica-de-trampolim-se-despede-da-missao-europa-com-apresentacao-ao-vivo-pela-internet","status":"publish","type":"post","link":"https:\/\/diarioregionaldigital.com.br\/?p=174711","title":{"rendered":"Gin\u00e1stica de Trampolim se despede da Miss\u00e3o Europa com apresenta\u00e7\u00e3o ao vivo pela internet"},"content":{"rendered":"<p><span style=\"font-weight: 400;\">A segunda etapa da gin\u00e1stica na Miss\u00e3o Europa, parceria do Comit\u00ea Ol\u00edmpico do Brasil e Confedera\u00e7\u00e3o Brasileira de Gin\u00e1stica, foi exclusivamente voltada para a Gin\u00e1stica de Trampolim. Realizado em Sangalhos, na regi\u00e3o central de Portugal, o training camp chega a seus \u00faltimos dias e reuniu, durante quatro semanas, os atletas Alice Gomes, Camilla Gomes, Lucas Junio Tobias e Rayan Dutra e a comiss\u00e3o t\u00e9cnica. Para encerrar a experi\u00eancia na Miss\u00e3o Europa, a CBG realizou uma apresenta\u00e7\u00e3o ao vivo nessa quarta-feira (9), dos atletas diretamente de Sangalhos.\u00a0<\/span><\/p>\n<p><span style=\"font-weight: 400;\">\u201cEsse mergulho intensivo na modalidade \u00e9 muito proveitoso. N\u00f3s aqui comemos, bebemos e respiramos Gin\u00e1stica de Trampolim. \u00c9 um trabalho que liga tudo, treinamento preventivo, fisioterapia, todos os recursos que precisamos mobilizar para poder crescer na modalidade. E tem tamb\u00e9m o nosso clima interno \u2013 um incentiva o outro, e a equipe refor\u00e7a sua uni\u00e3o\u201d, assinala Tatiana Figueiredo, Coordenadora da Sele\u00e7\u00e3o de Gin\u00e1stica de Trampolim.<\/span><\/p>\n<p><span style=\"font-weight: 400;\">Alexandro Rungue, um dos treinadores da Sele\u00e7\u00e3o Brasileira, tamb\u00e9m exalta o investimento da Confedera\u00e7\u00e3o Brasileira de Gin\u00e1stica e do Comit\u00ea Ol\u00edmpico do Brasil, respons\u00e1veis pela estrutura\u00e7\u00e3o desse ciclo de treinamento em instala\u00e7\u00f5es de ponta. \u201cVejo esse per\u00edodo de prepara\u00e7\u00e3o como um marco na hist\u00f3ria da Gin\u00e1stica de Trampolim brasileira. Todos n\u00f3s estamos nos sentindo valorizados e muito motivados\u201d, diz Alexandro. \u201c\u00c9 gratificante demais tamb\u00e9m sabermos que os atletas j\u00e1 est\u00e3o inscritos na etapa de Baku da Copa do Mundo, nos dias 13 e 14 de fevereiro\u201d, acrescenta o treinador.<\/span><\/p>\n<p><span style=\"font-weight: 400;\">\u201c\u00c9 muito bacana termos os atletas juntos, focados, compartilhando experi\u00eancias. Nossa vida aqui \u00e9 do hotel pro gin\u00e1sio, do gin\u00e1sio pro hotel, com treinos em dois per\u00edodos. E com prepara\u00e7\u00e3o f\u00edsica muito bem trabalhada, exerc\u00edcios de preven\u00e7\u00e3o. Tem funcionado muito como um intensiv\u00e3o para definirmos s\u00e9ries\u201d, define Alexandro.<\/span><\/p>\n<p><strong>Fonte:<\/strong> COB<\/p>\n","protected":false},"excerpt":{"rendered":"<p>A segunda etapa da gin\u00e1stica na Miss\u00e3o Europa, parceria do Comit\u00ea Ol\u00edmpico do Brasil e Confedera\u00e7\u00e3o Brasileira de Gin\u00e1stica, foi exclusivamente voltada para a Gin\u00e1stica de Trampolim. Realizado em Sangalhos, na regi\u00e3o central de Portugal, o training camp chega a seus \u00faltimos dias e reuniu, durante quatro semanas, os atletas Alice Gomes, Camilla Gomes, Lucas [&hellip;]<\/p>\n","protected":false},"author":96,"featured_media":174712,"comment_status":"closed","ping_status":"closed","sticky":false,"template":"","format":"standard","meta":{"footnotes":""},"categories":[436,257,439],"tags":[],"class_list":["post-174711","post","type-post","status-publish","format-standard","has-post-thumbnail","hentry","category-destaque-da-semana","category-esporte","category-ultima-hora"],"_links":{"self":[{"href":"https:\/\/diarioregionaldigital.com.br\/index.php?rest_route=\/wp\/v2\/posts\/174711","targetHints":{"allow":["GET"]}}],"collection":[{"href":"https:\/\/diarioregionaldigital.com.br\/index.php?rest_route=\/wp\/v2\/posts"}],"about":[{"href":"https:\/\/diarioregionaldigital.com.br\/index.php?rest_route=\/wp\/v2\/types\/post"}],"author":[{"embeddable":true,"href":"https:\/\/diarioregionaldigital.com.br\/index.php?rest_route=\/wp\/v2\/users\/96"}],"replies":[{"embeddable":true,"href":"https:\/\/diarioregionaldigital.com.br\/index.php?rest_route=%2Fwp%2Fv2%2Fcomments&post=174711"}],"version-history":[{"count":0,"href":"https:\/\/diarioregionaldigital.com.br\/index.php?rest_route=\/wp\/v2\/posts\/174711\/revisions"}],"wp:featuredmedia":[{"embeddable":true,"href":"https:\/\/diarioregionaldigital.com.br\/index.php?rest_route=\/wp\/v2\/media\/174712"}],"wp:attachment":[{"href":"https:\/\/diarioregionaldigital.com.br\/index.php?rest_route=%2Fwp%2Fv2%2Fmedia&parent=174711"}],"wp:term":[{"taxonomy":"category","embeddable":true,"href":"https:\/\/diarioregionaldigital.com.br\/index.php?rest_route=%2Fwp%2Fv2%2Fcategories&post=174711"},{"taxonomy":"post_tag","embeddable":true,"href":"https:\/\/diarioregionaldigital.com.br\/index.php?rest_route=%2Fwp%2Fv2%2Ftags&post=174711"}],"curies":[{"name":"wp","href":"https:\/\/api.w.org\/{rel}","templated":true}]}}