{"id":174708,"date":"2020-12-09T14:45:50","date_gmt":"2020-12-09T17:45:50","guid":{"rendered":"https:\/\/diarioregionaldigital.com.br\/?p=174708"},"modified":"2020-12-09T14:45:50","modified_gmt":"2020-12-09T17:45:50","slug":"funalfa-adia-oficialmente-o-carnaval-2021","status":"publish","type":"post","link":"https:\/\/diarioregionaldigital.com.br\/?p=174708","title":{"rendered":"Funalfa adia oficialmente o Carnaval 2021"},"content":{"rendered":"<p><span style=\"font-weight: 400;\">Em comunicado oficial, a Funda\u00e7\u00e3o Cultural \u201cAlfredo Ferreira Lage\u201d (Funalfa), informa que o Carnaval 2021 em Juiz de Fora est\u00e1 oficialmente adiado, por conta da piora no cen\u00e1rio do Coronav\u00edrus pelo munic\u00edpio, bem como as novas restri\u00e7\u00f5es da \u201conda amarela\u201d do \u201cMinas Consciente\u201d.\u00a0<\/span><\/p>\n<p><span style=\"font-weight: 400;\">Al\u00e9m disso, a Diretora-geral da Funalfa, Tamires Fortuna informa que \u201cem virtude da iminente troca, optamos por deixar a cargo da pr\u00f3xima gest\u00e3o municipal a formaliza\u00e7\u00e3o de uma nova data para a realiza\u00e7\u00e3o dos eventos do Carnaval 2021\u201d.\u00a0<\/span><\/p>\n<p><span style=\"font-weight: 400;\">Conforme a gerente do Departamento de Acesso \u00e0 Cultura, Giovana Bellini, \u201cos \u00faltimos meses do ano s\u00e3o reservados para a equipe come\u00e7ar as movimenta\u00e7\u00f5es e conversas sobre o carnaval e poss\u00edveis lan\u00e7amentos de editais de apoio aos blocos carnavalescos. Por\u00e9m, assim como outras atividades culturais da cidade, a iniciativa foi sendo adiada com a evolu\u00e7\u00e3o da pandemia. J\u00e1 era a hora de montar o edital e chamar os representantes da comiss\u00e3o do carnaval para come\u00e7armos os trabalhos, mas esse ano foi dif\u00edcil definir os eventos sem uma previs\u00e3o de melhora da Covid-19\u201d.<\/span><\/p>\n","protected":false},"excerpt":{"rendered":"<p>Em comunicado oficial, a Funda\u00e7\u00e3o Cultural \u201cAlfredo Ferreira Lage\u201d (Funalfa), informa que o Carnaval 2021 em Juiz de Fora est\u00e1 oficialmente adiado, por conta da piora no cen\u00e1rio do Coronav\u00edrus pelo munic\u00edpio, bem como as novas restri\u00e7\u00f5es da \u201conda amarela\u201d do \u201cMinas Consciente\u201d.\u00a0 Al\u00e9m disso, a Diretora-geral da Funalfa, Tamires Fortuna informa que \u201cem virtude [&hellip;]<\/p>\n","protected":false},"author":96,"featured_media":174709,"comment_status":"closed","ping_status":"closed","sticky":false,"template":"","format":"standard","meta":{"footnotes":""},"categories":[256,436,440,439],"tags":[],"class_list":["post-174708","post","type-post","status-publish","format-standard","has-post-thumbnail","hentry","category-cultura","category-destaque-da-semana","category-destaques-do-dia","category-ultima-hora"],"_links":{"self":[{"href":"https:\/\/diarioregionaldigital.com.br\/index.php?rest_route=\/wp\/v2\/posts\/174708","targetHints":{"allow":["GET"]}}],"collection":[{"href":"https:\/\/diarioregionaldigital.com.br\/index.php?rest_route=\/wp\/v2\/posts"}],"about":[{"href":"https:\/\/diarioregionaldigital.com.br\/index.php?rest_route=\/wp\/v2\/types\/post"}],"author":[{"embeddable":true,"href":"https:\/\/diarioregionaldigital.com.br\/index.php?rest_route=\/wp\/v2\/users\/96"}],"replies":[{"embeddable":true,"href":"https:\/\/diarioregionaldigital.com.br\/index.php?rest_route=%2Fwp%2Fv2%2Fcomments&post=174708"}],"version-history":[{"count":0,"href":"https:\/\/diarioregionaldigital.com.br\/index.php?rest_route=\/wp\/v2\/posts\/174708\/revisions"}],"wp:featuredmedia":[{"embeddable":true,"href":"https:\/\/diarioregionaldigital.com.br\/index.php?rest_route=\/wp\/v2\/media\/174709"}],"wp:attachment":[{"href":"https:\/\/diarioregionaldigital.com.br\/index.php?rest_route=%2Fwp%2Fv2%2Fmedia&parent=174708"}],"wp:term":[{"taxonomy":"category","embeddable":true,"href":"https:\/\/diarioregionaldigital.com.br\/index.php?rest_route=%2Fwp%2Fv2%2Fcategories&post=174708"},{"taxonomy":"post_tag","embeddable":true,"href":"https:\/\/diarioregionaldigital.com.br\/index.php?rest_route=%2Fwp%2Fv2%2Ftags&post=174708"}],"curies":[{"name":"wp","href":"https:\/\/api.w.org\/{rel}","templated":true}]}}