{"id":174704,"date":"2020-12-09T14:31:41","date_gmt":"2020-12-09T17:31:41","guid":{"rendered":"https:\/\/diarioregionaldigital.com.br\/?p=174704"},"modified":"2020-12-09T14:31:41","modified_gmt":"2020-12-09T17:31:41","slug":"operacao-da-prf-resulta-na-apreensao-de-30-mil-litros-de-etanol-irregular","status":"publish","type":"post","link":"https:\/\/diarioregionaldigital.com.br\/?p=174704","title":{"rendered":"Opera\u00e7\u00e3o da PRF resulta na apreens\u00e3o de 30 mil litros de etanol irregular"},"content":{"rendered":"<p><span style=\"font-weight: 400;\">Durante uma opera\u00e7\u00e3o realizada na noite de ter\u00e7a-feira (8) na BR-267 em Juiz de Fora, a Pol\u00edcia Rodovi\u00e1ria Federal (PRF) apreendeu uma carreta, que transportava 30 mil litros de etanol irregular. Conforme informa\u00e7\u00f5es da corpora\u00e7\u00e3o, o material seria entregue em um posto localizado na Regi\u00e3o Central do munic\u00edpio. O estabelecimento \u00e9 conhecido por praticar pre\u00e7os baixos e \u00e9 bastante procurado por donos de ve\u00edculos em busca de economia.<\/span><\/p>\n<p><span style=\"font-weight: 400;\">O condutor do ve\u00edculo foi abordado pelos policiais e durante os relatos, apresentou um documento fiscal que gerou suspeitas, uma vez que n\u00e3o representava a real opera\u00e7\u00e3o fiscal que estava sendo realizada. Ao verificar detalhadamente a carga e fazer pesquisas nos sistemas de informa\u00e7\u00e3o, foi constatada a fraude fiscal.<\/span><\/p>\n<p><span style=\"font-weight: 400;\">A PRF informa que, \u201cvem atuando fortemente no combate a fraude fiscal no transporte de combust\u00edveis que trafegam nas rodovias federais que cortam a Zona da Mata Mineira. Desde 2017, j\u00e1 foram mais de 1,5 milh\u00e3o de litros de combust\u00edveis apreendidos e encaminhados \u00e0 Pol\u00edcia Civil, Receita Estadual e Promotoria de Crimes Contra a Economia\u201d.<\/span><\/p>\n<p><span style=\"font-weight: 400;\">Boa parte do combust\u00edvel apreendido, seria levada \u00e0 regi\u00e3o metropolitana do Rio de Janeiro, por\u00e9m, segundo a PRF, \u201cnas \u00faltimas apreens\u00f5es, alguns ve\u00edculos fariam entregas em postos de combust\u00edveis de Juiz de Fora\u201d.<\/span><\/p>\n","protected":false},"excerpt":{"rendered":"<p>Durante uma opera\u00e7\u00e3o realizada na noite de ter\u00e7a-feira (8) na BR-267 em Juiz de Fora, a Pol\u00edcia Rodovi\u00e1ria Federal (PRF) apreendeu uma carreta, que transportava 30 mil litros de etanol irregular. Conforme informa\u00e7\u00f5es da corpora\u00e7\u00e3o, o material seria entregue em um posto localizado na Regi\u00e3o Central do munic\u00edpio. O estabelecimento \u00e9 conhecido por praticar pre\u00e7os [&hellip;]<\/p>\n","protected":false},"author":96,"featured_media":174705,"comment_status":"closed","ping_status":"closed","sticky":false,"template":"","format":"standard","meta":{"footnotes":""},"categories":[301,436,440,439],"tags":[],"class_list":["post-174704","post","type-post","status-publish","format-standard","has-post-thumbnail","hentry","category-artigos-policiais","category-destaque-da-semana","category-destaques-do-dia","category-ultima-hora"],"_links":{"self":[{"href":"https:\/\/diarioregionaldigital.com.br\/index.php?rest_route=\/wp\/v2\/posts\/174704","targetHints":{"allow":["GET"]}}],"collection":[{"href":"https:\/\/diarioregionaldigital.com.br\/index.php?rest_route=\/wp\/v2\/posts"}],"about":[{"href":"https:\/\/diarioregionaldigital.com.br\/index.php?rest_route=\/wp\/v2\/types\/post"}],"author":[{"embeddable":true,"href":"https:\/\/diarioregionaldigital.com.br\/index.php?rest_route=\/wp\/v2\/users\/96"}],"replies":[{"embeddable":true,"href":"https:\/\/diarioregionaldigital.com.br\/index.php?rest_route=%2Fwp%2Fv2%2Fcomments&post=174704"}],"version-history":[{"count":0,"href":"https:\/\/diarioregionaldigital.com.br\/index.php?rest_route=\/wp\/v2\/posts\/174704\/revisions"}],"wp:featuredmedia":[{"embeddable":true,"href":"https:\/\/diarioregionaldigital.com.br\/index.php?rest_route=\/wp\/v2\/media\/174705"}],"wp:attachment":[{"href":"https:\/\/diarioregionaldigital.com.br\/index.php?rest_route=%2Fwp%2Fv2%2Fmedia&parent=174704"}],"wp:term":[{"taxonomy":"category","embeddable":true,"href":"https:\/\/diarioregionaldigital.com.br\/index.php?rest_route=%2Fwp%2Fv2%2Fcategories&post=174704"},{"taxonomy":"post_tag","embeddable":true,"href":"https:\/\/diarioregionaldigital.com.br\/index.php?rest_route=%2Fwp%2Fv2%2Ftags&post=174704"}],"curies":[{"name":"wp","href":"https:\/\/api.w.org\/{rel}","templated":true}]}}