{"id":174701,"date":"2020-12-09T14:21:13","date_gmt":"2020-12-09T17:21:13","guid":{"rendered":"https:\/\/diarioregionaldigital.com.br\/?p=174701"},"modified":"2020-12-09T14:21:13","modified_gmt":"2020-12-09T17:21:13","slug":"pm-apreende-veiculo-clonado-na-regiao-norte-de-juiz-de-fora","status":"publish","type":"post","link":"https:\/\/diarioregionaldigital.com.br\/?p=174701","title":{"rendered":"PM apreende ve\u00edculo clonado na Regi\u00e3o Norte de Juiz de Fora"},"content":{"rendered":"<p>Durante uma opera\u00e7\u00e3o realizada no Bairro Ara\u00fajo (Regi\u00e3o Norte) em Juiz de Fora, a Pol\u00edcia Militar (PM) apreendeu um autom\u00f3vel com cinco ocupantes e este apresentava sinais de adultera\u00e7\u00e3o na CRLV, bem como nos sinais de identifica\u00e7\u00e3o. Durante a abordagem e com aux\u00edlio da Patran, foi constatado que o ve\u00edculo era clonado.<\/p>\n<p>Atrav\u00e9s de pesquisas feitas pela equipe de intelig\u00eancia, o autom\u00f3vel original encontrava-se em poder leg\u00edtimo de seu propriet\u00e1rio em Barbacena. Al\u00e9m disso, em contato com policiais militares de Vi\u00e7osa, foi verificado que o carro havia sido tomado de assalto no m\u00eas de setembro, no mesmo munic\u00edpio de Vi\u00e7osa. Diante dos fatos, um homem de 40 anos foi preso em flagrante e conduzido para a Delegacia.<\/p>\n","protected":false},"excerpt":{"rendered":"<p>Durante uma opera\u00e7\u00e3o realizada no Bairro Ara\u00fajo (Regi\u00e3o Norte) em Juiz de Fora, a Pol\u00edcia Militar (PM) apreendeu um autom\u00f3vel com cinco ocupantes e este apresentava sinais de adultera\u00e7\u00e3o na CRLV, bem como nos sinais de identifica\u00e7\u00e3o. Durante a abordagem e com aux\u00edlio da Patran, foi constatado que o ve\u00edculo era clonado. Atrav\u00e9s de pesquisas [&hellip;]<\/p>\n","protected":false},"author":96,"featured_media":174702,"comment_status":"closed","ping_status":"closed","sticky":false,"template":"","format":"standard","meta":{"footnotes":""},"categories":[301,436,439],"tags":[],"class_list":["post-174701","post","type-post","status-publish","format-standard","has-post-thumbnail","hentry","category-artigos-policiais","category-destaque-da-semana","category-ultima-hora"],"_links":{"self":[{"href":"https:\/\/diarioregionaldigital.com.br\/index.php?rest_route=\/wp\/v2\/posts\/174701","targetHints":{"allow":["GET"]}}],"collection":[{"href":"https:\/\/diarioregionaldigital.com.br\/index.php?rest_route=\/wp\/v2\/posts"}],"about":[{"href":"https:\/\/diarioregionaldigital.com.br\/index.php?rest_route=\/wp\/v2\/types\/post"}],"author":[{"embeddable":true,"href":"https:\/\/diarioregionaldigital.com.br\/index.php?rest_route=\/wp\/v2\/users\/96"}],"replies":[{"embeddable":true,"href":"https:\/\/diarioregionaldigital.com.br\/index.php?rest_route=%2Fwp%2Fv2%2Fcomments&post=174701"}],"version-history":[{"count":0,"href":"https:\/\/diarioregionaldigital.com.br\/index.php?rest_route=\/wp\/v2\/posts\/174701\/revisions"}],"wp:featuredmedia":[{"embeddable":true,"href":"https:\/\/diarioregionaldigital.com.br\/index.php?rest_route=\/wp\/v2\/media\/174702"}],"wp:attachment":[{"href":"https:\/\/diarioregionaldigital.com.br\/index.php?rest_route=%2Fwp%2Fv2%2Fmedia&parent=174701"}],"wp:term":[{"taxonomy":"category","embeddable":true,"href":"https:\/\/diarioregionaldigital.com.br\/index.php?rest_route=%2Fwp%2Fv2%2Fcategories&post=174701"},{"taxonomy":"post_tag","embeddable":true,"href":"https:\/\/diarioregionaldigital.com.br\/index.php?rest_route=%2Fwp%2Fv2%2Ftags&post=174701"}],"curies":[{"name":"wp","href":"https:\/\/api.w.org\/{rel}","templated":true}]}}