{"id":174685,"date":"2020-12-09T14:32:17","date_gmt":"2020-12-09T17:32:17","guid":{"rendered":"https:\/\/diarioregionaldigital.com.br\/?p=174685"},"modified":"2020-12-09T14:32:46","modified_gmt":"2020-12-09T17:32:46","slug":"vereadores-secretario-de-planejamento-e-membros-da-equipe-de-transicao-da-prefeitura-discutem-os-orcamento-de-jf-em-2021","status":"publish","type":"post","link":"https:\/\/diarioregionaldigital.com.br\/?p=174685","title":{"rendered":"Vereadores, secret\u00e1rio de Planejamento e membros da equipe de transi\u00e7\u00e3o da prefeitura discutem os or\u00e7amento de JF em 2021"},"content":{"rendered":"<p><span style=\"font-weight: 400;\">Para discutir as receitas e despesas do munic\u00edpio em 2021, a C\u00e2mara promoveu uma Audi\u00eancia P\u00fablica em que vereadores, representantes do Poder Executivo e membros da equipe de transi\u00e7\u00e3o da Prefeitura estiveram reunidos remotamente para discutir a Lei Or\u00e7ament\u00e1ria Anual (LOA). De acordo com o presidente da C\u00e2mara, Luiz Ot\u00e1vio Fernandes &#8211; Pardal (PSL) o munic\u00edpio ter\u00e1\u00a0 aproximadamente R$2,5 bilh\u00f5es como receita para atender as despesas do or\u00e7amento fiscal, da seguridade social e de investimentos de acordo com a Lei Federal 101\/ 2000. O p\u00fablico p\u00f4de participar da Reuni\u00e3o com envio de questionamentos por meio de aplicativo de mensagens pelo telefone (32) 91832940.<\/span><\/p>\n<p><span style=\"font-weight: 400;\">A complexidade de planejar os recursos para 2021 foi o destaque da apresenta\u00e7\u00e3o do secret\u00e1rio de Planejamento, L\u00facio S\u00e1 Fortes. A diretriz or\u00e7ament\u00e1ria para o pr\u00f3ximo ano foi, de acordo com ele, constru\u00edda pensando em 2021 ainda com muitas incertezas. \u201cH\u00e1 uma realidade com a vacina e outra sem a vacina\u201d, enfatizou L\u00facio. Ele destacou ainda que h\u00e1 uma estimativa de receita e que, dada a conjuntura, o n\u00edvel de incerteza \u00e9 maior. \u201cEm mar\u00e7o e abril a expectativa era de uma queda de PIB de 10% e caiu 4,5% . Embora menor que o previsto, \u00e9 um tombo significativo. Ela n\u00e3o rep\u00f5e o que caiu para 2020\u201d. Ao todo, o munic\u00edpio ter\u00e1 como previs\u00e3o de receita aproximadamente R$ 2.532.769.000, com um d\u00e9ficit j\u00e1 previsto e divulgado pela prefeitura de R$ 71 milh\u00f5es. Dos pouco mais de R$ 2,5 bilh\u00f5es, 41% v\u00e3o para o or\u00e7amento fiscal, 55% para a seguridade social e 4% correspondem ao or\u00e7amento de investimentos (empresas p\u00fablicas). L\u00facio ressaltou as dificuldades que a pr\u00f3xima administra\u00e7\u00e3o do munic\u00edpio, com a prefeita eleita Margarida Salom\u00e3o, ter\u00e1 devido aos problemas econ\u00f4micos do pa\u00eds.\u00a0<\/span><\/p>\n<p><span style=\"font-weight: 400;\">Outro destaque do secret\u00e1rio \u00e9 que a baixa da taxa Selic \u00e9 uma demonstra\u00e7\u00e3o direta de fragilidade da economia nacional. Ele lembrou ainda que a redu\u00e7\u00e3o de custeio, como a que ocorreu para equilibrar o or\u00e7amento em Juiz de Fora, significou deixar de prestar mais servi\u00e7os \u00e0 popula\u00e7\u00e3o. &#8220;O munic\u00edpio perde capacidade de devolver investimento para a cidade. [&#8230;] Uma equa\u00e7\u00e3o dif\u00edcil de fechar. A LOA 2021 reflete a crescente dificuldade de equilibrar as despesas\u201d. Pelos dados apresentados, o munic\u00edpio teve uma queda de receitas correntes de 22%, um crescimento de 23% de gastos com pessoal e encargos e as receitas pr\u00f3prias e transferidas cresceram apenas 3% nos \u00faltimos 4 anos. J\u00e1 os gastos com pessoal foram de 46,49%, com sa\u00fade de 32,8% e educa\u00e7\u00e3o de 30,9%.\u00a0<\/span><\/p>\n<p><span style=\"font-weight: 400;\">A integrante da equipe de transi\u00e7\u00e3o da prefeitura, Cidinha Louzada, apontou que a transi\u00e7\u00e3o ocorre com tranquilidade e que a equipe est\u00e1 se atualizando sobre as condi\u00e7\u00f5es financeiras do munic\u00edpio. Al\u00e9m de Cidinha Louzada, esteve na reuni\u00e3o como equipe de transi\u00e7\u00e3o Martvs Chagas, que ressaltou a preocupa\u00e7\u00e3o da prefeita eleita para a gest\u00e3o inclusiva multifacet\u00e1ria e multirracial.\u00a0<\/span><\/p>\n<p><span style=\"font-weight: 400;\">Al\u00e9m do presidente da Casa que conduziu a Reuni\u00e3o, estiveram presentes os vereadores Rodrigo Mattos (CIDADANIA), Vagner de Oliveira (PSB), Sargento Mello Casal (PTB), membros da Comiss\u00e3o de Finan\u00e7as; Juraci Scheffer (PT), Marlon Siqueira (PP),\u00a0 Ana do Pde. Frederico (PATRIOTA) e Dr. Ant\u00f4nio Aguiar (DEM).<\/span><\/p>\n<p><strong>Fonte:<\/strong> Assessoria<\/p>\n","protected":false},"excerpt":{"rendered":"<p>Para discutir as receitas e despesas do munic\u00edpio em 2021, a C\u00e2mara promoveu uma Audi\u00eancia P\u00fablica em que vereadores, representantes do Poder Executivo e membros da equipe de transi\u00e7\u00e3o da Prefeitura estiveram reunidos remotamente para discutir a Lei Or\u00e7ament\u00e1ria Anual (LOA). De acordo com o presidente da C\u00e2mara, Luiz Ot\u00e1vio Fernandes &#8211; Pardal (PSL) o [&hellip;]<\/p>\n","protected":false},"author":96,"featured_media":174686,"comment_status":"closed","ping_status":"closed","sticky":false,"template":"","format":"standard","meta":{"footnotes":""},"categories":[436,440,254,439],"tags":[],"class_list":["post-174685","post","type-post","status-publish","format-standard","has-post-thumbnail","hentry","category-destaque-da-semana","category-destaques-do-dia","category-politica","category-ultima-hora"],"_links":{"self":[{"href":"https:\/\/diarioregionaldigital.com.br\/index.php?rest_route=\/wp\/v2\/posts\/174685","targetHints":{"allow":["GET"]}}],"collection":[{"href":"https:\/\/diarioregionaldigital.com.br\/index.php?rest_route=\/wp\/v2\/posts"}],"about":[{"href":"https:\/\/diarioregionaldigital.com.br\/index.php?rest_route=\/wp\/v2\/types\/post"}],"author":[{"embeddable":true,"href":"https:\/\/diarioregionaldigital.com.br\/index.php?rest_route=\/wp\/v2\/users\/96"}],"replies":[{"embeddable":true,"href":"https:\/\/diarioregionaldigital.com.br\/index.php?rest_route=%2Fwp%2Fv2%2Fcomments&post=174685"}],"version-history":[{"count":0,"href":"https:\/\/diarioregionaldigital.com.br\/index.php?rest_route=\/wp\/v2\/posts\/174685\/revisions"}],"wp:featuredmedia":[{"embeddable":true,"href":"https:\/\/diarioregionaldigital.com.br\/index.php?rest_route=\/wp\/v2\/media\/174686"}],"wp:attachment":[{"href":"https:\/\/diarioregionaldigital.com.br\/index.php?rest_route=%2Fwp%2Fv2%2Fmedia&parent=174685"}],"wp:term":[{"taxonomy":"category","embeddable":true,"href":"https:\/\/diarioregionaldigital.com.br\/index.php?rest_route=%2Fwp%2Fv2%2Fcategories&post=174685"},{"taxonomy":"post_tag","embeddable":true,"href":"https:\/\/diarioregionaldigital.com.br\/index.php?rest_route=%2Fwp%2Fv2%2Ftags&post=174685"}],"curies":[{"name":"wp","href":"https:\/\/api.w.org\/{rel}","templated":true}]}}