{"id":174655,"date":"2020-12-08T19:43:41","date_gmt":"2020-12-08T22:43:41","guid":{"rendered":"https:\/\/diarioregionaldigital.com.br\/?p=174655"},"modified":"2020-12-08T20:57:57","modified_gmt":"2020-12-08T23:57:57","slug":"pre-reitoria-de-infraestrutura-e-gestao-da-ufjf-publica-edital-para-sistema-publico-de-bicicletas-compartilhadas","status":"publish","type":"post","link":"https:\/\/diarioregionaldigital.com.br\/?p=174655","title":{"rendered":"Pr\u00f3-reitoria de Infraestrutura e Gest\u00e3o da UFJF publica edital para Sistema P\u00fablico de Bicicletas Compartilhadas"},"content":{"rendered":"<p><span style=\"font-weight: 400;\">Foi publicada na segunda-feira (7) pela Pr\u00f3-reitoria de Infraestrutura e Gest\u00e3o (Proinfra), da Universidade Federal de Juiz de Fora (UFJF), o edital para a obten\u00e7\u00e3o de propostas de conv\u00eanio para implanta\u00e7\u00e3o, opera\u00e7\u00e3o e manuten\u00e7\u00e3o de \u201cSistema P\u00fablico de Bicicletas Compartilhadas\u201d do campus-sede.<\/span><\/p>\n<p><span style=\"font-weight: 400;\">Tal parceria possibilita, em contrapartida, a explora\u00e7\u00e3o de marca, por meio de sua divulga\u00e7\u00e3o em espa\u00e7os autorizados, nas 30 bicicletas e na esta\u00e7\u00e3o dos ve\u00edculos.<\/span><\/p>\n<p><span style=\"font-weight: 400;\">A institui\u00e7\u00e3o estipulou prazo at\u00e9 \u00e0s 18h do pr\u00f3ximo dia 22 deste m\u00eas, para que os interessados apresentem suas respectivas propostas, as quais devem atender os requisitos m\u00ednimos, previstos no Edital. Os documentos devem ser transferidos atrav\u00e9s da internet, atrav\u00e9s do e-mail secretaria.proinfra@ufjf.edu.br, com o assunto \u201cEdital de chamamento p\u00fablico n.\u00ba 01\/2020 \u2013 Proinfra\u201d.<\/span><\/p>\n<p><span style=\"font-weight: 400;\">A UFJF informa que o valor mensal do condom\u00ednio pago \u00e0 Universidade n\u00e3o poder\u00e1 ser inferior a R$ 365. A proposta ser\u00e1 declarada ganhadora se apresentar, pela ordem, o maior valor mensal para o condom\u00ednio, e o menor valor para credenciamento anual do usu\u00e1rio, que n\u00e3o poder\u00e1 ser superior a R$ 10.<\/span><\/p>\n<p><span style=\"font-weight: 400;\">Os autores das propostas devem realizar vistorias nas instala\u00e7\u00f5es do local de execu\u00e7\u00e3o dos servi\u00e7os, acompanhado por servidor designado para esse fim, \u00e0s segundas e ter\u00e7as-feiras, das 9h \u00e0s 12h, devendo o agendamento ser efetuado previamente, pelo e-mail secretaria.proinfra@ufjf.edu.br.<\/span><\/p>\n<p><span style=\"font-weight: 400;\">A institui\u00e7\u00e3o determina que a esta\u00e7\u00e3o, contendo as 30 bicicletas, deve ser implantada dentro do prazo de 30 dias a contar da data de publica\u00e7\u00e3o do extrato do conv\u00eanio no Di\u00e1rio Oficial da Uni\u00e3o. A esta\u00e7\u00e3o funcionar\u00e1 todos os dias da semana, das 6h \u00e0s 22h, para retirada das bicicletas. A devolu\u00e7\u00e3o dos ve\u00edculos poder\u00e1 ser feita 24h por dia. <\/span><\/p>\n","protected":false},"excerpt":{"rendered":"<p>Foi publicada na segunda-feira (7) pela Pr\u00f3-reitoria de Infraestrutura e Gest\u00e3o (Proinfra), da Universidade Federal de Juiz de Fora (UFJF), o edital para a obten\u00e7\u00e3o de propostas de conv\u00eanio para implanta\u00e7\u00e3o, opera\u00e7\u00e3o e manuten\u00e7\u00e3o de \u201cSistema P\u00fablico de Bicicletas Compartilhadas\u201d do campus-sede. Tal parceria possibilita, em contrapartida, a explora\u00e7\u00e3o de marca, por meio de sua [&hellip;]<\/p>\n","protected":false},"author":96,"featured_media":174656,"comment_status":"closed","ping_status":"closed","sticky":false,"template":"","format":"standard","meta":{"footnotes":""},"categories":[253,436,439],"tags":[],"class_list":["post-174655","post","type-post","status-publish","format-standard","has-post-thumbnail","hentry","category-cidade","category-destaque-da-semana","category-ultima-hora"],"_links":{"self":[{"href":"https:\/\/diarioregionaldigital.com.br\/index.php?rest_route=\/wp\/v2\/posts\/174655","targetHints":{"allow":["GET"]}}],"collection":[{"href":"https:\/\/diarioregionaldigital.com.br\/index.php?rest_route=\/wp\/v2\/posts"}],"about":[{"href":"https:\/\/diarioregionaldigital.com.br\/index.php?rest_route=\/wp\/v2\/types\/post"}],"author":[{"embeddable":true,"href":"https:\/\/diarioregionaldigital.com.br\/index.php?rest_route=\/wp\/v2\/users\/96"}],"replies":[{"embeddable":true,"href":"https:\/\/diarioregionaldigital.com.br\/index.php?rest_route=%2Fwp%2Fv2%2Fcomments&post=174655"}],"version-history":[{"count":0,"href":"https:\/\/diarioregionaldigital.com.br\/index.php?rest_route=\/wp\/v2\/posts\/174655\/revisions"}],"wp:featuredmedia":[{"embeddable":true,"href":"https:\/\/diarioregionaldigital.com.br\/index.php?rest_route=\/wp\/v2\/media\/174656"}],"wp:attachment":[{"href":"https:\/\/diarioregionaldigital.com.br\/index.php?rest_route=%2Fwp%2Fv2%2Fmedia&parent=174655"}],"wp:term":[{"taxonomy":"category","embeddable":true,"href":"https:\/\/diarioregionaldigital.com.br\/index.php?rest_route=%2Fwp%2Fv2%2Fcategories&post=174655"},{"taxonomy":"post_tag","embeddable":true,"href":"https:\/\/diarioregionaldigital.com.br\/index.php?rest_route=%2Fwp%2Fv2%2Ftags&post=174655"}],"curies":[{"name":"wp","href":"https:\/\/api.w.org\/{rel}","templated":true}]}}