{"id":174643,"date":"2020-12-08T19:09:25","date_gmt":"2020-12-08T22:09:25","guid":{"rendered":"https:\/\/diarioregionaldigital.com.br\/?p=174643"},"modified":"2020-12-08T19:09:25","modified_gmt":"2020-12-08T22:09:25","slug":"juiz-de-fora-tem-mais-12-mortes-confirmadas-por-covid-19","status":"publish","type":"post","link":"https:\/\/diarioregionaldigital.com.br\/?p=174643","title":{"rendered":"Juiz de Fora tem mais 12 mortes confirmadas por Covid-19"},"content":{"rendered":"<p><span style=\"font-weight: 400;\">O novo boletim epidemiol\u00f3gico divulgado nessa ter\u00e7a-feira (8) pela Secretaria de Sa\u00fade (SS) da Prefeitura de Juiz de Fora (PJF), aponta que o munic\u00edpio contabilizou mais 12 mortes por Covid-19, totalizando 361 \u00f3bitos.<\/span><\/p>\n<p><span style=\"font-weight: 400;\">Segundo o levantamento, foram notificados mais 198 novos casos pela doen\u00e7a, acumulando 10.644 pessoas infectadas. Al\u00e9m disso, 35.461 pacientes s\u00e3o suspeitos de terem a doen\u00e7a.<\/span><\/p>\n<p><b>\u00d3bitos<\/b><\/p>\n<p><span style=\"font-weight: 400;\">Idoso, de 70 anos, morreu nesta ter\u00e7a-feira, 8. Comorbidades: Doen\u00e7a Cardiovascular Cr\u00f4nica (DCC), Hipertens\u00e3o Arterial Sist\u00eamica (HAS) e Doen\u00e7a Neurol\u00f3gica Cr\u00f4nica (DNC);<\/span><\/p>\n<p><span style=\"font-weight: 400;\">Homem, de 37 anos, morreu no \u00faltimo s\u00e1bado, 5. Comorbidade: imunodefici\u00eancia;<\/span><\/p>\n<p><span style=\"font-weight: 400;\">Homem, de 41 anos, morreu nessa segunda-feira, 7. Comorbidade: obesidade;<\/span><\/p>\n<p><span style=\"font-weight: 400;\">Idoso, de 77 anos, morreu nessa segunda-feira, 7. Sem comorbidades relatadas;<\/span><\/p>\n<p><span style=\"font-weight: 400;\">Homem, de 52 anos, morreu na \u00faltima sexta-feira, 4. Comorbidades: Doen\u00e7a Cardiovascular Cr\u00f4nica (DCC), Hipertens\u00e3o Arterial Sist\u00eamica (HAS) e Doen\u00e7a Neurol\u00f3gica Cr\u00f4nica (DNC);<\/span><\/p>\n<p><span style=\"font-weight: 400;\">Idoso, de 79 anos, morreu no domingo, 6. Comorbidade: Doen\u00e7a Cardiovascular Cr\u00f4nica (DCC);<\/span><\/p>\n<p><span style=\"font-weight: 400;\">Homem, de 49 anos, morreu morreu na \u00faltima sexta-feira, 4. Comorbidades: Doen\u00e7a Cardiovascular Cr\u00f4nica (DCC) e Hipertens\u00e3o Arterial Sist\u00eamica (HAS);<\/span><\/p>\n<p><span style=\"font-weight: 400;\">Idosa, de 94 anos, morreu na \u00faltima sexta-feira, 4. Comorbidades: Doen\u00e7a Cardiovascular Cr\u00f4nica (DCC) e pneumopatia cr\u00f4nica;<\/span><\/p>\n<p><span style=\"font-weight: 400;\">Idosa, de 69 anos, morreu no domingo, 6. Comorbidades: Hipertens\u00e3o Arterial Sist\u00eamica (HAS), Diabetes Mellitus (DM) e obesidade;<\/span><\/p>\n<p><span style=\"font-weight: 400;\">Idoso, de 66 anos, morreu no dia 1\u00b0 de dezembro. Comorbidades: Hipertens\u00e3o Arterial Sist\u00eamica (HAS) e c\u00e2ncer;<\/span><\/p>\n<p><span style=\"font-weight: 400;\">Idoso, de 66 anos, morreu nessa segunda-feira, 7. Comorbidades: Doen\u00e7a Cardiovascular Cr\u00f4nica (DCC), Hipertens\u00e3o Arterial Sist\u00eamica (HAS) e Diabetes Mellitus (DM);<\/span><\/p>\n<p><span style=\"font-weight: 400;\">Idoso, de 85 anos, morreu na \u00faltima sexta-feira, 4. Sem comorbidades relatadas.<\/span><\/p>\n<p><b>Leitos\u00a0<\/b><\/p>\n<p><span style=\"font-weight: 400;\">Segundo informa\u00e7\u00f5es da PJF, 383 pessoas est\u00e3o hospitalizadas por covid-19 no munic\u00edpio. Ao todo, 123 pacientes ocupam leitos de UTI e 260 de enfermaria (p\u00fablico e privado). A taxa de ocupa\u00e7\u00e3o dos leitos de UTI da rede p\u00fablica \u00e9 de 78,17%. J\u00e1 os leitos de UTI particulares, 85,45% est\u00e3o ocupados. O \u00edndice de ocupa\u00e7\u00e3o de UTI geral (p\u00fablico &#8211; privado) \u00e9 de 80,78%.<\/span><\/p>\n<p><b>Ranking de bairros com maior n\u00famero de casos<\/b><\/p>\n<p><span style=\"font-weight: 400;\">Conforme o novo painel da Prefeitura, os bairros do munic\u00edpio que apresentam maiores n\u00fameros de casos confirmados pela doen\u00e7a s\u00e3o: Centro (605), S\u00e3o Mateus (397), S\u00e3o Pedro (262), Benfica (227), Alto dos Passos (185), Santa Luzia (163), Bom Pastor (159), Progresso (153),\u00a0 Nova Era (150) e Cascatinha (145).<\/span><\/p>\n<p><b>Casos recuperados<\/b><\/p>\n<p><span style=\"font-weight: 400;\">Ainda segundo os dados, Juiz de Fora tem 8.441 pacientes recuperados do Coronav\u00edrus. O total representa 79,30% das pessoas infectadas.<\/span><\/p>\n","protected":false},"excerpt":{"rendered":"<p>O novo boletim epidemiol\u00f3gico divulgado nessa ter\u00e7a-feira (8) pela Secretaria de Sa\u00fade (SS) da Prefeitura de Juiz de Fora (PJF), aponta que o munic\u00edpio contabilizou mais 12 mortes por Covid-19, totalizando 361 \u00f3bitos. Segundo o levantamento, foram notificados mais 198 novos casos pela doen\u00e7a, acumulando 10.644 pessoas infectadas. Al\u00e9m disso, 35.461 pacientes s\u00e3o suspeitos de [&hellip;]<\/p>\n","protected":false},"author":96,"featured_media":174644,"comment_status":"closed","ping_status":"closed","sticky":false,"template":"","format":"standard","meta":{"footnotes":""},"categories":[253,436,440,439],"tags":[],"class_list":["post-174643","post","type-post","status-publish","format-standard","has-post-thumbnail","hentry","category-cidade","category-destaque-da-semana","category-destaques-do-dia","category-ultima-hora"],"_links":{"self":[{"href":"https:\/\/diarioregionaldigital.com.br\/index.php?rest_route=\/wp\/v2\/posts\/174643","targetHints":{"allow":["GET"]}}],"collection":[{"href":"https:\/\/diarioregionaldigital.com.br\/index.php?rest_route=\/wp\/v2\/posts"}],"about":[{"href":"https:\/\/diarioregionaldigital.com.br\/index.php?rest_route=\/wp\/v2\/types\/post"}],"author":[{"embeddable":true,"href":"https:\/\/diarioregionaldigital.com.br\/index.php?rest_route=\/wp\/v2\/users\/96"}],"replies":[{"embeddable":true,"href":"https:\/\/diarioregionaldigital.com.br\/index.php?rest_route=%2Fwp%2Fv2%2Fcomments&post=174643"}],"version-history":[{"count":0,"href":"https:\/\/diarioregionaldigital.com.br\/index.php?rest_route=\/wp\/v2\/posts\/174643\/revisions"}],"wp:featuredmedia":[{"embeddable":true,"href":"https:\/\/diarioregionaldigital.com.br\/index.php?rest_route=\/wp\/v2\/media\/174644"}],"wp:attachment":[{"href":"https:\/\/diarioregionaldigital.com.br\/index.php?rest_route=%2Fwp%2Fv2%2Fmedia&parent=174643"}],"wp:term":[{"taxonomy":"category","embeddable":true,"href":"https:\/\/diarioregionaldigital.com.br\/index.php?rest_route=%2Fwp%2Fv2%2Fcategories&post=174643"},{"taxonomy":"post_tag","embeddable":true,"href":"https:\/\/diarioregionaldigital.com.br\/index.php?rest_route=%2Fwp%2Fv2%2Ftags&post=174643"}],"curies":[{"name":"wp","href":"https:\/\/api.w.org\/{rel}","templated":true}]}}