{"id":174546,"date":"2020-12-07T14:35:33","date_gmt":"2020-12-07T17:35:33","guid":{"rendered":"https:\/\/diarioregionaldigital.com.br\/?p=174546"},"modified":"2020-12-07T14:35:33","modified_gmt":"2020-12-07T17:35:33","slug":"mercado-financeiro-eleva-estimativa-de-inflacao-de-354-para-421","status":"publish","type":"post","link":"https:\/\/diarioregionaldigital.com.br\/?p=174546","title":{"rendered":"Mercado financeiro eleva estimativa de infla\u00e7\u00e3o de 3,54% para 4,21%"},"content":{"rendered":"<p><span style=\"font-weight: 400;\">A estimativa do mercado financeiro para o \u00cdndice Nacional de Pre\u00e7os ao Consumidor Amplo (IPCA) subiu de 3,54% para 4,21%, de acordo com o boletim Focus, divulgado nessa segunda-feira (7), pelo Banco Central (BC). O documento, divulgado \u00e0s segundas-feiras, re\u00fane as proje\u00e7\u00f5es para os principais indicadores da economia.<\/span><\/p>\n<p><span style=\"font-weight: 400;\">Conforme mostra a institui\u00e7\u00e3o, essa \u00e9 a 17\u00aa alta seguida da estimativa e extrapola, pela primeira vez, o centro da meta de infla\u00e7\u00e3o definida pelo Conselho Monet\u00e1rio Nacional (CMN) para este ano, de 4%. Se considerada a margem de 1,5 ponto percentual para cima ou para baixo, o \u00edndice, por\u00e9m, permanece dentro da meta, j\u00e1 que pode variar de 2,5% a 5,5%.<\/span><\/p>\n<p><span style=\"font-weight: 400;\">A proje\u00e7\u00e3o para 2021 tamb\u00e9m foi atualizada, ao cair de 3,47% para 3,34%, destoando da tend\u00eancia verificada at\u00e9 a semana passada, que era de crescimento. As previs\u00f5es para 2022 e 2023 mantiveram-se est\u00e1veis em 3,50% e 3,25%, respectivamente.<\/span><\/p>\n<p><span style=\"font-weight: 400;\">Outra refer\u00eancia que consta do boletim \u00e9 a taxa b\u00e1sica de juros, a Selic, que consiste no principal instrumento usado pelo BC para alcan\u00e7ar a meta de infla\u00e7\u00e3o. Nesta edi\u00e7\u00e3o, tamb\u00e9m foi mantida inalterada, de 2% ao ano para o final de 2020. Segundo as estimativas, a taxa dever\u00e1 ser de 3% ao ano, ao final de 2021, conforme o BC j\u00e1 havia informado no boletim anterior. Em rela\u00e7\u00e3o ao fim de 2022 e 2023, o valor estimado \u00e9 de 4,5% ao ano e 6% ao ano.<\/span><\/p>\n<p><span style=\"font-weight: 400;\">A \u00faltima reuni\u00e3o deste ano do Comit\u00ea de Pol\u00edtica Monet\u00e1ria (Copom), respons\u00e1vel por definir a Selic, est\u00e1 marcada para esta ter\u00e7a (8) e quarta-feira (9).<\/span><\/p>\n<p><span style=\"font-weight: 400;\">A redu\u00e7\u00e3o da Selic favorece o barateamento do cr\u00e9dito e um menor controle da infla\u00e7\u00e3o, o que estimula a produ\u00e7\u00e3o e o consumo da popula\u00e7\u00e3o. Apesar disso, os bancos consideram tamb\u00e9m outros fatores na hora de definir os juros cobrados dos consumidores, como o risco de inadimpl\u00eancia, a margem de lucro e despesas administrativas.<\/span><\/p>\n<p><span style=\"font-weight: 400;\">Quando o Copom aumenta a taxa b\u00e1sica de juros, o objetivo \u00e9 conter a demanda aquecida, e isso causa reflexos nos pre\u00e7os porque os juros mais altos encarecem o cr\u00e9dito e estimulam a poupan\u00e7a.<\/span><\/p>\n<p><span style=\"font-weight: 400;\">Quando a Selic \u00e9 mantida, o comit\u00ea considera que ajustes anteriores foram suficientes para manter a infla\u00e7\u00e3o sob controle.<\/span><\/p>\n<p><b>Atividade econ\u00f4mica e d\u00f3lar<\/b><\/p>\n<p><span style=\"font-weight: 400;\">O mercado financeiro tamb\u00e9m ajustou de 4,50% para 4,40% a previs\u00e3o referente \u00e0 retra\u00e7\u00e3o da economia, neste ano. Da semana passada para c\u00e1, a expectativa de crescimento, em 2021, foi modificada de 3,45% para 3,5%. Para os anos de 2022 e 2023, espera-se que o Produto Interno Bruto (PIB), que resulta da soma de todas as riquezas do pa\u00eds, cres\u00e7a 2,50%.<\/span><\/p>\n<p><span style=\"font-weight: 400;\">Ainda segundo o boletim Focus, a cota\u00e7\u00e3o do d\u00f3lar para o final deste ano est\u00e1 em R$ 5,22 \u2013 valor inferior ao registrado no \u00faltimo levantamento, feito h\u00e1 uma semana, quando estava em R$ 5,36. Para 2021, o mercado financeiro baixou de R$ 5,20 para R$ 5,10 e, para 2022, manteve em R$ 5.<\/span><\/p>\n<p><strong>Fonte:<\/strong> Ag\u00eancia Brasil<\/p>\n","protected":false},"excerpt":{"rendered":"<p>A estimativa do mercado financeiro para o \u00cdndice Nacional de Pre\u00e7os ao Consumidor Amplo (IPCA) subiu de 3,54% para 4,21%, de acordo com o boletim Focus, divulgado nessa segunda-feira (7), pelo Banco Central (BC). O documento, divulgado \u00e0s segundas-feiras, re\u00fane as proje\u00e7\u00f5es para os principais indicadores da economia. Conforme mostra a institui\u00e7\u00e3o, essa \u00e9 a [&hellip;]<\/p>\n","protected":false},"author":96,"featured_media":174547,"comment_status":"closed","ping_status":"closed","sticky":false,"template":"","format":"standard","meta":{"footnotes":""},"categories":[436,261,439],"tags":[],"class_list":["post-174546","post","type-post","status-publish","format-standard","has-post-thumbnail","hentry","category-destaque-da-semana","category-economia","category-ultima-hora"],"_links":{"self":[{"href":"https:\/\/diarioregionaldigital.com.br\/index.php?rest_route=\/wp\/v2\/posts\/174546","targetHints":{"allow":["GET"]}}],"collection":[{"href":"https:\/\/diarioregionaldigital.com.br\/index.php?rest_route=\/wp\/v2\/posts"}],"about":[{"href":"https:\/\/diarioregionaldigital.com.br\/index.php?rest_route=\/wp\/v2\/types\/post"}],"author":[{"embeddable":true,"href":"https:\/\/diarioregionaldigital.com.br\/index.php?rest_route=\/wp\/v2\/users\/96"}],"replies":[{"embeddable":true,"href":"https:\/\/diarioregionaldigital.com.br\/index.php?rest_route=%2Fwp%2Fv2%2Fcomments&post=174546"}],"version-history":[{"count":0,"href":"https:\/\/diarioregionaldigital.com.br\/index.php?rest_route=\/wp\/v2\/posts\/174546\/revisions"}],"wp:featuredmedia":[{"embeddable":true,"href":"https:\/\/diarioregionaldigital.com.br\/index.php?rest_route=\/wp\/v2\/media\/174547"}],"wp:attachment":[{"href":"https:\/\/diarioregionaldigital.com.br\/index.php?rest_route=%2Fwp%2Fv2%2Fmedia&parent=174546"}],"wp:term":[{"taxonomy":"category","embeddable":true,"href":"https:\/\/diarioregionaldigital.com.br\/index.php?rest_route=%2Fwp%2Fv2%2Fcategories&post=174546"},{"taxonomy":"post_tag","embeddable":true,"href":"https:\/\/diarioregionaldigital.com.br\/index.php?rest_route=%2Fwp%2Fv2%2Ftags&post=174546"}],"curies":[{"name":"wp","href":"https:\/\/api.w.org\/{rel}","templated":true}]}}