{"id":174481,"date":"2020-12-04T10:18:43","date_gmt":"2020-12-04T13:18:43","guid":{"rendered":"https:\/\/diarioregionaldigital.com.br\/?p=174481"},"modified":"2020-12-04T10:18:43","modified_gmt":"2020-12-04T13:18:43","slug":"covid-19-boletim-informa-que-estado-ultrapassa-a-marca-de-430-mil-casos","status":"publish","type":"post","link":"https:\/\/diarioregionaldigital.com.br\/?p=174481","title":{"rendered":"Covid-19: Boletim informa que estado ultrapassa a marca de 430 mil casos"},"content":{"rendered":"<p>A Secretaria de Estado da Sa\u00fade de Minas Gerais (SES-MG), informa em\u00a0<a href=\"https:\/\/www.saude.mg.gov.br\/images\/1_noticias\/10_2020\/2_out-nov-dez\/04-12_Boletim_Epidemiologico_COVID-19.pdf\">boletim<\/a> publicado nesta sexta-feira (4), que o estado registrou 4.291 novos casos, acumulando 433.081 pessoas infectadas. O levantamento aponta que foram notificadas 40 mortes, totalizando 10.227 vidas perdidas. Dentre as v\u00edtimas, 5.781 s\u00e3o do sexo masculino e 4.446 s\u00e3o do feminino.<\/p>\n<p>Al\u00e9m disso, 393.588 pacientes est\u00e3o recuperados da doen\u00e7a, representando 90,88% dos casos. Quanto aos dados de hospitaliza\u00e7\u00e3o, 40.608 est\u00e3o internados e 392.473 est\u00e3o em isolamento domiciliar.<\/p>\n","protected":false},"excerpt":{"rendered":"<p>A Secretaria de Estado da Sa\u00fade de Minas Gerais (SES-MG), informa em\u00a0boletim publicado nesta sexta-feira (4), que o estado registrou 4.291 novos casos, acumulando 433.081 pessoas infectadas. O levantamento aponta que foram notificadas 40 mortes, totalizando 10.227 vidas perdidas. Dentre as v\u00edtimas, 5.781 s\u00e3o do sexo masculino e 4.446 s\u00e3o do feminino. Al\u00e9m disso, 393.588 [&hellip;]<\/p>\n","protected":false},"author":96,"featured_media":159282,"comment_status":"closed","ping_status":"closed","sticky":false,"template":"","format":"standard","meta":{"footnotes":""},"categories":[436,252,439],"tags":[],"class_list":["post-174481","post","type-post","status-publish","format-standard","has-post-thumbnail","hentry","category-destaque-da-semana","category-regiao","category-ultima-hora"],"_links":{"self":[{"href":"https:\/\/diarioregionaldigital.com.br\/index.php?rest_route=\/wp\/v2\/posts\/174481","targetHints":{"allow":["GET"]}}],"collection":[{"href":"https:\/\/diarioregionaldigital.com.br\/index.php?rest_route=\/wp\/v2\/posts"}],"about":[{"href":"https:\/\/diarioregionaldigital.com.br\/index.php?rest_route=\/wp\/v2\/types\/post"}],"author":[{"embeddable":true,"href":"https:\/\/diarioregionaldigital.com.br\/index.php?rest_route=\/wp\/v2\/users\/96"}],"replies":[{"embeddable":true,"href":"https:\/\/diarioregionaldigital.com.br\/index.php?rest_route=%2Fwp%2Fv2%2Fcomments&post=174481"}],"version-history":[{"count":0,"href":"https:\/\/diarioregionaldigital.com.br\/index.php?rest_route=\/wp\/v2\/posts\/174481\/revisions"}],"wp:featuredmedia":[{"embeddable":true,"href":"https:\/\/diarioregionaldigital.com.br\/index.php?rest_route=\/wp\/v2\/media\/159282"}],"wp:attachment":[{"href":"https:\/\/diarioregionaldigital.com.br\/index.php?rest_route=%2Fwp%2Fv2%2Fmedia&parent=174481"}],"wp:term":[{"taxonomy":"category","embeddable":true,"href":"https:\/\/diarioregionaldigital.com.br\/index.php?rest_route=%2Fwp%2Fv2%2Fcategories&post=174481"},{"taxonomy":"post_tag","embeddable":true,"href":"https:\/\/diarioregionaldigital.com.br\/index.php?rest_route=%2Fwp%2Fv2%2Ftags&post=174481"}],"curies":[{"name":"wp","href":"https:\/\/api.w.org\/{rel}","templated":true}]}}