{"id":174471,"date":"2020-12-04T06:00:04","date_gmt":"2020-12-04T09:00:04","guid":{"rendered":"https:\/\/diarioregionaldigital.com.br\/?p=174471"},"modified":"2020-12-04T03:36:34","modified_gmt":"2020-12-04T06:36:34","slug":"gente-fina-2","status":"publish","type":"post","link":"https:\/\/diarioregionaldigital.com.br\/?p=174471","title":{"rendered":"Gente Fina"},"content":{"rendered":"<p style=\"text-align: center;\"><strong>Gente Fina<\/strong><\/p>\n<p style=\"text-align: center;\">O conceituado advogado Valerio Ribeiro est\u00e1 com tudo e n\u00e3o est\u00e1 prosa. Sua palestra no Google Meet com o tema \u201cA curatela e sua implica\u00e7\u00f5es pr\u00e1ticas\u201d fez imenso sucesso na reuni\u00e3o do Grupo de Apoio Social e Emocional aos Familiares da pessoa com Doen\u00e7a de Alzheimer, da ABRAZ- Regional Minas Gerais.<\/p>\n<p style=\"text-align: center;\"><strong>Aplausos<\/strong><\/p>\n<p style=\"text-align: center;\">Digna de elogios, a arquiteta J\u00falia Paglis foi premiada no Concurso Universit\u00e1rio Nacional de Arquitetura da Paisagem com o trabalho de conclus\u00e3o do curso \u201cVazios urbanos: ensaio sobre presen\u00e7a e signific\u00e2ncias na paisagem urbana\u201d, orientando pela professora Ana Aparecida Barbosa Pereira da UFJF.<\/p>\n<p style=\"text-align: center;\"><strong>Pula Esta\u00e7\u00e3o<\/strong><\/p>\n<p style=\"text-align: center;\">Para adaptar os tons cl\u00e1ssicos do inverno, com verde-oliva e cinza, \u00e0s produ\u00e7\u00f5es de ver\u00e3o, opte por pe\u00e7as como shapes femininos e tecidos leves.<\/p>\n<p style=\"text-align: center;\"><strong>Aceleradores de Transforma\u00e7\u00f5es<\/strong><\/p>\n<p style=\"text-align: center;\">Os investimentos em auto mo\u00e7\u00e3o e robotiza\u00e7\u00e3o v\u00e3o estar em alta. A internet 5G e impressoras 3D ser\u00e3o comuns at\u00e9 2030. E rob\u00f4s vem sendo utilizados em trabalhos anteriormente feito por humanos sobretudo nas ind\u00fastrias.<\/p>\n<p style=\"text-align: center;\"><strong>Gastronomia<\/strong><\/p>\n<p style=\"text-align: center;\">Localizado no cora\u00e7\u00e3o do Manoel Hon\u00f3rio, o Bar do Buneco revela ser o point mais animado do momento Pilotado pelo jovem empres\u00e1rio Gabriel Silveira de Freitas, tem como carro chefe o petisco Bon\u00e9 de Corno. Os dois ambientes com todos os protocolos, revelam apurado bom gosto e re\u00fane a galera para assistir jogos do Flamengo com cerveja gelada e alto astral.<\/p>\n<p style=\"text-align: center;\"><strong>Up:<\/strong> Para quem pode e tem bom gosto na ala masculina, a dica \u00e9 o rel\u00f3gio da Cartier com pulseira em couro de crocodilo. Luxo!<\/p>\n<div id=\"attachment_174440\" style=\"width: 690px\" class=\"wp-caption aligncenter\"><img loading=\"lazy\" decoding=\"async\" aria-describedby=\"caption-attachment-174440\" class=\"wp-image-174440\" src=\"https:\/\/diarioregionaldigital.com.br\/wp-content\/uploads\/2020\/12\/fotoa-e1607062150313.jpeg\" alt=\"\" width=\"680\" height=\"443\" srcset=\"https:\/\/diarioregionaldigital.com.br\/wp-content\/uploads\/2020\/12\/fotoa-e1607062150313.jpeg 1075w, https:\/\/diarioregionaldigital.com.br\/wp-content\/uploads\/2020\/12\/fotoa-e1607062150313-300x195.jpeg 300w, https:\/\/diarioregionaldigital.com.br\/wp-content\/uploads\/2020\/12\/fotoa-e1607062150313-1024x667.jpeg 1024w, https:\/\/diarioregionaldigital.com.br\/wp-content\/uploads\/2020\/12\/fotoa-e1607062150313-768x500.jpeg 768w, https:\/\/diarioregionaldigital.com.br\/wp-content\/uploads\/2020\/12\/fotoa-e1607062150313-360x234.jpeg 360w\" sizes=\"auto, (max-width: 680px) 100vw, 680px\" \/><p id=\"caption-attachment-174440\" class=\"wp-caption-text\">Em Recreio (MG), os Cruz: Kim e Erika, Pablo e Aline, Vanda, Th\u00e9o (comemorando 8 aninhos), Marcos e Alice<\/p><\/div>\n<div id=\"attachment_174441\" style=\"width: 690px\" class=\"wp-caption aligncenter\"><img loading=\"lazy\" decoding=\"async\" aria-describedby=\"caption-attachment-174441\" class=\"wp-image-174441\" src=\"https:\/\/diarioregionaldigital.com.br\/wp-content\/uploads\/2020\/12\/fotoaa-e1607062178984.jpeg\" alt=\"\" width=\"680\" height=\"477\" srcset=\"https:\/\/diarioregionaldigital.com.br\/wp-content\/uploads\/2020\/12\/fotoaa-e1607062178984.jpeg 693w, https:\/\/diarioregionaldigital.com.br\/wp-content\/uploads\/2020\/12\/fotoaa-e1607062178984-300x210.jpeg 300w, https:\/\/diarioregionaldigital.com.br\/wp-content\/uploads\/2020\/12\/fotoaa-e1607062178984-360x252.jpeg 360w, https:\/\/diarioregionaldigital.com.br\/wp-content\/uploads\/2020\/12\/fotoaa-e1607062178984-100x70.jpeg 100w\" sizes=\"auto, (max-width: 680px) 100vw, 680px\" \/><p id=\"caption-attachment-174441\" class=\"wp-caption-text\">A bonita Nayane Neto chiquerrima com novidades em acess\u00f3rios para sua Maison by Candy, no Mister Shopping, 2\u00ba piso<\/p><\/div>\n<div id=\"attachment_174442\" style=\"width: 690px\" class=\"wp-caption aligncenter\"><img loading=\"lazy\" decoding=\"async\" aria-describedby=\"caption-attachment-174442\" class=\"wp-image-174442\" src=\"https:\/\/diarioregionaldigital.com.br\/wp-content\/uploads\/2020\/12\/fotob-2-e1607062298730.jpg\" alt=\"\" width=\"680\" height=\"505\" srcset=\"https:\/\/diarioregionaldigital.com.br\/wp-content\/uploads\/2020\/12\/fotob-2-e1607062298730.jpg 848w, https:\/\/diarioregionaldigital.com.br\/wp-content\/uploads\/2020\/12\/fotob-2-e1607062298730-300x223.jpg 300w, https:\/\/diarioregionaldigital.com.br\/wp-content\/uploads\/2020\/12\/fotob-2-e1607062298730-768x571.jpg 768w, https:\/\/diarioregionaldigital.com.br\/wp-content\/uploads\/2020\/12\/fotob-2-e1607062298730-360x267.jpg 360w\" sizes=\"auto, (max-width: 680px) 100vw, 680px\" \/><p id=\"caption-attachment-174442\" class=\"wp-caption-text\">O personal de astros e estrelas, Marcelo Brigatto<\/p><\/div>\n<div id=\"attachment_174443\" style=\"width: 690px\" class=\"wp-caption aligncenter\"><img loading=\"lazy\" decoding=\"async\" aria-describedby=\"caption-attachment-174443\" class=\"wp-image-174443\" src=\"https:\/\/diarioregionaldigital.com.br\/wp-content\/uploads\/2020\/12\/fotoc-2-e1607062628288.jpg\" alt=\"\" width=\"680\" height=\"506\" srcset=\"https:\/\/diarioregionaldigital.com.br\/wp-content\/uploads\/2020\/12\/fotoc-2-e1607062628288.jpg 998w, https:\/\/diarioregionaldigital.com.br\/wp-content\/uploads\/2020\/12\/fotoc-2-e1607062628288-300x223.jpg 300w, https:\/\/diarioregionaldigital.com.br\/wp-content\/uploads\/2020\/12\/fotoc-2-e1607062628288-768x572.jpg 768w, https:\/\/diarioregionaldigital.com.br\/wp-content\/uploads\/2020\/12\/fotoc-2-e1607062628288-360x268.jpg 360w\" sizes=\"auto, (max-width: 680px) 100vw, 680px\" \/><p id=\"caption-attachment-174443\" class=\"wp-caption-text\">A bonita Rita Brito arrumou as malas e partiu para ver novas paisagens<\/p><\/div>\n<div id=\"attachment_174445\" style=\"width: 690px\" class=\"wp-caption aligncenter\"><img loading=\"lazy\" decoding=\"async\" aria-describedby=\"caption-attachment-174445\" class=\"wp-image-174445\" src=\"https:\/\/diarioregionaldigital.com.br\/wp-content\/uploads\/2020\/12\/fotoe-2-e1607062754806.jpg\" alt=\"\" width=\"680\" height=\"504\" srcset=\"https:\/\/diarioregionaldigital.com.br\/wp-content\/uploads\/2020\/12\/fotoe-2-e1607062754806.jpg 720w, https:\/\/diarioregionaldigital.com.br\/wp-content\/uploads\/2020\/12\/fotoe-2-e1607062754806-300x223.jpg 300w, https:\/\/diarioregionaldigital.com.br\/wp-content\/uploads\/2020\/12\/fotoe-2-e1607062754806-360x267.jpg 360w\" sizes=\"auto, (max-width: 680px) 100vw, 680px\" \/><p id=\"caption-attachment-174445\" class=\"wp-caption-text\">Fazendo um brinde antes da pandemia, Cleonaldo Cosme e Fernando Val\u00e9rio<\/p><\/div>\n<div id=\"attachment_174446\" style=\"width: 690px\" class=\"wp-caption aligncenter\"><img loading=\"lazy\" decoding=\"async\" aria-describedby=\"caption-attachment-174446\" class=\"wp-image-174446\" src=\"https:\/\/diarioregionaldigital.com.br\/wp-content\/uploads\/2020\/12\/fotog-2-e1607062810910.jpg\" alt=\"\" width=\"680\" height=\"455\" srcset=\"https:\/\/diarioregionaldigital.com.br\/wp-content\/uploads\/2020\/12\/fotog-2-e1607062810910.jpg 1339w, https:\/\/diarioregionaldigital.com.br\/wp-content\/uploads\/2020\/12\/fotog-2-e1607062810910-300x201.jpg 300w, https:\/\/diarioregionaldigital.com.br\/wp-content\/uploads\/2020\/12\/fotog-2-e1607062810910-1024x685.jpg 1024w, https:\/\/diarioregionaldigital.com.br\/wp-content\/uploads\/2020\/12\/fotog-2-e1607062810910-768x514.jpg 768w, https:\/\/diarioregionaldigital.com.br\/wp-content\/uploads\/2020\/12\/fotog-2-e1607062810910-360x241.jpg 360w\" sizes=\"auto, (max-width: 680px) 100vw, 680px\" \/><p id=\"caption-attachment-174446\" class=\"wp-caption-text\">No dia-a-dia da Dig\u00e3o Lanches, o gerente bonit\u00e3o Gi\u00falio Miranda<\/p><\/div>\n<div id=\"attachment_174447\" style=\"width: 690px\" class=\"wp-caption aligncenter\"><img loading=\"lazy\" decoding=\"async\" aria-describedby=\"caption-attachment-174447\" class=\"wp-image-174447\" src=\"https:\/\/diarioregionaldigital.com.br\/wp-content\/uploads\/2020\/12\/fotoh-2-e1607062847772.jpg\" alt=\"\" width=\"680\" height=\"450\" srcset=\"https:\/\/diarioregionaldigital.com.br\/wp-content\/uploads\/2020\/12\/fotoh-2-e1607062847772.jpg 1950w, https:\/\/diarioregionaldigital.com.br\/wp-content\/uploads\/2020\/12\/fotoh-2-e1607062847772-300x198.jpg 300w, https:\/\/diarioregionaldigital.com.br\/wp-content\/uploads\/2020\/12\/fotoh-2-e1607062847772-1024x677.jpg 1024w, https:\/\/diarioregionaldigital.com.br\/wp-content\/uploads\/2020\/12\/fotoh-2-e1607062847772-768x508.jpg 768w, https:\/\/diarioregionaldigital.com.br\/wp-content\/uploads\/2020\/12\/fotoh-2-e1607062847772-1536x1016.jpg 1536w, https:\/\/diarioregionaldigital.com.br\/wp-content\/uploads\/2020\/12\/fotoh-2-e1607062847772-1440x950.jpg 1440w, https:\/\/diarioregionaldigital.com.br\/wp-content\/uploads\/2020\/12\/fotoh-2-e1607062847772-360x238.jpg 360w\" sizes=\"auto, (max-width: 680px) 100vw, 680px\" \/><p id=\"caption-attachment-174447\" class=\"wp-caption-text\">Na ro\u00e7a curtindo isolamento, os queridos Sandra Savastano e \u00c2ngelo Savastano<\/p><\/div>\n<div id=\"attachment_174444\" style=\"width: 690px\" class=\"wp-caption aligncenter\"><img loading=\"lazy\" decoding=\"async\" aria-describedby=\"caption-attachment-174444\" class=\"wp-image-174444\" src=\"https:\/\/diarioregionaldigital.com.br\/wp-content\/uploads\/2020\/12\/fotod-2-e1607062698567.jpg\" alt=\"\" width=\"680\" height=\"952\" srcset=\"https:\/\/diarioregionaldigital.com.br\/wp-content\/uploads\/2020\/12\/fotod-2-e1607062698567.jpg 639w, https:\/\/diarioregionaldigital.com.br\/wp-content\/uploads\/2020\/12\/fotod-2-e1607062698567-214x300.jpg 214w, https:\/\/diarioregionaldigital.com.br\/wp-content\/uploads\/2020\/12\/fotod-2-e1607062698567-360x504.jpg 360w\" sizes=\"auto, (max-width: 680px) 100vw, 680px\" \/><p id=\"caption-attachment-174444\" class=\"wp-caption-text\">Irm\u00e3os em tarde descontra\u00edda no Novo Horizonte: Adriana Sleutjes e L\u00facio Sleutjes<\/p><\/div>\n<p style=\"text-align: center;\"><strong>FOTOSS\u00cdNTESE<\/strong><\/p>\n<p>Mesmo com o Comit\u00ea impondo restri\u00e7\u00f5es a bares e academias, loca\u00e7\u00e3o de granjas entre outras medidas decretadas pela PJF tem gente andando sem m\u00e1scara e aglomerando no centro da cidade. Help!!<\/p>\n<p>Devido aos eventos de fim de ano a C\u00e2mara Municipal \u2013 salvo alguma convoca\u00e7\u00e3o extraordin\u00e1ria \u2013 as atividades v\u00e3o at\u00e9 14 de dezembro.<\/p>\n<p>Olha a chuva a\u00ed gente!<\/p>\n<p>A Funda\u00e7\u00e3o Hospitalar do Estado de Minas Gerais (Fhemig), informou que os contratos emergenciais para atua\u00e7\u00e3o contra a Covid-19 vigentes no hospital Regional Jo\u00e3o Penido ser\u00e3o renovados at\u00e9 31 de dezembro.<\/p>\n<p>Aten\u00e7\u00e3o: a fiscaliza\u00e7\u00e3o intensifica a\u00e7\u00f5es em eventos e bares. Para denunciar o telefone 153 da Guarda Municipal.<\/p>\n<p>O empres\u00e1rio Eduardo Villela de Andrade comemorou seus 80 anos muito bem conservados, com os filhos Eliana, Leila e Fernando.<\/p>\n<p>Talentosa e do bem, Isabela Heluey Martins lan\u00e7ou a exposi\u00e7\u00e3o \u201cPercebo\u201d on- line. As telas em aquarelas, nanquim e colagens produzidas durante a pandemia ser\u00e3o leiloadas em prol da Sociedade Sopa dos Pobres. ( no Instagram @umdesenhoemujazz).<\/p>\n<p>Talissya Oliveira Miss Mini Teen Juiz de Fora 2020 tem borogod\u00f3 para arrasar no futuro nas passarelas. Linda e negra \u00e9 produzida por Diley Almeida.<\/p>\n<p>Aviso: \u201cN\u00e3o se acostume com o que n\u00e3o o faz feliz\u201d. (Fernando Pessoa). Bom dia.<\/p>\n<p><img loading=\"lazy\" decoding=\"async\" class=\"aligncenter size-full wp-image-174472\" src=\"https:\/\/diarioregionaldigital.com.br\/wp-content\/uploads\/2020\/12\/anuncio43-scaled.jpg\" alt=\"\" width=\"2560\" height=\"958\" srcset=\"https:\/\/diarioregionaldigital.com.br\/wp-content\/uploads\/2020\/12\/anuncio43-scaled.jpg 2560w, https:\/\/diarioregionaldigital.com.br\/wp-content\/uploads\/2020\/12\/anuncio43-300x112.jpg 300w, https:\/\/diarioregionaldigital.com.br\/wp-content\/uploads\/2020\/12\/anuncio43-1024x383.jpg 1024w, https:\/\/diarioregionaldigital.com.br\/wp-content\/uploads\/2020\/12\/anuncio43-768x288.jpg 768w, https:\/\/diarioregionaldigital.com.br\/wp-content\/uploads\/2020\/12\/anuncio43-1536x575.jpg 1536w, https:\/\/diarioregionaldigital.com.br\/wp-content\/uploads\/2020\/12\/anuncio43-2048x767.jpg 2048w, https:\/\/diarioregionaldigital.com.br\/wp-content\/uploads\/2020\/12\/anuncio43-360x135.jpg 360w\" sizes=\"auto, (max-width: 2560px) 100vw, 2560px\" \/><\/p>\n","protected":false},"excerpt":{"rendered":"<p>Gente Fina O conceituado advogado Valerio Ribeiro est\u00e1 com tudo e n\u00e3o est\u00e1 prosa. Sua palestra no Google Meet com o tema \u201cA curatela e sua implica\u00e7\u00f5es pr\u00e1ticas\u201d fez imenso sucesso na reuni\u00e3o do Grupo de Apoio Social e Emocional aos Familiares da pessoa com Doen\u00e7a de Alzheimer, da ABRAZ- Regional Minas Gerais. Aplausos Digna [&hellip;]<\/p>\n","protected":false},"author":96,"featured_media":174440,"comment_status":"closed","ping_status":"closed","sticky":false,"template":"","format":"standard","meta":{"footnotes":""},"categories":[264],"tags":[],"class_list":["post-174471","post","type-post","status-publish","format-standard","has-post-thumbnail","hentry","category-eduardo-gomes"],"_links":{"self":[{"href":"https:\/\/diarioregionaldigital.com.br\/index.php?rest_route=\/wp\/v2\/posts\/174471","targetHints":{"allow":["GET"]}}],"collection":[{"href":"https:\/\/diarioregionaldigital.com.br\/index.php?rest_route=\/wp\/v2\/posts"}],"about":[{"href":"https:\/\/diarioregionaldigital.com.br\/index.php?rest_route=\/wp\/v2\/types\/post"}],"author":[{"embeddable":true,"href":"https:\/\/diarioregionaldigital.com.br\/index.php?rest_route=\/wp\/v2\/users\/96"}],"replies":[{"embeddable":true,"href":"https:\/\/diarioregionaldigital.com.br\/index.php?rest_route=%2Fwp%2Fv2%2Fcomments&post=174471"}],"version-history":[{"count":0,"href":"https:\/\/diarioregionaldigital.com.br\/index.php?rest_route=\/wp\/v2\/posts\/174471\/revisions"}],"wp:featuredmedia":[{"embeddable":true,"href":"https:\/\/diarioregionaldigital.com.br\/index.php?rest_route=\/wp\/v2\/media\/174440"}],"wp:attachment":[{"href":"https:\/\/diarioregionaldigital.com.br\/index.php?rest_route=%2Fwp%2Fv2%2Fmedia&parent=174471"}],"wp:term":[{"taxonomy":"category","embeddable":true,"href":"https:\/\/diarioregionaldigital.com.br\/index.php?rest_route=%2Fwp%2Fv2%2Fcategories&post=174471"},{"taxonomy":"post_tag","embeddable":true,"href":"https:\/\/diarioregionaldigital.com.br\/index.php?rest_route=%2Fwp%2Fv2%2Ftags&post=174471"}],"curies":[{"name":"wp","href":"https:\/\/api.w.org\/{rel}","templated":true}]}}