{"id":174468,"date":"2020-12-04T01:56:07","date_gmt":"2020-12-04T04:56:07","guid":{"rendered":"https:\/\/diarioregionaldigital.com.br\/?p=174468"},"modified":"2020-12-04T01:56:07","modified_gmt":"2020-12-04T04:56:07","slug":"corrida-virtual-da-praca-ceu-atrai-178-competidores","status":"publish","type":"post","link":"https:\/\/diarioregionaldigital.com.br\/?p=174468","title":{"rendered":"\u201cCorrida Virtual da Pra\u00e7a CEU\u201d atrai 178 competidores"},"content":{"rendered":"<p><span style=\"font-weight: 400;\">A corrida virtual organizada pela Pra\u00e7a CEU (Centro de Artes e Esportes Unificados \u201cCoronel Adelmir Romualdo de Oliveira\u201d), que aconteceu entre os dias 20 e 25 de novembro, recebeu 178 inscri\u00e7\u00f5es.<\/span><\/p>\n<p><span style=\"font-weight: 400;\">No regulamento ficou estabelecido que duas dist\u00e2ncias seriam percorridas: uma de dois quil\u00f4metros, na prova de caminhada, e oito na corrida. Os participantes escolheram a quilometragem e comprovaram, por meio de aplicativo, rel\u00f3gio GPS ou foto do painel da esteira, contendo tempo e dist\u00e2ncia da prova.<\/span><\/p>\n<p><span style=\"font-weight: 400;\">A perman\u00eancia das atividades, mesmo de forma virtual, tem ajudado muitas pessoas a n\u00e3o perderem o ritmo. &#8220;Quando percebi que seria evento organizado pela Pra\u00e7a CEU, n\u00e3o pude deixar de participar, porque ela faz parte da minha vida. Se hoje estou no esporte, \u00e9 gra\u00e7as a esse projeto&#8221;, apontou a concorrente da corrida, Heronilda de Sousa S. Nascimento.\u00a0<\/span><\/p>\n<p><span style=\"font-weight: 400;\">Segundo Andr\u00e9 Noronha, coordenador-geral da Pra\u00e7a CEU, o objetivo \u00e9 adequar e incentivar atividades f\u00edsicas, principalmente durante a pandemia.<\/span><\/p>\n<p><span style=\"font-weight: 400;\">&#8220;Desde o come\u00e7o da covid-19 come\u00e7amos a elaborar trabalho virtual e, durante todo o processo, buscamos refletir as possibilidades para dar continuidade aos projetos e atividades que o CEU oferece. \u00c9 preciso estar sempre atento \u00e0s demandas da comunidade, e as adapta\u00e7\u00f5es s\u00e3o necess\u00e1rias, para se fazer um trabalho cada vez mais verdadeiro e pr\u00f3ximo ao nosso p\u00fablico&#8221;, enfatizou Andr\u00e9.<\/span><\/p>\n<p><strong>Fonte:\u00a0<\/strong>Assessoria<\/p>\n<p>&nbsp;<\/p>\n","protected":false},"excerpt":{"rendered":"<p>A corrida virtual organizada pela Pra\u00e7a CEU (Centro de Artes e Esportes Unificados \u201cCoronel Adelmir Romualdo de Oliveira\u201d), que aconteceu entre os dias 20 e 25 de novembro, recebeu 178 inscri\u00e7\u00f5es. No regulamento ficou estabelecido que duas dist\u00e2ncias seriam percorridas: uma de dois quil\u00f4metros, na prova de caminhada, e oito na corrida. Os participantes escolheram [&hellip;]<\/p>\n","protected":false},"author":96,"featured_media":174469,"comment_status":"closed","ping_status":"closed","sticky":false,"template":"","format":"standard","meta":{"footnotes":""},"categories":[436,257,439],"tags":[],"class_list":["post-174468","post","type-post","status-publish","format-standard","has-post-thumbnail","hentry","category-destaque-da-semana","category-esporte","category-ultima-hora"],"_links":{"self":[{"href":"https:\/\/diarioregionaldigital.com.br\/index.php?rest_route=\/wp\/v2\/posts\/174468","targetHints":{"allow":["GET"]}}],"collection":[{"href":"https:\/\/diarioregionaldigital.com.br\/index.php?rest_route=\/wp\/v2\/posts"}],"about":[{"href":"https:\/\/diarioregionaldigital.com.br\/index.php?rest_route=\/wp\/v2\/types\/post"}],"author":[{"embeddable":true,"href":"https:\/\/diarioregionaldigital.com.br\/index.php?rest_route=\/wp\/v2\/users\/96"}],"replies":[{"embeddable":true,"href":"https:\/\/diarioregionaldigital.com.br\/index.php?rest_route=%2Fwp%2Fv2%2Fcomments&post=174468"}],"version-history":[{"count":0,"href":"https:\/\/diarioregionaldigital.com.br\/index.php?rest_route=\/wp\/v2\/posts\/174468\/revisions"}],"wp:featuredmedia":[{"embeddable":true,"href":"https:\/\/diarioregionaldigital.com.br\/index.php?rest_route=\/wp\/v2\/media\/174469"}],"wp:attachment":[{"href":"https:\/\/diarioregionaldigital.com.br\/index.php?rest_route=%2Fwp%2Fv2%2Fmedia&parent=174468"}],"wp:term":[{"taxonomy":"category","embeddable":true,"href":"https:\/\/diarioregionaldigital.com.br\/index.php?rest_route=%2Fwp%2Fv2%2Fcategories&post=174468"},{"taxonomy":"post_tag","embeddable":true,"href":"https:\/\/diarioregionaldigital.com.br\/index.php?rest_route=%2Fwp%2Fv2%2Ftags&post=174468"}],"curies":[{"name":"wp","href":"https:\/\/api.w.org\/{rel}","templated":true}]}}