{"id":174365,"date":"2020-12-03T10:43:16","date_gmt":"2020-12-03T13:43:16","guid":{"rendered":"https:\/\/diarioregionaldigital.com.br\/?p=174365"},"modified":"2020-12-03T10:43:16","modified_gmt":"2020-12-03T13:43:16","slug":"acao-conjunta-prende-casal-suspeito-de-matar-e-de-ocultar-corpo-de-homem-em-lima-duarte","status":"publish","type":"post","link":"https:\/\/diarioregionaldigital.com.br\/?p=174365","title":{"rendered":"A\u00e7\u00e3o conjunta prende casal suspeito de matar e de ocultar corpo de homem em Lima Duarte"},"content":{"rendered":"<p>Na quarta-feira (1\/12), as Pol\u00edcias Civil e Militar deflagraram uma a\u00e7\u00e3o conjunta que resultou na pris\u00e3o em flagrante de um casal, 24 anos, suspeito de ter assassinado e ocultado o corpo de um homem de 43 anos, crime ocorrido no munic\u00edpio de Lima Duarte, na Zona da Mata mineira. Os investigados foram localizados na cidade de Juiz de Fora.<\/p>\n<p>Conforme informa\u00e7\u00f5es do delegado Jos\u00e9 M\u00e1rcio de Almeida Lopes, ontem, a Pol\u00edcia Militar recebeu uma den\u00fancia de que um casal havia matado uma pessoa e teria ocultado o corpo no fundo do quintal da resid\u00eancia. \u201cA PM se deslocou at\u00e9 o local e, ap\u00f3s efetuar uma busca nos fundos da casa, o corpo foi localizado. Os suspeitos evadiram do local, momentos antes. Na ocasi\u00e3o, uma equipe da Pol\u00edcia Civil tamb\u00e9m foi ao local dos fatos e a per\u00edcia criminal realizou os levantamentos. Ap\u00f3s a libera\u00e7\u00e3o, o corpo foi encaminhado ao Instituto M\u00e9dico Legal\u201d, explicou.<\/p>\n<p>Segundo ele, os policiais civis e militares passaram a diligenciar com o objetivo de localizar os suspeitos, que foram presos no final da tarde, na cidade de Juiz de Fora. Em seguida, o casal foi encaminhado \u00e0 delegacia, onde teve a pris\u00e3o em flagrante ratificada pela pr\u00e1tica dos crimes de homic\u00eddio qualificado e de oculta\u00e7\u00e3o de cad\u00e1ver.<\/p>\n<p>Os investigados foram conduzidos ao sistema prisional, permanecendo \u00e0 disposi\u00e7\u00e3o da Justi\u00e7a. \u201cDilig\u00eancias como essa e conjuntas est\u00e3o propiciando respostas r\u00e1pidas a crimes violentos na cidade, com a pris\u00e3o em flagrante dos autores\u201d, concluiu o delegado.<\/p>\n<p><strong>Fonte:\u00a0<\/strong>Pol\u00edcia Civil<\/p>\n","protected":false},"excerpt":{"rendered":"<p>Na quarta-feira (1\/12), as Pol\u00edcias Civil e Militar deflagraram uma a\u00e7\u00e3o conjunta que resultou na pris\u00e3o em flagrante de um casal, 24 anos, suspeito de ter assassinado e ocultado o corpo de um homem de 43 anos, crime ocorrido no munic\u00edpio de Lima Duarte, na Zona da Mata mineira. Os investigados foram localizados na cidade [&hellip;]<\/p>\n","protected":false},"author":96,"featured_media":174366,"comment_status":"closed","ping_status":"closed","sticky":false,"template":"","format":"standard","meta":{"footnotes":""},"categories":[436,252,439],"tags":[],"class_list":["post-174365","post","type-post","status-publish","format-standard","has-post-thumbnail","hentry","category-destaque-da-semana","category-regiao","category-ultima-hora"],"_links":{"self":[{"href":"https:\/\/diarioregionaldigital.com.br\/index.php?rest_route=\/wp\/v2\/posts\/174365","targetHints":{"allow":["GET"]}}],"collection":[{"href":"https:\/\/diarioregionaldigital.com.br\/index.php?rest_route=\/wp\/v2\/posts"}],"about":[{"href":"https:\/\/diarioregionaldigital.com.br\/index.php?rest_route=\/wp\/v2\/types\/post"}],"author":[{"embeddable":true,"href":"https:\/\/diarioregionaldigital.com.br\/index.php?rest_route=\/wp\/v2\/users\/96"}],"replies":[{"embeddable":true,"href":"https:\/\/diarioregionaldigital.com.br\/index.php?rest_route=%2Fwp%2Fv2%2Fcomments&post=174365"}],"version-history":[{"count":0,"href":"https:\/\/diarioregionaldigital.com.br\/index.php?rest_route=\/wp\/v2\/posts\/174365\/revisions"}],"wp:featuredmedia":[{"embeddable":true,"href":"https:\/\/diarioregionaldigital.com.br\/index.php?rest_route=\/wp\/v2\/media\/174366"}],"wp:attachment":[{"href":"https:\/\/diarioregionaldigital.com.br\/index.php?rest_route=%2Fwp%2Fv2%2Fmedia&parent=174365"}],"wp:term":[{"taxonomy":"category","embeddable":true,"href":"https:\/\/diarioregionaldigital.com.br\/index.php?rest_route=%2Fwp%2Fv2%2Fcategories&post=174365"},{"taxonomy":"post_tag","embeddable":true,"href":"https:\/\/diarioregionaldigital.com.br\/index.php?rest_route=%2Fwp%2Fv2%2Ftags&post=174365"}],"curies":[{"name":"wp","href":"https:\/\/api.w.org\/{rel}","templated":true}]}}