{"id":174362,"date":"2020-12-03T10:40:57","date_gmt":"2020-12-03T13:40:57","guid":{"rendered":"https:\/\/diarioregionaldigital.com.br\/?p=174362"},"modified":"2020-12-03T10:40:57","modified_gmt":"2020-12-03T13:40:57","slug":"pib-cresce-77-do-segundo-para-o-terceiro-trimestre-diz-ibge","status":"publish","type":"post","link":"https:\/\/diarioregionaldigital.com.br\/?p=174362","title":{"rendered":"PIB cresce 7,7% do segundo para o terceiro trimestre, diz IBGE"},"content":{"rendered":"<p><span style=\"font-weight: 400;\">O Produto Interno Bruto (PIB), que \u00e9 a soma dos bens e servi\u00e7os finais produzidos no pa\u00eds, cresceu 7,7% no terceiro trimestre, em rela\u00e7\u00e3o ao per\u00edodo anterior. Segundo o Instituto Brasileiro de Geografia e Estat\u00edstica (IBGE), que divulgou, nessa quinta-feira (3), os n\u00fameros das Contas Trimestrais, essa \u00e9 a maior varia\u00e7\u00e3o desde o in\u00edcio da s\u00e9rie em 1996, mas ainda insuficiente para recuperar as perdas provocadas pela pandemia. O resultado indicou ainda que a economia do pa\u00eds se encontra no mesmo patamar de 2017, com uma perda acumulada de 5% de janeiro a setembro, em rela\u00e7\u00e3o ao mesmo per\u00edodo de 2019.<\/span><\/p>\n<p><span style=\"font-weight: 400;\">Na compara\u00e7\u00e3o com o mesmo trimestre de 2019, o PIB, apresentou recuo de 3,9% e, em valores correntes, chegou a R$ 1,891 trilh\u00e3o. Desse valor, R$ 1,627 trilh\u00e3o em Valor Adicionado a Pre\u00e7os B\u00e1sicos e R$ 264,1 bilh\u00f5es em Impostos sobre Produtos L\u00edquidos de Subs\u00eddios.<\/span><\/p>\n<p><span style=\"font-weight: 400;\">Para a coordenadora de Contas Nacionais do IBGE, Rebeca Palis, o crescimento ocorreu sobre uma base muito baixa, quando o pa\u00eds estava no auge da pandemia no segundo trimestre. \u201cHouve uma recupera\u00e7\u00e3o no terceiro, contra o segundo trimestre, mas se olharmos a taxa interanual, a queda \u00e9 de 3,9% e no acumulado do ano ainda estamos caindo, tanto a Ind\u00fastria quanto os Servi\u00e7os. A Agropecu\u00e1ria \u00e9 a \u00fanica que est\u00e1 crescendo no ano, muito puxada pela soja, que \u00e9 a nossa maior lavoura\u201d, disse.<\/span><\/p>\n<p><span style=\"font-weight: 400;\">No terceiro trimestre a Ind\u00fastria cresceu 14,8% e os Servi\u00e7os subiram 6,3%. J\u00e1 a Agropecu\u00e1ria registrou queda de 0,5%. De acordo com o IBGE, a expans\u00e3o do PIB no per\u00edodo foi causada, principalmente, pelo desempenho da Ind\u00fastria, com destaque para o crescimento de 23,7% no setor de Transforma\u00e7\u00e3o. Eletricidade e g\u00e1s, \u00e1gua, esgoto, atividades de gest\u00e3o de res\u00edduos tamb\u00e9m cresceram (8,5%), como a Constru\u00e7\u00e3o (5,6%) e as Ind\u00fastrias extrativas (2,5%).<\/span><\/p>\n<p><span style=\"font-weight: 400;\">\u201cOlhando pela \u00f3tica produtiva, o destaque foi a Ind\u00fastria de Transforma\u00e7\u00e3o, at\u00e9 pelo fato de ter ca\u00eddo bastante no segundo trimestre (-19,1%), com as restri\u00e7\u00f5es de funcionamento. A Ind\u00fastria cresceu como um todo 14,8%, e a de Transforma\u00e7\u00e3o 23,7%, mas voltamos ao patamar do primeiro trimestre\u201d, observou Rebeca.<\/span><\/p>\n<p><strong>Servi\u00e7os<\/strong><\/p>\n<p><span style=\"font-weight: 400;\">O setor de Servi\u00e7os, que foi destaque no resultado e t\u00eam o maior peso na economia, registrou alta em todos os segmentos: Com\u00e9rcio (15,9%), Transporte, armazenagem e correio (12,5%), Outras atividades de servi\u00e7os (7,8%), Informa\u00e7\u00e3o e comunica\u00e7\u00e3o (3,1%), Administra\u00e7\u00e3o, defesa, sa\u00fade e educa\u00e7\u00e3o p\u00fablicas e seguridade social (2,5%), Atividades financeiras, de seguros e servi\u00e7os relacionados (1,5%) e Atividades imobili\u00e1rias (1,1%).<\/span><\/p>\n<p><span style=\"font-weight: 400;\">A coordenadora lembrou que o setor caiu 9,4% no segundo trimestre e agora avan\u00e7ou 6,3%, mas ainda n\u00e3o recuperou o patamar do primeiro trimestre. A explica\u00e7\u00e3o \u00e9 que houve uma queda tanto na oferta quanto na demanda. \u201cMesmo tendo sido retiradas as restri\u00e7\u00f5es de funcionamento, as pessoas ainda ficam receosas para consumir, principalmente os servi\u00e7os prestados \u00e0s fam\u00edlias, como alojamento, alimenta\u00e7\u00e3o, cinemas, academias e sal\u00f5es de beleza. O desempenho melhorou em rela\u00e7\u00e3o ao segundo trimestre, mas ainda n\u00e3o voltou aos patamares antes da pandemia\u201d, apontou.<\/span><\/p>\n<p><b>Agricultura<\/b><\/p>\n<p><span style=\"font-weight: 400;\">A varia\u00e7\u00e3o negativa de 0,5% na Agricultura foi consequ\u00eancia de um ajuste de safra. \u201cO destaque \u00e9 o crescimento de 2,4% no acumulado do ano, ante uma queda de 5,1% da Ind\u00fastria e 5,3% dos Servi\u00e7os\u201d, informou.<\/span><\/p>\n<p><b>Consumo das fam\u00edlias<\/b><\/p>\n<p><span style=\"font-weight: 400;\">Rebeca observou ainda que o consumo das fam\u00edlias (65%) &#8211; o que mais pesa pela \u00f3tica da despesa -, teve expans\u00e3o de 7,6%, resultado que \u00e9 muito parecido com o do PIB. O indicador havia ca\u00eddo 11,3% no segundo trimestre, mas no terceiro, o consumo de bens subiu bastante, especialmente, bens dur\u00e1veis e bens aliment\u00edcios da cadeia agroalimentar. \u201cO consumo de servi\u00e7os teve crescimento, mas foi bem menor do que a queda anterior, pois as fam\u00edlias n\u00e3o voltaram a consumir no patamar anterior \u00e0 pandemia\u201d, indicou.<\/span><\/p>\n<p><b>Investimentos<\/b><\/p>\n<p><span style=\"font-weight: 400;\">Os investimentos (Forma\u00e7\u00e3o Bruta de Capital Fixo) subiram 11%, mas neste caso tamb\u00e9m, o desempenho est\u00e1 relacionado \u00e0 base de compara\u00e7\u00e3o com o segundo trimestre em que havia ca\u00eddo 16,5%. \u201cNo acumulado do ano, a queda \u00e9 de 5,5%. E o pa\u00eds ainda tem investimento em equipamentos importados e como o d\u00f3lar est\u00e1 alto, influencia para baixo\u201d, afirmou a coordenadora.<\/span><\/p>\n<p><strong>Fonte:<\/strong> Ag\u00eancia Brasil<\/p>\n","protected":false},"excerpt":{"rendered":"<p>O Produto Interno Bruto (PIB), que \u00e9 a soma dos bens e servi\u00e7os finais produzidos no pa\u00eds, cresceu 7,7% no terceiro trimestre, em rela\u00e7\u00e3o ao per\u00edodo anterior. Segundo o Instituto Brasileiro de Geografia e Estat\u00edstica (IBGE), que divulgou, nessa quinta-feira (3), os n\u00fameros das Contas Trimestrais, essa \u00e9 a maior varia\u00e7\u00e3o desde o in\u00edcio da [&hellip;]<\/p>\n","protected":false},"author":96,"featured_media":174363,"comment_status":"closed","ping_status":"closed","sticky":false,"template":"","format":"standard","meta":{"footnotes":""},"categories":[436,261,439],"tags":[],"class_list":["post-174362","post","type-post","status-publish","format-standard","has-post-thumbnail","hentry","category-destaque-da-semana","category-economia","category-ultima-hora"],"_links":{"self":[{"href":"https:\/\/diarioregionaldigital.com.br\/index.php?rest_route=\/wp\/v2\/posts\/174362","targetHints":{"allow":["GET"]}}],"collection":[{"href":"https:\/\/diarioregionaldigital.com.br\/index.php?rest_route=\/wp\/v2\/posts"}],"about":[{"href":"https:\/\/diarioregionaldigital.com.br\/index.php?rest_route=\/wp\/v2\/types\/post"}],"author":[{"embeddable":true,"href":"https:\/\/diarioregionaldigital.com.br\/index.php?rest_route=\/wp\/v2\/users\/96"}],"replies":[{"embeddable":true,"href":"https:\/\/diarioregionaldigital.com.br\/index.php?rest_route=%2Fwp%2Fv2%2Fcomments&post=174362"}],"version-history":[{"count":0,"href":"https:\/\/diarioregionaldigital.com.br\/index.php?rest_route=\/wp\/v2\/posts\/174362\/revisions"}],"wp:featuredmedia":[{"embeddable":true,"href":"https:\/\/diarioregionaldigital.com.br\/index.php?rest_route=\/wp\/v2\/media\/174363"}],"wp:attachment":[{"href":"https:\/\/diarioregionaldigital.com.br\/index.php?rest_route=%2Fwp%2Fv2%2Fmedia&parent=174362"}],"wp:term":[{"taxonomy":"category","embeddable":true,"href":"https:\/\/diarioregionaldigital.com.br\/index.php?rest_route=%2Fwp%2Fv2%2Fcategories&post=174362"},{"taxonomy":"post_tag","embeddable":true,"href":"https:\/\/diarioregionaldigital.com.br\/index.php?rest_route=%2Fwp%2Fv2%2Ftags&post=174362"}],"curies":[{"name":"wp","href":"https:\/\/api.w.org\/{rel}","templated":true}]}}