{"id":174356,"date":"2020-12-03T10:27:41","date_gmt":"2020-12-03T13:27:41","guid":{"rendered":"https:\/\/diarioregionaldigital.com.br\/?p=174356"},"modified":"2020-12-03T10:28:32","modified_gmt":"2020-12-03T13:28:32","slug":"estado-notifica-mais-66-obitos-decorrentes-do-coronavirus","status":"publish","type":"post","link":"https:\/\/diarioregionaldigital.com.br\/?p=174356","title":{"rendered":"Estado notifica mais 66 \u00f3bitos decorrentes do Coronav\u00edrus"},"content":{"rendered":"<p>O novo\u00a0<a href=\"https:\/\/www.saude.mg.gov.br\/images\/noticias_e_eventos\/000_2020\/Boletins_Corona\/03.12.2020Boletim%20Epidemiologico__COVID-19.pdf\">boletim epidemiol\u00f3gico<\/a> publicado nesta quinta-feira (3), pela Secretaria de Estado da Sa\u00fade de Minas Gerais (SES-MG), informa que nas \u00faltimas 24h, o estado registrou mais 66 mortes decorrentes do Coronav\u00edrus, totalizando 10.187 vidas perdidas. O boletim aponta que 5.750 v\u00edtimas s\u00e3o do sexo masculino e 4.437 s\u00e3o do feminino. Segundo o levantamento, foram notificados mais 4.635 novos casos. No acumulado s\u00e3o 428.790 pessoas infectadas.<\/p>\n<p>Al\u00e9m disso, 390.668 pacientes est\u00e3o recuperados da doen\u00e7a, representando 91,10% dos casos. Quanto aos dados de hospitaliza\u00e7\u00e3o, 40.651 est\u00e3o internados e 388.139 est\u00e3o em isolamento domiciliar.<\/p>\n","protected":false},"excerpt":{"rendered":"<p>O novo\u00a0boletim epidemiol\u00f3gico publicado nesta quinta-feira (3), pela Secretaria de Estado da Sa\u00fade de Minas Gerais (SES-MG), informa que nas \u00faltimas 24h, o estado registrou mais 66 mortes decorrentes do Coronav\u00edrus, totalizando 10.187 vidas perdidas. O boletim aponta que 5.750 v\u00edtimas s\u00e3o do sexo masculino e 4.437 s\u00e3o do feminino. Segundo o levantamento, foram notificados [&hellip;]<\/p>\n","protected":false},"author":96,"featured_media":171531,"comment_status":"closed","ping_status":"closed","sticky":false,"template":"","format":"standard","meta":{"footnotes":""},"categories":[436,440,252,439],"tags":[],"class_list":["post-174356","post","type-post","status-publish","format-standard","has-post-thumbnail","hentry","category-destaque-da-semana","category-destaques-do-dia","category-regiao","category-ultima-hora"],"_links":{"self":[{"href":"https:\/\/diarioregionaldigital.com.br\/index.php?rest_route=\/wp\/v2\/posts\/174356","targetHints":{"allow":["GET"]}}],"collection":[{"href":"https:\/\/diarioregionaldigital.com.br\/index.php?rest_route=\/wp\/v2\/posts"}],"about":[{"href":"https:\/\/diarioregionaldigital.com.br\/index.php?rest_route=\/wp\/v2\/types\/post"}],"author":[{"embeddable":true,"href":"https:\/\/diarioregionaldigital.com.br\/index.php?rest_route=\/wp\/v2\/users\/96"}],"replies":[{"embeddable":true,"href":"https:\/\/diarioregionaldigital.com.br\/index.php?rest_route=%2Fwp%2Fv2%2Fcomments&post=174356"}],"version-history":[{"count":0,"href":"https:\/\/diarioregionaldigital.com.br\/index.php?rest_route=\/wp\/v2\/posts\/174356\/revisions"}],"wp:featuredmedia":[{"embeddable":true,"href":"https:\/\/diarioregionaldigital.com.br\/index.php?rest_route=\/wp\/v2\/media\/171531"}],"wp:attachment":[{"href":"https:\/\/diarioregionaldigital.com.br\/index.php?rest_route=%2Fwp%2Fv2%2Fmedia&parent=174356"}],"wp:term":[{"taxonomy":"category","embeddable":true,"href":"https:\/\/diarioregionaldigital.com.br\/index.php?rest_route=%2Fwp%2Fv2%2Fcategories&post=174356"},{"taxonomy":"post_tag","embeddable":true,"href":"https:\/\/diarioregionaldigital.com.br\/index.php?rest_route=%2Fwp%2Fv2%2Ftags&post=174356"}],"curies":[{"name":"wp","href":"https:\/\/api.w.org\/{rel}","templated":true}]}}