{"id":174346,"date":"2020-12-03T06:00:51","date_gmt":"2020-12-03T09:00:51","guid":{"rendered":"https:\/\/diarioregionaldigital.com.br\/?p=174346"},"modified":"2020-12-02T23:22:21","modified_gmt":"2020-12-03T02:22:21","slug":"ferias-2","status":"publish","type":"post","link":"https:\/\/diarioregionaldigital.com.br\/?p=174346","title":{"rendered":"F\u00e9rias"},"content":{"rendered":"<p style=\"text-align: center;\"><strong>Al\u00f4, Al\u00f4<\/strong><\/p>\n<p style=\"text-align: center;\">Dezembro chega com muitas expectativas. O governo quer colocar a privatiza\u00e7\u00e3o da Telebr\u00e1s na pauta da pr\u00f3xima reuni\u00e3o do Conselho do Programa de Parcerias de Investimentos da Economia elaborou uma proposta para a contrata\u00e7\u00e3o do BNDES. A previs\u00e3o \u00e9 desembolsar R$5 milh\u00f5es para que o banco fa\u00e7a um estudo sobre a modelagem da venda da empresa.<\/p>\n<p style=\"text-align: center;\"><strong>Aten\u00e7\u00e3o<\/strong><\/p>\n<p style=\"text-align: center;\">Acreditando no futuro da economia circular, a administradora Carol Esteve lan\u00e7ou a plataforma de vestidos \u2018Second Hand\u2019 com seminovos de marcas badaladas e modelos usados por celebridades. O mix variado superou o preconceito por parte das mulheres em comprar roupa usada.<\/p>\n<p style=\"text-align: center;\"><strong>Voc\u00ea Sabia?<\/strong><\/p>\n<p style=\"text-align: center;\">Em tempos de pandemia, vai surgindo a acelera\u00e7\u00e3o do com\u00e9rcio eletr\u00f4nico. At\u00e9 2030, o faturamento do com\u00e9rcio eletr\u00f4nico no Brasil alcan\u00e7ar\u00e1 a marca de R$315 bilh\u00f5es, mantida a taxa m\u00e9dia de 16% crescimento anual entre 2011 e 2019.<\/p>\n<p style=\"text-align: center;\"><span style=\"font-size: 14pt;\"><strong>F\u00e9rias <\/strong><\/span><\/p>\n<p style=\"text-align: center;\">Com enorme jardim com palmeiras diferentes, o hotel Adia Beijupir\u00e1, em Alagoas \u00e9 \u00f3tima op\u00e7\u00e3o para o merecimento descanso. Al\u00e9m de todas as adapta\u00e7\u00f5es para a seguran\u00e7a dos h\u00f3spedes, com cantinhos de deuses para casais e outros ambientes para poucos. Tem \u00e1rea no restaurante com mesas mais afastadas umas das outras. Para quem sonha com dias de sol, sal e p\u00e9 na areia sem encontrar muita gente, a di\u00e1ria para este ver\u00e3o \u00e9 de R$1.075. Reservas: (82)3298-6508. Para quem pode!<\/p>\n<div id=\"attachment_174327\" style=\"width: 690px\" class=\"wp-caption aligncenter\"><img loading=\"lazy\" decoding=\"async\" aria-describedby=\"caption-attachment-174327\" class=\"wp-image-174327\" src=\"https:\/\/diarioregionaldigital.com.br\/wp-content\/uploads\/2020\/12\/fotoa-1-e1606960021840.jpg\" alt=\"\" width=\"680\" height=\"496\" srcset=\"https:\/\/diarioregionaldigital.com.br\/wp-content\/uploads\/2020\/12\/fotoa-1-e1606960021840.jpg 1400w, https:\/\/diarioregionaldigital.com.br\/wp-content\/uploads\/2020\/12\/fotoa-1-e1606960021840-300x219.jpg 300w, https:\/\/diarioregionaldigital.com.br\/wp-content\/uploads\/2020\/12\/fotoa-1-e1606960021840-1024x748.jpg 1024w, https:\/\/diarioregionaldigital.com.br\/wp-content\/uploads\/2020\/12\/fotoa-1-e1606960021840-768x561.jpg 768w, https:\/\/diarioregionaldigital.com.br\/wp-content\/uploads\/2020\/12\/fotoa-1-e1606960021840-360x263.jpg 360w\" sizes=\"auto, (max-width: 680px) 100vw, 680px\" \/><p id=\"caption-attachment-174327\" class=\"wp-caption-text\">A linda estrelinha Mait\u00ea Cruz, em momento m\u00e1gico com a elegante tia Roberta Cruz<\/p><\/div>\n<div id=\"attachment_174328\" style=\"width: 690px\" class=\"wp-caption aligncenter\"><img loading=\"lazy\" decoding=\"async\" aria-describedby=\"caption-attachment-174328\" class=\"wp-image-174328\" src=\"https:\/\/diarioregionaldigital.com.br\/wp-content\/uploads\/2020\/12\/fotoaa-1-e1606960059387.jpg\" alt=\"\" width=\"680\" height=\"499\" srcset=\"https:\/\/diarioregionaldigital.com.br\/wp-content\/uploads\/2020\/12\/fotoaa-1-e1606960059387.jpg 938w, https:\/\/diarioregionaldigital.com.br\/wp-content\/uploads\/2020\/12\/fotoaa-1-e1606960059387-300x220.jpg 300w, https:\/\/diarioregionaldigital.com.br\/wp-content\/uploads\/2020\/12\/fotoaa-1-e1606960059387-768x563.jpg 768w, https:\/\/diarioregionaldigital.com.br\/wp-content\/uploads\/2020\/12\/fotoaa-1-e1606960059387-360x264.jpg 360w\" sizes=\"auto, (max-width: 680px) 100vw, 680px\" \/><p id=\"caption-attachment-174328\" class=\"wp-caption-text\">Aniversariando a cunhada deste colunista Jussara Oliveira Gomes, posou com as lindas filhas, Rosangela, Elizangela e Carolina<\/p><\/div>\n<div id=\"attachment_174329\" style=\"width: 690px\" class=\"wp-caption aligncenter\"><img loading=\"lazy\" decoding=\"async\" aria-describedby=\"caption-attachment-174329\" class=\"wp-image-174329\" src=\"https:\/\/diarioregionaldigital.com.br\/wp-content\/uploads\/2020\/12\/fotob-1-e1606960094962.jpg\" alt=\"\" width=\"680\" height=\"511\" srcset=\"https:\/\/diarioregionaldigital.com.br\/wp-content\/uploads\/2020\/12\/fotob-1-e1606960094962.jpg 930w, https:\/\/diarioregionaldigital.com.br\/wp-content\/uploads\/2020\/12\/fotob-1-e1606960094962-300x225.jpg 300w, https:\/\/diarioregionaldigital.com.br\/wp-content\/uploads\/2020\/12\/fotob-1-e1606960094962-768x577.jpg 768w, https:\/\/diarioregionaldigital.com.br\/wp-content\/uploads\/2020\/12\/fotob-1-e1606960094962-360x271.jpg 360w\" sizes=\"auto, (max-width: 680px) 100vw, 680px\" \/><p id=\"caption-attachment-174329\" class=\"wp-caption-text\">Esperando dias melhores para voltar as baladas, o querido Jo\u00e3o Vitor Alvarez<\/p><\/div>\n<div id=\"attachment_174330\" style=\"width: 690px\" class=\"wp-caption aligncenter\"><img loading=\"lazy\" decoding=\"async\" aria-describedby=\"caption-attachment-174330\" class=\"wp-image-174330\" src=\"https:\/\/diarioregionaldigital.com.br\/wp-content\/uploads\/2020\/12\/fotobb-e1606960125208.jpeg\" alt=\"\" width=\"680\" height=\"510\" srcset=\"https:\/\/diarioregionaldigital.com.br\/wp-content\/uploads\/2020\/12\/fotobb-e1606960125208.jpeg 413w, https:\/\/diarioregionaldigital.com.br\/wp-content\/uploads\/2020\/12\/fotobb-e1606960125208-300x225.jpeg 300w, https:\/\/diarioregionaldigital.com.br\/wp-content\/uploads\/2020\/12\/fotobb-e1606960125208-360x270.jpeg 360w\" sizes=\"auto, (max-width: 680px) 100vw, 680px\" \/><p id=\"caption-attachment-174330\" class=\"wp-caption-text\">A talentosa artista pl\u00e1stica Trinny Ferrazzi faz sucesso com sua exposi\u00e7\u00e3o no Brazshopping<\/p><\/div>\n<div id=\"attachment_174331\" style=\"width: 690px\" class=\"wp-caption aligncenter\"><img loading=\"lazy\" decoding=\"async\" aria-describedby=\"caption-attachment-174331\" class=\"wp-image-174331\" src=\"https:\/\/diarioregionaldigital.com.br\/wp-content\/uploads\/2020\/12\/fotoc-1-e1606960365415.jpg\" alt=\"\" width=\"680\" height=\"488\" srcset=\"https:\/\/diarioregionaldigital.com.br\/wp-content\/uploads\/2020\/12\/fotoc-1-e1606960365415.jpg 666w, https:\/\/diarioregionaldigital.com.br\/wp-content\/uploads\/2020\/12\/fotoc-1-e1606960365415-300x215.jpg 300w, https:\/\/diarioregionaldigital.com.br\/wp-content\/uploads\/2020\/12\/fotoc-1-e1606960365415-360x258.jpg 360w\" sizes=\"auto, (max-width: 680px) 100vw, 680px\" \/><p id=\"caption-attachment-174331\" class=\"wp-caption-text\">Aniversariante da temporada social a bonita influencer Quelita Quelir<\/p><\/div>\n<div id=\"attachment_174332\" style=\"width: 690px\" class=\"wp-caption aligncenter\"><img loading=\"lazy\" decoding=\"async\" aria-describedby=\"caption-attachment-174332\" class=\"wp-image-174332\" src=\"https:\/\/diarioregionaldigital.com.br\/wp-content\/uploads\/2020\/12\/fotod-1-e1606960406128.jpg\" alt=\"\" width=\"680\" height=\"494\" srcset=\"https:\/\/diarioregionaldigital.com.br\/wp-content\/uploads\/2020\/12\/fotod-1-e1606960406128.jpg 640w, https:\/\/diarioregionaldigital.com.br\/wp-content\/uploads\/2020\/12\/fotod-1-e1606960406128-300x218.jpg 300w, https:\/\/diarioregionaldigital.com.br\/wp-content\/uploads\/2020\/12\/fotod-1-e1606960406128-360x262.jpg 360w\" sizes=\"auto, (max-width: 680px) 100vw, 680px\" \/><p id=\"caption-attachment-174332\" class=\"wp-caption-text\">Educadoras de realce, Lygia Toledo e Regina Miriam<\/p><\/div>\n<div id=\"attachment_174333\" style=\"width: 690px\" class=\"wp-caption aligncenter\"><img loading=\"lazy\" decoding=\"async\" aria-describedby=\"caption-attachment-174333\" class=\"wp-image-174333\" src=\"https:\/\/diarioregionaldigital.com.br\/wp-content\/uploads\/2020\/12\/fotoe-1-e1606960443494.jpg\" alt=\"\" width=\"680\" height=\"510\" srcset=\"https:\/\/diarioregionaldigital.com.br\/wp-content\/uploads\/2020\/12\/fotoe-1-e1606960443494.jpg 810w, https:\/\/diarioregionaldigital.com.br\/wp-content\/uploads\/2020\/12\/fotoe-1-e1606960443494-300x225.jpg 300w, https:\/\/diarioregionaldigital.com.br\/wp-content\/uploads\/2020\/12\/fotoe-1-e1606960443494-768x576.jpg 768w, https:\/\/diarioregionaldigital.com.br\/wp-content\/uploads\/2020\/12\/fotoe-1-e1606960443494-360x270.jpg 360w\" sizes=\"auto, (max-width: 680px) 100vw, 680px\" \/><p id=\"caption-attachment-174333\" class=\"wp-caption-text\">Chiques e suntuosas: Ana Tereza Bai\u00eata Campomizzi e Cristina Mansur<\/p><\/div>\n<div id=\"attachment_174334\" style=\"width: 690px\" class=\"wp-caption aligncenter\"><img loading=\"lazy\" decoding=\"async\" aria-describedby=\"caption-attachment-174334\" class=\"wp-image-174334\" src=\"https:\/\/diarioregionaldigital.com.br\/wp-content\/uploads\/2020\/12\/fotof-e1606960476607.jpeg\" alt=\"\" width=\"680\" height=\"490\" srcset=\"https:\/\/diarioregionaldigital.com.br\/wp-content\/uploads\/2020\/12\/fotof-e1606960476607.jpeg 1079w, https:\/\/diarioregionaldigital.com.br\/wp-content\/uploads\/2020\/12\/fotof-e1606960476607-300x216.jpeg 300w, https:\/\/diarioregionaldigital.com.br\/wp-content\/uploads\/2020\/12\/fotof-e1606960476607-1024x737.jpeg 1024w, https:\/\/diarioregionaldigital.com.br\/wp-content\/uploads\/2020\/12\/fotof-e1606960476607-768x553.jpeg 768w, https:\/\/diarioregionaldigital.com.br\/wp-content\/uploads\/2020\/12\/fotof-e1606960476607-360x259.jpeg 360w\" sizes=\"auto, (max-width: 680px) 100vw, 680px\" \/><p id=\"caption-attachment-174334\" class=\"wp-caption-text\">Sobrinhos deste colunista lindos turistando no Rio de Janeiro: Jo\u00e3o Paulo e Marcos Rocha<\/p><\/div>\n<div id=\"attachment_174335\" style=\"width: 690px\" class=\"wp-caption aligncenter\"><img loading=\"lazy\" decoding=\"async\" aria-describedby=\"caption-attachment-174335\" class=\"wp-image-174335\" src=\"https:\/\/diarioregionaldigital.com.br\/wp-content\/uploads\/2020\/12\/fotog-1-e1606960511418.jpg\" alt=\"\" width=\"680\" height=\"523\" srcset=\"https:\/\/diarioregionaldigital.com.br\/wp-content\/uploads\/2020\/12\/fotog-1-e1606960511418.jpg 555w, https:\/\/diarioregionaldigital.com.br\/wp-content\/uploads\/2020\/12\/fotog-1-e1606960511418-300x231.jpg 300w, https:\/\/diarioregionaldigital.com.br\/wp-content\/uploads\/2020\/12\/fotog-1-e1606960511418-360x277.jpg 360w\" sizes=\"auto, (max-width: 680px) 100vw, 680px\" \/><p id=\"caption-attachment-174335\" class=\"wp-caption-text\">Fot\u00f3grafos de uma gera\u00e7\u00e3o visitando esta coluna social: Nina Mello e Aelson Amaral<\/p><\/div>\n<div id=\"attachment_174336\" style=\"width: 690px\" class=\"wp-caption aligncenter\"><img loading=\"lazy\" decoding=\"async\" aria-describedby=\"caption-attachment-174336\" class=\"wp-image-174336\" src=\"https:\/\/diarioregionaldigital.com.br\/wp-content\/uploads\/2020\/12\/fotoh-1-e1606960541484.jpg\" alt=\"\" width=\"680\" height=\"491\" srcset=\"https:\/\/diarioregionaldigital.com.br\/wp-content\/uploads\/2020\/12\/fotoh-1-e1606960541484.jpg 962w, https:\/\/diarioregionaldigital.com.br\/wp-content\/uploads\/2020\/12\/fotoh-1-e1606960541484-300x216.jpg 300w, https:\/\/diarioregionaldigital.com.br\/wp-content\/uploads\/2020\/12\/fotoh-1-e1606960541484-768x554.jpg 768w, https:\/\/diarioregionaldigital.com.br\/wp-content\/uploads\/2020\/12\/fotoh-1-e1606960541484-360x260.jpg 360w\" sizes=\"auto, (max-width: 680px) 100vw, 680px\" \/><p id=\"caption-attachment-174336\" class=\"wp-caption-text\">Amigos queridos brindando esta coluna: Dilaine Sampaio e Carlos Ferreira<\/p><\/div>\n<p style=\"text-align: center;\"><strong>FOTOSS\u00cdNTESE<\/strong><\/p>\n<p>Hoje (3), as 18h, o Juiz Eric Scapim Cunha Brand\u00e3o recebe a Medalha do Merito Emerj. Ele atua no Rio de Janeiro.<\/p>\n<p>Inaugurado ao lado do Cine Central o Caf\u00e9 Havana, est\u00e1 servindo lanches finos e caf\u00e9s de qualidade. A novidade s\u00e3o os panetones Dulce de Leche em latas lindas com gotas de chocolates recheio de doce de leite, nozes, damasco ameixa e uvas passas, am\u00eandoas e castanha de Caju. As cestas s\u00e3o o curinga da casa. Dica para o Natal.<\/p>\n<p>Para o bem de todos e felicidade geral da na\u00e7\u00e3o, o jornalista S\u00e9rgio Rodrigues j\u00e1 voltou ao comando da R\u00e1dio Cultura de Santos Dumont. Ele est\u00e1 recuperado da Covid-19.<\/p>\n<p>Foi super produtiva a Semana de Preven\u00e7\u00e3o de Acidentes de Trabalho da Santa Casa, com interessantes palestras on-line.<\/p>\n<p>Causando efeito empreendedor o cursos de Marketing da UniAcademia. O curso muito completo abre portas e ensina estrat\u00e9gias para a firma crescer informa\u00e7\u00f5es: campus Academia, fone: 3250-3800.<\/p>\n<p>Devido a pandemia do Coronav\u00edrus foi on-line o Desafio Virtual de Embaixadinhas promovido pela Secretaria de Esporte e lazer (SEL) da Prefeitura os concorrentes ter\u00e3o direito a tr\u00eas tentativas.<\/p>\n<p>A Ag\u00eancia Cubo pilotada por Daniel Vizeu e E-dialog com Renan Caixeiro, s\u00e3o finalistas em seis das oito categorias do Pr\u00eamio Ag\u00eancia de Resultados, conceituados evento da marketing digital.<\/p>\n<p>Com flores lindas e tendo como carro-chefe as orqu\u00eddeas, a Floricultura Primavera real\u00e7a seu colorido na Rua: Mister Moore esquina com Get\u00falio Vargas.<\/p>\n<p>Aten\u00e7\u00e3o bhother: \u201cSe ainda venta, n\u00e3o adianta varrer. Espere o momento certo para agir\u201d. Bom dia.<\/p>\n<p><img loading=\"lazy\" decoding=\"async\" class=\"aligncenter size-full wp-image-174347\" src=\"https:\/\/diarioregionaldigital.com.br\/wp-content\/uploads\/2020\/12\/anuncio64-scaled.jpg\" alt=\"\" width=\"2560\" height=\"935\" srcset=\"https:\/\/diarioregionaldigital.com.br\/wp-content\/uploads\/2020\/12\/anuncio64-scaled.jpg 2560w, https:\/\/diarioregionaldigital.com.br\/wp-content\/uploads\/2020\/12\/anuncio64-300x110.jpg 300w, https:\/\/diarioregionaldigital.com.br\/wp-content\/uploads\/2020\/12\/anuncio64-1024x374.jpg 1024w, https:\/\/diarioregionaldigital.com.br\/wp-content\/uploads\/2020\/12\/anuncio64-768x280.jpg 768w, https:\/\/diarioregionaldigital.com.br\/wp-content\/uploads\/2020\/12\/anuncio64-1536x561.jpg 1536w, https:\/\/diarioregionaldigital.com.br\/wp-content\/uploads\/2020\/12\/anuncio64-2048x748.jpg 2048w, https:\/\/diarioregionaldigital.com.br\/wp-content\/uploads\/2020\/12\/anuncio64-360x131.jpg 360w\" sizes=\"auto, (max-width: 2560px) 100vw, 2560px\" \/><\/p>\n","protected":false},"excerpt":{"rendered":"<p>Al\u00f4, Al\u00f4 Dezembro chega com muitas expectativas. O governo quer colocar a privatiza\u00e7\u00e3o da Telebr\u00e1s na pauta da pr\u00f3xima reuni\u00e3o do Conselho do Programa de Parcerias de Investimentos da Economia elaborou uma proposta para a contrata\u00e7\u00e3o do BNDES. A previs\u00e3o \u00e9 desembolsar R$5 milh\u00f5es para que o banco fa\u00e7a um estudo sobre a modelagem da [&hellip;]<\/p>\n","protected":false},"author":96,"featured_media":174327,"comment_status":"closed","ping_status":"closed","sticky":false,"template":"","format":"standard","meta":{"footnotes":""},"categories":[264],"tags":[],"class_list":["post-174346","post","type-post","status-publish","format-standard","has-post-thumbnail","hentry","category-eduardo-gomes"],"_links":{"self":[{"href":"https:\/\/diarioregionaldigital.com.br\/index.php?rest_route=\/wp\/v2\/posts\/174346","targetHints":{"allow":["GET"]}}],"collection":[{"href":"https:\/\/diarioregionaldigital.com.br\/index.php?rest_route=\/wp\/v2\/posts"}],"about":[{"href":"https:\/\/diarioregionaldigital.com.br\/index.php?rest_route=\/wp\/v2\/types\/post"}],"author":[{"embeddable":true,"href":"https:\/\/diarioregionaldigital.com.br\/index.php?rest_route=\/wp\/v2\/users\/96"}],"replies":[{"embeddable":true,"href":"https:\/\/diarioregionaldigital.com.br\/index.php?rest_route=%2Fwp%2Fv2%2Fcomments&post=174346"}],"version-history":[{"count":0,"href":"https:\/\/diarioregionaldigital.com.br\/index.php?rest_route=\/wp\/v2\/posts\/174346\/revisions"}],"wp:featuredmedia":[{"embeddable":true,"href":"https:\/\/diarioregionaldigital.com.br\/index.php?rest_route=\/wp\/v2\/media\/174327"}],"wp:attachment":[{"href":"https:\/\/diarioregionaldigital.com.br\/index.php?rest_route=%2Fwp%2Fv2%2Fmedia&parent=174346"}],"wp:term":[{"taxonomy":"category","embeddable":true,"href":"https:\/\/diarioregionaldigital.com.br\/index.php?rest_route=%2Fwp%2Fv2%2Fcategories&post=174346"},{"taxonomy":"post_tag","embeddable":true,"href":"https:\/\/diarioregionaldigital.com.br\/index.php?rest_route=%2Fwp%2Fv2%2Ftags&post=174346"}],"curies":[{"name":"wp","href":"https:\/\/api.w.org\/{rel}","templated":true}]}}