{"id":174342,"date":"2020-12-02T19:41:43","date_gmt":"2020-12-02T22:41:43","guid":{"rendered":"https:\/\/diarioregionaldigital.com.br\/?p=174342"},"modified":"2020-12-02T19:41:43","modified_gmt":"2020-12-02T22:41:43","slug":"ministerio-vai-buscar-vacina-de-excelencia-diz-pazuello-no-congresso","status":"publish","type":"post","link":"https:\/\/diarioregionaldigital.com.br\/?p=174342","title":{"rendered":"Minist\u00e9rio vai buscar vacina de excel\u00eancia, diz Pazuello no Congresso"},"content":{"rendered":"<p>O ministro da Sa\u00fade, Eduardo Pazuello, disse\u00a0nesta quarta-feira (2) que o minist\u00e9rio busca uma vacina segura, eficiente e de excel\u00eancia contra o novo coronav\u00edrus. Ele tamb\u00e9m reafirmou que,\u00a0no que depender do governo, a popula\u00e7\u00e3o n\u00e3o ser\u00e1 obrigada a se imunizar contra o v\u00edrus que causa a covid-19.<img decoding=\"async\" src=\"https:\/\/agenciabrasil.ebc.com.br\/ebc.png?id=1395242&amp;o=node\" \/><img decoding=\"async\" src=\"https:\/\/agenciabrasil.ebc.com.br\/ebc.gif?id=1395242&amp;o=node\" \/><\/p>\n<p>\u201cAt\u00e9 o momento \u2013 e isso \u00e9 a posi\u00e7\u00e3o do minist\u00e9rio, falo pelo minist\u00e9rio, falo tamb\u00e9m em conson\u00e2ncia com o presidente da Rep\u00fablica \u2013, a nossa estrat\u00e9gia ser\u00e1 a de n\u00e3o obrigatoriedade da vacina. Trabalhar com campanhas de conscientiza\u00e7\u00e3o, trabalhar com disponibilidade em todas as pontas\u00a0e trabalhar pelo padr\u00e3o da vacina:\u00a0uma vacina campe\u00e3, uma vacina com resultados, sem [efeitos] colaterais. S\u00f3 passar\u00e1 por n\u00f3s a vacina com essa excel\u00eancia. Quero deixar isso claro:\u00a0a vacina ter\u00e1 que ter excel\u00eancia, e [haver\u00e1] uma grande campanha de conscientiza\u00e7\u00e3o. Com isso, n\u00f3s vamos ter uma procura muito grande, e n\u00e3o uma obrigatoriedade\u201d, disse o ministro, durante audi\u00eancia p\u00fablica na comiss\u00e3o mista do Congresso que\u00a0acompanha as a\u00e7\u00f5es do governo no combate \u00e0 covid-19.<\/p>\n<p>Ainda segundo Eduardo Pazuello, o Minist\u00e9rio da Sa\u00fade\u00a0aguarda a posi\u00e7\u00e3o do Supremo Tribunal Federal sobre a quest\u00e3o. \u201cO STF vai fazer o julgamento da obrigatoriedade. Isso tamb\u00e9m faz parte do nosso pa\u00eds, dos nossos Poderes. N\u00f3s vamos nos defender e apresentar nossas ideias, e os ju\u00edzes v\u00e3o definir\u201d, disse.<\/p>\n<p>A partir do dia 11, o\u00a0STF vai julgar em plen\u00e1rio virtual duas a\u00e7\u00f5es que tratam da obrigatoriedade da vacina\u00e7\u00e3o contra a covid-19. Sob a relatoria do ministro Ricardo Lewandowski, em uma das a\u00e7\u00f5es, ajuizada em outubro, o PDT quer garantir a compet\u00eancia de estados e munic\u00edpios para definir a obrigatoriedade da vacina\u00e7\u00e3o. Em outra a\u00e7\u00e3o, o PTB, partido aliado do governo, quer que a Corte determine a n\u00e3o\u00a0obrigatoriedade\u00a0da\u00a0imuniza\u00e7\u00e3o.<\/p>\n<p><strong>Vacina<\/strong><\/p>\n<p>Em 2021, Pazuello disse aos parlamentares que haver\u00e1 um cen\u00e1rio \u201cmais interessante\u201d, com vacinas previstas no mundo inteiro:\u00a0\u201cEstamos trabalhando para que o Brasil conte com as melhores vacinas dispon\u00edveis e possa imunizar, e bem, a nossa popula\u00e7\u00e3o.\u201d<\/p>\n<p>Sobre o registro desses imunizantes para a Covid-19, o ministro da Sa\u00fade disse que os t\u00e9cnicos da Ag\u00eancia Nacional de Vigil\u00e2ncia Sanit\u00e1ria (Anvisa) est\u00e3o voltados e prontos para tratar o assunto de forma c\u00e9lere e direta, com\u00a0<a href=\"https:\/\/agenciabrasil.ebc.com.br\/saude\/noticia\/2020-11\/procedimento-da-anvisa-vai-acelerar-registro-de-vacinas-contra-covid-19\" target=\"_blank\" rel=\"noopener noreferrer\">mudan\u00e7as de protocolos<\/a>, recebimentos de documenta\u00e7\u00e3o com submiss\u00e3o cont\u00ednua e\u00a0imediata de cada processo. \u201cEssas s\u00e3o discuss\u00f5es constantes da equipe do [diretor-presidente da Anvisa] Almirante Barra. E n\u00f3s precisamos compreender, de uma vez por todas, que n\u00f3s s\u00f3 aplicaremos vacinas no Brasil registradas na Anvisa, com todos os protocolos cumpridos da maneira correta. Isso precisa ficar claro\u201d, ressaltou.<\/p>\n<p><strong>Testes<\/strong><\/p>\n<p>Eduardo Pazuello lembrou ainda que, desde o in\u00edcio da pandemia, j\u00e1 foram distribu\u00eddos quase 9 milh\u00f5es de testes RT-PCR para todo o pa\u00eds. O ministro informou que estados e munic\u00edpios j\u00e1 t\u00eam \u00e0 disposi\u00e7\u00e3o com eles um quantitativo de cerca de 2 milh\u00f5es de testes hoje. Al\u00e9m disso,\u00a0o Minist\u00e9rio da Sa\u00fade ainda disp\u00f5e de um quantitativo de cerca de 6 milh\u00f5es de testes.<\/p>\n<p>Pela falta de locais nos estados para armazenar grandes quantidades de testes, o minist\u00e9rio justificou a distribui\u00e7\u00e3o por demanda. \u201cQuando d\u00e1 um novo repique, uma nova subida, a gente tem uma procura maior de testes tamb\u00e9m. Isso faz parte do sistema de demanda, ou seja:\u00a0quem d\u00e1 a primeira resposta \u00e9 o m\u00e9dico, com o seu diagn\u00f3stico cl\u00ednico, que pode ou n\u00e3o solicitar o teste. E essa demanda por testes come\u00e7a na ponta da linha, vai passar pelo Estado e vai chegar para n\u00f3s por demanda, e n\u00f3s vamos atender. N\u00f3s temos capacidade de atender o que for necess\u00e1rio aos estados. Esta \u00e9 a grande log\u00edstica: \u00e9 ter capacidade de atender o que lhe \u00e9 demandado, e n\u00e3o apenas empurrar quantitativos para a frente, no processo\u201d, explicou o ministro.<\/p>\n<p><strong>Programa Nacional de Imuniza\u00e7\u00e3o<\/strong><\/p>\n<p>Ainda durante a audi\u00eancia p\u00fablica, o ministro da Sa\u00fade explicou que o Brasil tem o maior programa imuniza\u00e7\u00e3o do mundo, que distribui anualmente 300 milh\u00f5es de doses de vacinas. O pa\u00eds tamb\u00e9m conta com mais de 37 mil salas de vacinas com refrigeradores a temperaturas que variam entre 20 graus negativos e 8\u00ba graus positivos.<\/p>\n<p>A pasta est\u00e1 em fase de aquisi\u00e7\u00e3o de 300 milh\u00f5es de seringas e agulhas para essa vacina\u00e7\u00e3o espec\u00edfica. Segundo Pazuello,\u00a0est\u00e3o sendo repassados em torno de R$ 42 milh\u00f5es\u00a0para a moderniza\u00e7\u00e3o de parte dessa rede de refrigeradores\u00a0do Programa Nacional de Imuniza\u00e7\u00f5es.<\/p>\n<p><strong>Fonte:\u00a0<\/strong>Ag\u00eancia Brasil<\/p>\n","protected":false},"excerpt":{"rendered":"<p>O ministro da Sa\u00fade, Eduardo Pazuello, disse\u00a0nesta quarta-feira (2) que o minist\u00e9rio busca uma vacina segura, eficiente e de excel\u00eancia contra o novo coronav\u00edrus. Ele tamb\u00e9m reafirmou que,\u00a0no que depender do governo, a popula\u00e7\u00e3o n\u00e3o ser\u00e1 obrigada a se imunizar contra o v\u00edrus que causa a covid-19. \u201cAt\u00e9 o momento \u2013 e isso \u00e9 a [&hellip;]<\/p>\n","protected":false},"author":96,"featured_media":174343,"comment_status":"closed","ping_status":"closed","sticky":false,"template":"","format":"standard","meta":{"footnotes":""},"categories":[302,436,439],"tags":[],"class_list":["post-174342","post","type-post","status-publish","format-standard","has-post-thumbnail","hentry","category-brasil-mundo","category-destaque-da-semana","category-ultima-hora"],"_links":{"self":[{"href":"https:\/\/diarioregionaldigital.com.br\/index.php?rest_route=\/wp\/v2\/posts\/174342","targetHints":{"allow":["GET"]}}],"collection":[{"href":"https:\/\/diarioregionaldigital.com.br\/index.php?rest_route=\/wp\/v2\/posts"}],"about":[{"href":"https:\/\/diarioregionaldigital.com.br\/index.php?rest_route=\/wp\/v2\/types\/post"}],"author":[{"embeddable":true,"href":"https:\/\/diarioregionaldigital.com.br\/index.php?rest_route=\/wp\/v2\/users\/96"}],"replies":[{"embeddable":true,"href":"https:\/\/diarioregionaldigital.com.br\/index.php?rest_route=%2Fwp%2Fv2%2Fcomments&post=174342"}],"version-history":[{"count":0,"href":"https:\/\/diarioregionaldigital.com.br\/index.php?rest_route=\/wp\/v2\/posts\/174342\/revisions"}],"wp:featuredmedia":[{"embeddable":true,"href":"https:\/\/diarioregionaldigital.com.br\/index.php?rest_route=\/wp\/v2\/media\/174343"}],"wp:attachment":[{"href":"https:\/\/diarioregionaldigital.com.br\/index.php?rest_route=%2Fwp%2Fv2%2Fmedia&parent=174342"}],"wp:term":[{"taxonomy":"category","embeddable":true,"href":"https:\/\/diarioregionaldigital.com.br\/index.php?rest_route=%2Fwp%2Fv2%2Fcategories&post=174342"},{"taxonomy":"post_tag","embeddable":true,"href":"https:\/\/diarioregionaldigital.com.br\/index.php?rest_route=%2Fwp%2Fv2%2Ftags&post=174342"}],"curies":[{"name":"wp","href":"https:\/\/api.w.org\/{rel}","templated":true}]}}