{"id":174339,"date":"2020-12-02T19:39:52","date_gmt":"2020-12-02T22:39:52","guid":{"rendered":"https:\/\/diarioregionaldigital.com.br\/?p=174339"},"modified":"2020-12-02T19:39:52","modified_gmt":"2020-12-02T22:39:52","slug":"mec-determina-volta-as-aulas-presenciais-a-partir-de-janeiro","status":"publish","type":"post","link":"https:\/\/diarioregionaldigital.com.br\/?p=174339","title":{"rendered":"MEC determina volta \u00e0s aulas presenciais a partir de janeiro"},"content":{"rendered":"<p>O\u00a0<em>Di\u00e1rio Oficial da Uni\u00e3o<\/em>\u00a0publica, nesta quarta-feira (2),\u00a0<a href=\"https:\/\/www.in.gov.br\/web\/dou\/-\/portaria-n-1.030-de-1-de-dezembro-de-2020-291532789\" target=\"_blank\" rel=\"noopener noreferrer\">portaria do Minist\u00e9rio da Educa\u00e7\u00e3o (MEC)<\/a>, determinando que institui\u00e7\u00f5es federais de ensino superior voltem \u00e0s aulas presenciais, a partir de 4 de janeiro de 2021. Para isso, as institui\u00e7\u00f5es devem adotar um &#8220;protocolo de biosseguran\u00e7a&#8221;, definido na\u00a0<a href=\"https:\/\/www.in.gov.br\/en\/web\/dou\/-\/portaria-n-572-de-1-de-julho-de-2020-264670332\" target=\"_blank\" rel=\"noopener noreferrer\">Portaria MEC n\u00ba 572, de 1\u00ba de julho de 2020<\/a>, contra a propaga\u00e7\u00e3o do novo coronav\u00edrus (covid-19).<img decoding=\"async\" src=\"https:\/\/agenciabrasil.ebc.com.br\/ebc.png?id=1395218&amp;o=node\" \/><img decoding=\"async\" src=\"https:\/\/agenciabrasil.ebc.com.br\/ebc.gif?id=1395218&amp;o=node\" \/><\/p>\n<p>O documento estabelece ainda a ado\u00e7\u00e3o de recursos educacionais digitais, tecnologias de informa\u00e7\u00e3o e comunica\u00e7\u00e3o ou outros meios convencionais, que dever\u00e3o ser \u201cutilizados de forma complementar, em car\u00e1ter excepcional, para integraliza\u00e7\u00e3o da carga hor\u00e1ria das atividades pedag\u00f3gicas\u201d.<\/p>\n<p>O texto da portaria diz, tamb\u00e9m, que as \u201cpr\u00e1ticas profissionais de est\u00e1gios ou as que exijam laborat\u00f3rios especializados, a aplica\u00e7\u00e3o da excepcionalidade\u201d, devem obedecer \u00e0s Diretrizes Nacionais Curriculares aprovadas pelo Conselho Nacional de Educa\u00e7\u00e3o (CNE), \u201cficando vedada a aplica\u00e7\u00e3o da excepcionalidade aos cursos que n\u00e3o estejam disciplinados pelo CNE\u201d.<\/p>\n<p>O documento estabelece\u00a0que, especificamente\u00a0para o curso de medicina, &#8220;fica autorizada a excepcionalidade apenas \u00e0s disciplinas te\u00f3rico-cognitivas do primeiro ao quarto ano do curso, conforme disciplinado pelo CNE&#8221;.<\/p>\n<p><strong>Fonte:\u00a0<\/strong>Ag\u00eancia Brasil<\/p>\n","protected":false},"excerpt":{"rendered":"<p>O\u00a0Di\u00e1rio Oficial da Uni\u00e3o\u00a0publica, nesta quarta-feira (2),\u00a0portaria do Minist\u00e9rio da Educa\u00e7\u00e3o (MEC), determinando que institui\u00e7\u00f5es federais de ensino superior voltem \u00e0s aulas presenciais, a partir de 4 de janeiro de 2021. Para isso, as institui\u00e7\u00f5es devem adotar um &#8220;protocolo de biosseguran\u00e7a&#8221;, definido na\u00a0Portaria MEC n\u00ba 572, de 1\u00ba de julho de 2020, contra a propaga\u00e7\u00e3o [&hellip;]<\/p>\n","protected":false},"author":96,"featured_media":174340,"comment_status":"closed","ping_status":"closed","sticky":false,"template":"","format":"standard","meta":{"footnotes":""},"categories":[302,436,439],"tags":[],"class_list":["post-174339","post","type-post","status-publish","format-standard","has-post-thumbnail","hentry","category-brasil-mundo","category-destaque-da-semana","category-ultima-hora"],"_links":{"self":[{"href":"https:\/\/diarioregionaldigital.com.br\/index.php?rest_route=\/wp\/v2\/posts\/174339","targetHints":{"allow":["GET"]}}],"collection":[{"href":"https:\/\/diarioregionaldigital.com.br\/index.php?rest_route=\/wp\/v2\/posts"}],"about":[{"href":"https:\/\/diarioregionaldigital.com.br\/index.php?rest_route=\/wp\/v2\/types\/post"}],"author":[{"embeddable":true,"href":"https:\/\/diarioregionaldigital.com.br\/index.php?rest_route=\/wp\/v2\/users\/96"}],"replies":[{"embeddable":true,"href":"https:\/\/diarioregionaldigital.com.br\/index.php?rest_route=%2Fwp%2Fv2%2Fcomments&post=174339"}],"version-history":[{"count":0,"href":"https:\/\/diarioregionaldigital.com.br\/index.php?rest_route=\/wp\/v2\/posts\/174339\/revisions"}],"wp:featuredmedia":[{"embeddable":true,"href":"https:\/\/diarioregionaldigital.com.br\/index.php?rest_route=\/wp\/v2\/media\/174340"}],"wp:attachment":[{"href":"https:\/\/diarioregionaldigital.com.br\/index.php?rest_route=%2Fwp%2Fv2%2Fmedia&parent=174339"}],"wp:term":[{"taxonomy":"category","embeddable":true,"href":"https:\/\/diarioregionaldigital.com.br\/index.php?rest_route=%2Fwp%2Fv2%2Fcategories&post=174339"},{"taxonomy":"post_tag","embeddable":true,"href":"https:\/\/diarioregionaldigital.com.br\/index.php?rest_route=%2Fwp%2Fv2%2Ftags&post=174339"}],"curies":[{"name":"wp","href":"https:\/\/api.w.org\/{rel}","templated":true}]}}