{"id":174326,"date":"2020-12-02T19:37:11","date_gmt":"2020-12-02T22:37:11","guid":{"rendered":"https:\/\/diarioregionaldigital.com.br\/?p=174326"},"modified":"2020-12-02T19:37:11","modified_gmt":"2020-12-02T22:37:11","slug":"brasil-tem-498-mil-novos-casos-de-covid-19-e-698-mortes-em-24-horas","status":"publish","type":"post","link":"https:\/\/diarioregionaldigital.com.br\/?p=174326","title":{"rendered":"Brasil tem 49,8 mil novos casos de covid-19 e 698 mortes em 24 horas"},"content":{"rendered":"<p>Nas \u00faltimas 24 horas, foram registrados 49.863 novos casos de covid-19 e 698 mortes em consequ\u00eancia da doen\u00e7a. Os dados est\u00e3o na atualiza\u00e7\u00e3o di\u00e1ria divulgada pelo Minist\u00e9rio da Sa\u00fade.<img decoding=\"async\" src=\"https:\/\/agenciabrasil.ebc.com.br\/ebc.png?id=1395304&amp;o=node\" \/><img decoding=\"async\" src=\"https:\/\/agenciabrasil.ebc.com.br\/ebc.gif?id=1395304&amp;o=node\" \/><\/p>\n<p>Com as novas mortes notificadas pelas autoridades de sa\u00fade, o total de vidas perdidas para a pandemia de covid-19 chegou a 174.515. Ontem (1\u00ba), o sistema do Minist\u00e9rio da Sa\u00fade (MS) trazia 173.817 \u00f3bitos. Ainda h\u00e1 2.164 falecimentos em investiga\u00e7\u00e3o.<\/p>\n<p>Desde o in\u00edcio da pandemia, em mar\u00e7o deste ano, o n\u00famero de pessoas infectadas pelo novo coronav\u00edrus atingiu 6.436.650. Ontem, o painel do MS marcava 6.386.787 casos acumulados.<\/p>\n<p>Ainda conforme a atualiza\u00e7\u00e3o do \u00f3rg\u00e3o, h\u00e1 563.782 pacientes em acompanhamento. Outras 5.698.353 pessoas j\u00e1 se recuperaram da doen\u00e7a.<\/p>\n<p><strong>Estados<\/strong><\/p>\n<p>S\u00e3o Paulo (42.456) tem o maior n\u00famero de mortes registradas at\u00e9 hoje e \u00e9 seguido por Rio de Janeiro (22.764), Minas Gerais (10.121), Cear\u00e1 (9.640) e Pernambuco (9.082). As unidades da federa\u00e7\u00e3o com menos \u00f3bitos pela doen\u00e7a s\u00e3o Acre (727), Roraima (734), Amap\u00e1 (814), Tocantins (1.170) e Rond\u00f4nia (1.579).<\/p>\n<p><strong>Fonte:<\/strong> Ag\u00eancia Brasil<\/p>\n","protected":false},"excerpt":{"rendered":"<p>Nas \u00faltimas 24 horas, foram registrados 49.863 novos casos de covid-19 e 698 mortes em consequ\u00eancia da doen\u00e7a. Os dados est\u00e3o na atualiza\u00e7\u00e3o di\u00e1ria divulgada pelo Minist\u00e9rio da Sa\u00fade. Com as novas mortes notificadas pelas autoridades de sa\u00fade, o total de vidas perdidas para a pandemia de covid-19 chegou a 174.515. Ontem (1\u00ba), o sistema [&hellip;]<\/p>\n","protected":false},"author":96,"featured_media":174337,"comment_status":"closed","ping_status":"closed","sticky":false,"template":"","format":"standard","meta":{"footnotes":""},"categories":[302,436,439],"tags":[],"class_list":["post-174326","post","type-post","status-publish","format-standard","has-post-thumbnail","hentry","category-brasil-mundo","category-destaque-da-semana","category-ultima-hora"],"_links":{"self":[{"href":"https:\/\/diarioregionaldigital.com.br\/index.php?rest_route=\/wp\/v2\/posts\/174326","targetHints":{"allow":["GET"]}}],"collection":[{"href":"https:\/\/diarioregionaldigital.com.br\/index.php?rest_route=\/wp\/v2\/posts"}],"about":[{"href":"https:\/\/diarioregionaldigital.com.br\/index.php?rest_route=\/wp\/v2\/types\/post"}],"author":[{"embeddable":true,"href":"https:\/\/diarioregionaldigital.com.br\/index.php?rest_route=\/wp\/v2\/users\/96"}],"replies":[{"embeddable":true,"href":"https:\/\/diarioregionaldigital.com.br\/index.php?rest_route=%2Fwp%2Fv2%2Fcomments&post=174326"}],"version-history":[{"count":0,"href":"https:\/\/diarioregionaldigital.com.br\/index.php?rest_route=\/wp\/v2\/posts\/174326\/revisions"}],"wp:featuredmedia":[{"embeddable":true,"href":"https:\/\/diarioregionaldigital.com.br\/index.php?rest_route=\/wp\/v2\/media\/174337"}],"wp:attachment":[{"href":"https:\/\/diarioregionaldigital.com.br\/index.php?rest_route=%2Fwp%2Fv2%2Fmedia&parent=174326"}],"wp:term":[{"taxonomy":"category","embeddable":true,"href":"https:\/\/diarioregionaldigital.com.br\/index.php?rest_route=%2Fwp%2Fv2%2Fcategories&post=174326"},{"taxonomy":"post_tag","embeddable":true,"href":"https:\/\/diarioregionaldigital.com.br\/index.php?rest_route=%2Fwp%2Fv2%2Ftags&post=174326"}],"curies":[{"name":"wp","href":"https:\/\/api.w.org\/{rel}","templated":true}]}}