{"id":174324,"date":"2020-12-02T19:18:56","date_gmt":"2020-12-02T22:18:56","guid":{"rendered":"https:\/\/diarioregionaldigital.com.br\/?p=174324"},"modified":"2020-12-02T19:18:56","modified_gmt":"2020-12-02T22:18:56","slug":"covid-19-taxa-de-ocupacao-dos-leitos-de-uti-chegam-a-8609","status":"publish","type":"post","link":"https:\/\/diarioregionaldigital.com.br\/?p=174324","title":{"rendered":"Covid-19: Taxa de ocupa\u00e7\u00e3o dos leitos de UTI chegam a 86,09%"},"content":{"rendered":"<p><span style=\"font-weight: 400;\">O novo boletim epidemiol\u00f3gico divulgado nesta quarta-feira (2) pela Secretaria de Sa\u00fade (SS) da Prefeitura de Juiz de Fora (PJF), aponta que o munic\u00edpio apresenta taxa de 86,09% de ocupa\u00e7\u00e3o dos leitos de UTI, destinados aos pacientes com Covid-19. A taxa de ocupa\u00e7\u00e3o dos leitos de UTI da rede p\u00fablica \u00e9 de 80,71%. J\u00e1 os leitos de UTI particulares, 96,19% est\u00e3o ocupados.\u00a0<\/span><\/p>\n<p><span style=\"font-weight: 400;\">De acordo com os dados do novo painel da Prefeitura, 334 pessoas est\u00e3o hospitalizadas pela doen\u00e7a, sendo que 119 pacientes ocupam leitos de UTI e 215 de enfermaria (p\u00fablico e privado).\u00a0<\/span><\/p>\n<p><b>Cen\u00e1rio no munic\u00edpio<\/b><\/p>\n<p><span style=\"font-weight: 400;\">Conforme o levantamento, Juiz de Fora contabilizou mais 22 novos casos pela doen\u00e7a, acumulando 9.451 pessoas infectadas. Al\u00e9m disso, 32.657 pacientes s\u00e3o suspeitos de terem a doen\u00e7a. O novo boletim n\u00e3o registrou mortes e o total segue com 333 \u00f3bitos.<\/span><\/p>\n<p><b>Ranking de bairros com maior n\u00famero de casos<\/b><\/p>\n<p><span style=\"font-weight: 400;\">Conforme o novo painel da Prefeitura, os bairros do munic\u00edpio que apresentam maiores n\u00fameros de casos confirmados pela doen\u00e7a s\u00e3o: Centro (605), S\u00e3o Mateus (397), S\u00e3o Pedro (262), Benfica (227), Alto dos Passos (185), Santa Luzia (163), Bom Pastor (159), Progresso (103), Nova Era (150) e Bandeirantes (145).<\/span><\/p>\n<p><b>Casos recuperados<\/b><\/p>\n<p><span style=\"font-weight: 400;\">Ainda segundo os dados, Juiz de Fora tem 8.441 pacientes recuperados do Coronav\u00edrus. O total representa 89,31% das pessoas infectadas.<\/span><\/p>\n","protected":false},"excerpt":{"rendered":"<p>O novo boletim epidemiol\u00f3gico divulgado nesta quarta-feira (2) pela Secretaria de Sa\u00fade (SS) da Prefeitura de Juiz de Fora (PJF), aponta que o munic\u00edpio apresenta taxa de 86,09% de ocupa\u00e7\u00e3o dos leitos de UTI, destinados aos pacientes com Covid-19. A taxa de ocupa\u00e7\u00e3o dos leitos de UTI da rede p\u00fablica \u00e9 de 80,71%. J\u00e1 os [&hellip;]<\/p>\n","protected":false},"author":96,"featured_media":161787,"comment_status":"closed","ping_status":"closed","sticky":false,"template":"","format":"standard","meta":{"footnotes":""},"categories":[253,436,440,439],"tags":[],"class_list":["post-174324","post","type-post","status-publish","format-standard","has-post-thumbnail","hentry","category-cidade","category-destaque-da-semana","category-destaques-do-dia","category-ultima-hora"],"_links":{"self":[{"href":"https:\/\/diarioregionaldigital.com.br\/index.php?rest_route=\/wp\/v2\/posts\/174324","targetHints":{"allow":["GET"]}}],"collection":[{"href":"https:\/\/diarioregionaldigital.com.br\/index.php?rest_route=\/wp\/v2\/posts"}],"about":[{"href":"https:\/\/diarioregionaldigital.com.br\/index.php?rest_route=\/wp\/v2\/types\/post"}],"author":[{"embeddable":true,"href":"https:\/\/diarioregionaldigital.com.br\/index.php?rest_route=\/wp\/v2\/users\/96"}],"replies":[{"embeddable":true,"href":"https:\/\/diarioregionaldigital.com.br\/index.php?rest_route=%2Fwp%2Fv2%2Fcomments&post=174324"}],"version-history":[{"count":0,"href":"https:\/\/diarioregionaldigital.com.br\/index.php?rest_route=\/wp\/v2\/posts\/174324\/revisions"}],"wp:featuredmedia":[{"embeddable":true,"href":"https:\/\/diarioregionaldigital.com.br\/index.php?rest_route=\/wp\/v2\/media\/161787"}],"wp:attachment":[{"href":"https:\/\/diarioregionaldigital.com.br\/index.php?rest_route=%2Fwp%2Fv2%2Fmedia&parent=174324"}],"wp:term":[{"taxonomy":"category","embeddable":true,"href":"https:\/\/diarioregionaldigital.com.br\/index.php?rest_route=%2Fwp%2Fv2%2Fcategories&post=174324"},{"taxonomy":"post_tag","embeddable":true,"href":"https:\/\/diarioregionaldigital.com.br\/index.php?rest_route=%2Fwp%2Fv2%2Ftags&post=174324"}],"curies":[{"name":"wp","href":"https:\/\/api.w.org\/{rel}","templated":true}]}}