{"id":174280,"date":"2020-12-02T10:33:09","date_gmt":"2020-12-02T13:33:09","guid":{"rendered":"https:\/\/diarioregionaldigital.com.br\/?p=174280"},"modified":"2020-12-02T10:33:09","modified_gmt":"2020-12-02T13:33:09","slug":"covid-19-minas-gerais-totaliza-10-121-vidas-perdidas","status":"publish","type":"post","link":"https:\/\/diarioregionaldigital.com.br\/?p=174280","title":{"rendered":"Covid-19: Minas Gerais totaliza 10.121 vidas perdidas"},"content":{"rendered":"<p>O novo\u00a0<a href=\"https:\/\/www.saude.mg.gov.br\/images\/noticias_e_eventos\/000_2020\/Boletins_Corona\/02.12.2020Boletim%20Epidemiologico_COVID-19.pdf\">boletim epidemiol\u00f3gico<\/a> publicado nesta quarta-feira (2), pela Secretaria de Estado da Sa\u00fade de Minas Gerais (SES-MG), informa que nas \u00faltimas 24h, o estado registrou 70 mortes decorrentes do Coronav\u00edrus, totalizando 10.121 vidas perdidas. O boletim aponta que 5.716 v\u00edtimas s\u00e3o do sexo masculino e 4.405 s\u00e3o do feminino. Segundo o levantamento, foram notificados mais 4.500 novos casos. No acumulado s\u00e3o 424.155 pessoas infectadas.<\/p>\n<p>Al\u00e9m disso, 386.258 pacientes est\u00e3o recuperados da doen\u00e7a, representando 91,06% dos casos. Quanto aos dados de hospitaliza\u00e7\u00e3o, 40.291 est\u00e3o internados e 383.864 est\u00e3o em isolamento domiciliar.<\/p>\n","protected":false},"excerpt":{"rendered":"<p>O novo\u00a0boletim epidemiol\u00f3gico publicado nesta quarta-feira (2), pela Secretaria de Estado da Sa\u00fade de Minas Gerais (SES-MG), informa que nas \u00faltimas 24h, o estado registrou 70 mortes decorrentes do Coronav\u00edrus, totalizando 10.121 vidas perdidas. O boletim aponta que 5.716 v\u00edtimas s\u00e3o do sexo masculino e 4.405 s\u00e3o do feminino. Segundo o levantamento, foram notificados mais [&hellip;]<\/p>\n","protected":false},"author":96,"featured_media":157303,"comment_status":"closed","ping_status":"closed","sticky":false,"template":"","format":"standard","meta":{"footnotes":""},"categories":[436,440,252,439],"tags":[],"class_list":["post-174280","post","type-post","status-publish","format-standard","has-post-thumbnail","hentry","category-destaque-da-semana","category-destaques-do-dia","category-regiao","category-ultima-hora"],"_links":{"self":[{"href":"https:\/\/diarioregionaldigital.com.br\/index.php?rest_route=\/wp\/v2\/posts\/174280","targetHints":{"allow":["GET"]}}],"collection":[{"href":"https:\/\/diarioregionaldigital.com.br\/index.php?rest_route=\/wp\/v2\/posts"}],"about":[{"href":"https:\/\/diarioregionaldigital.com.br\/index.php?rest_route=\/wp\/v2\/types\/post"}],"author":[{"embeddable":true,"href":"https:\/\/diarioregionaldigital.com.br\/index.php?rest_route=\/wp\/v2\/users\/96"}],"replies":[{"embeddable":true,"href":"https:\/\/diarioregionaldigital.com.br\/index.php?rest_route=%2Fwp%2Fv2%2Fcomments&post=174280"}],"version-history":[{"count":0,"href":"https:\/\/diarioregionaldigital.com.br\/index.php?rest_route=\/wp\/v2\/posts\/174280\/revisions"}],"wp:featuredmedia":[{"embeddable":true,"href":"https:\/\/diarioregionaldigital.com.br\/index.php?rest_route=\/wp\/v2\/media\/157303"}],"wp:attachment":[{"href":"https:\/\/diarioregionaldigital.com.br\/index.php?rest_route=%2Fwp%2Fv2%2Fmedia&parent=174280"}],"wp:term":[{"taxonomy":"category","embeddable":true,"href":"https:\/\/diarioregionaldigital.com.br\/index.php?rest_route=%2Fwp%2Fv2%2Fcategories&post=174280"},{"taxonomy":"post_tag","embeddable":true,"href":"https:\/\/diarioregionaldigital.com.br\/index.php?rest_route=%2Fwp%2Fv2%2Ftags&post=174280"}],"curies":[{"name":"wp","href":"https:\/\/api.w.org\/{rel}","templated":true}]}}