{"id":174273,"date":"2020-12-02T06:00:18","date_gmt":"2020-12-02T09:00:18","guid":{"rendered":"https:\/\/diarioregionaldigital.com.br\/?p=174273"},"modified":"2020-12-02T01:01:38","modified_gmt":"2020-12-02T04:01:38","slug":"impactos","status":"publish","type":"post","link":"https:\/\/diarioregionaldigital.com.br\/?p=174273","title":{"rendered":"Impactos"},"content":{"rendered":"<p style=\"text-align: center;\"><strong>Dando uma M\u00e3o <\/strong><\/p>\n<p style=\"text-align: center;\">Em tempos que precisamos fazer a solidariedade, o Ambulat\u00f3rio da Gl\u00f3ria est\u00e1 arrecadando alimentos panetones e caixas de bombom para a cesta de Natal. As doa\u00e7\u00f5es podem ser entregues na Igreja da Gl\u00f3ria ou na institui\u00e7\u00e3o. No dia 9 de dezembro, a coordenadora Sandra Helena Hansen vai organizar um \u201cdrive thru solid\u00e1rio\u201d.<\/p>\n<p style=\"text-align: center;\"><strong>Impactos<\/strong><\/p>\n<p style=\"text-align: center;\">Os brasileiros est\u00e3o entre as popula\u00e7\u00f5es mais conectadas do mundo (com mais de 9 horas por dia), e nas primeiras coloca\u00e7\u00f5es entre as que mais usam plataformas de m\u00eddias sociais. Neste est\u00e1 sendo revalorizada e tem desemprenhado um papel educacional de massa muito construtivo e decisivo.<\/p>\n<p style=\"text-align: center;\"><strong>Suave<\/strong><\/p>\n<p style=\"text-align: center;\">Com pegada artsy, o artista pl\u00e1stico Bruno Dante vem se destacando com trabalho modernos e coloridos. Durante a pandemia ele lan\u00e7ou a marca E Toy Art. As pe\u00e7as s\u00e3o pintadas \u00e0 m\u00e3o e podem ser presas na parede. Est\u00e3o \u00e1 venda no site etoyart.com.<\/p>\n<p style=\"text-align: center;\"><strong>Voc\u00ea Sabia<\/strong><\/p>\n<p style=\"text-align: center;\">Avan\u00e7ando muito e sem alarde o IFood passou operar no segmento de farm\u00e1cia, tradicional nicho de sua rival Rappi. Redes Raia, Drogasil e Pague Menos j\u00e1 fecharam acordos com o IFood.<\/p>\n<p style=\"text-align: center;\"><strong>Up:<\/strong> Dezembro \u00e9 bom para: receber e distribuir presentes de Natal para as pessoas queridas, seja da fam\u00edlia, amigos ou seu amor.<\/p>\n<div id=\"attachment_174211\" style=\"width: 690px\" class=\"wp-caption aligncenter\"><img loading=\"lazy\" decoding=\"async\" aria-describedby=\"caption-attachment-174211\" class=\"wp-image-174211\" src=\"https:\/\/diarioregionaldigital.com.br\/wp-content\/uploads\/2020\/12\/fotoa-e1606880960863.jpg\" alt=\"\" width=\"680\" height=\"512\" srcset=\"https:\/\/diarioregionaldigital.com.br\/wp-content\/uploads\/2020\/12\/fotoa-e1606880960863.jpg 1345w, https:\/\/diarioregionaldigital.com.br\/wp-content\/uploads\/2020\/12\/fotoa-e1606880960863-300x226.jpg 300w, https:\/\/diarioregionaldigital.com.br\/wp-content\/uploads\/2020\/12\/fotoa-e1606880960863-1024x770.jpg 1024w, https:\/\/diarioregionaldigital.com.br\/wp-content\/uploads\/2020\/12\/fotoa-e1606880960863-768x578.jpg 768w, https:\/\/diarioregionaldigital.com.br\/wp-content\/uploads\/2020\/12\/fotoa-e1606880960863-360x271.jpg 360w\" sizes=\"auto, (max-width: 680px) 100vw, 680px\" \/><p id=\"caption-attachment-174211\" class=\"wp-caption-text\">A elegante Margarida Miguel, comemorando o sucesso de sua maison de noivas e roupas de festa Margot<\/p><\/div>\n<div id=\"attachment_174212\" style=\"width: 690px\" class=\"wp-caption aligncenter\"><img loading=\"lazy\" decoding=\"async\" aria-describedby=\"caption-attachment-174212\" class=\"wp-image-174212\" src=\"https:\/\/diarioregionaldigital.com.br\/wp-content\/uploads\/2020\/12\/fotob-e1606880984886.jpg\" alt=\"\" width=\"680\" height=\"470\" srcset=\"https:\/\/diarioregionaldigital.com.br\/wp-content\/uploads\/2020\/12\/fotob-e1606880984886.jpg 1131w, https:\/\/diarioregionaldigital.com.br\/wp-content\/uploads\/2020\/12\/fotob-e1606880984886-300x207.jpg 300w, https:\/\/diarioregionaldigital.com.br\/wp-content\/uploads\/2020\/12\/fotob-e1606880984886-1024x707.jpg 1024w, https:\/\/diarioregionaldigital.com.br\/wp-content\/uploads\/2020\/12\/fotob-e1606880984886-768x530.jpg 768w, https:\/\/diarioregionaldigital.com.br\/wp-content\/uploads\/2020\/12\/fotob-e1606880984886-360x249.jpg 360w, https:\/\/diarioregionaldigital.com.br\/wp-content\/uploads\/2020\/12\/fotob-e1606880984886-100x70.jpg 100w\" sizes=\"auto, (max-width: 680px) 100vw, 680px\" \/><p id=\"caption-attachment-174212\" class=\"wp-caption-text\">A ex-modelo e professora de moda e estilo da UniAcademia Fabiana Ballesteros tamb\u00e9m \u00e9 sucesso na m\u00fasica<\/p><\/div>\n<div id=\"attachment_174213\" style=\"width: 690px\" class=\"wp-caption aligncenter\"><img loading=\"lazy\" decoding=\"async\" aria-describedby=\"caption-attachment-174213\" class=\"wp-image-174213\" src=\"https:\/\/diarioregionaldigital.com.br\/wp-content\/uploads\/2020\/12\/fotoc-e1606881016822.jpg\" alt=\"\" width=\"680\" height=\"528\" srcset=\"https:\/\/diarioregionaldigital.com.br\/wp-content\/uploads\/2020\/12\/fotoc-e1606881016822.jpg 1225w, https:\/\/diarioregionaldigital.com.br\/wp-content\/uploads\/2020\/12\/fotoc-e1606881016822-300x233.jpg 300w, https:\/\/diarioregionaldigital.com.br\/wp-content\/uploads\/2020\/12\/fotoc-e1606881016822-1024x796.jpg 1024w, https:\/\/diarioregionaldigital.com.br\/wp-content\/uploads\/2020\/12\/fotoc-e1606881016822-768x597.jpg 768w, https:\/\/diarioregionaldigital.com.br\/wp-content\/uploads\/2020\/12\/fotoc-e1606881016822-360x280.jpg 360w\" sizes=\"auto, (max-width: 680px) 100vw, 680px\" \/><p id=\"caption-attachment-174213\" class=\"wp-caption-text\">O bel\u00edssimo casal Luna Petermann e Carlos Eduardo Meneguiti, em destaque hoje nesta p\u00e1gina<\/p><\/div>\n<div id=\"attachment_174214\" style=\"width: 690px\" class=\"wp-caption aligncenter\"><img loading=\"lazy\" decoding=\"async\" aria-describedby=\"caption-attachment-174214\" class=\"wp-image-174214\" src=\"https:\/\/diarioregionaldigital.com.br\/wp-content\/uploads\/2020\/12\/fotod-e1606881046276.jpg\" alt=\"\" width=\"680\" height=\"464\" srcset=\"https:\/\/diarioregionaldigital.com.br\/wp-content\/uploads\/2020\/12\/fotod-e1606881046276.jpg 1219w, https:\/\/diarioregionaldigital.com.br\/wp-content\/uploads\/2020\/12\/fotod-e1606881046276-300x205.jpg 300w, https:\/\/diarioregionaldigital.com.br\/wp-content\/uploads\/2020\/12\/fotod-e1606881046276-1024x699.jpg 1024w, https:\/\/diarioregionaldigital.com.br\/wp-content\/uploads\/2020\/12\/fotod-e1606881046276-768x524.jpg 768w, https:\/\/diarioregionaldigital.com.br\/wp-content\/uploads\/2020\/12\/fotod-e1606881046276-360x246.jpg 360w\" sizes=\"auto, (max-width: 680px) 100vw, 680px\" \/><p id=\"caption-attachment-174214\" class=\"wp-caption-text\">A Banda ETC recebendo os aplausos desta coluna pelo contrato com Sony Music<\/p><\/div>\n<div id=\"attachment_174215\" style=\"width: 690px\" class=\"wp-caption aligncenter\"><img loading=\"lazy\" decoding=\"async\" aria-describedby=\"caption-attachment-174215\" class=\"wp-image-174215\" src=\"https:\/\/diarioregionaldigital.com.br\/wp-content\/uploads\/2020\/12\/fotoe-e1606881082777.jpg\" alt=\"\" width=\"680\" height=\"475\" srcset=\"https:\/\/diarioregionaldigital.com.br\/wp-content\/uploads\/2020\/12\/fotoe-e1606881082777.jpg 558w, https:\/\/diarioregionaldigital.com.br\/wp-content\/uploads\/2020\/12\/fotoe-e1606881082777-300x210.jpg 300w, https:\/\/diarioregionaldigital.com.br\/wp-content\/uploads\/2020\/12\/fotoe-e1606881082777-360x252.jpg 360w, https:\/\/diarioregionaldigital.com.br\/wp-content\/uploads\/2020\/12\/fotoe-e1606881082777-100x70.jpg 100w\" sizes=\"auto, (max-width: 680px) 100vw, 680px\" \/><p id=\"caption-attachment-174215\" class=\"wp-caption-text\">Marcelo Ribeiro recebendo na loja Oficina do Terno (da Marechal), o palha\u00e7o Trombetinha<\/p><\/div>\n<div id=\"attachment_174218\" style=\"width: 690px\" class=\"wp-caption aligncenter\"><img loading=\"lazy\" decoding=\"async\" aria-describedby=\"caption-attachment-174218\" class=\"wp-image-174218\" src=\"https:\/\/diarioregionaldigital.com.br\/wp-content\/uploads\/2020\/12\/fotoh-e1606881186898.jpg\" alt=\"\" width=\"680\" height=\"488\" srcset=\"https:\/\/diarioregionaldigital.com.br\/wp-content\/uploads\/2020\/12\/fotoh-e1606881186898.jpg 842w, https:\/\/diarioregionaldigital.com.br\/wp-content\/uploads\/2020\/12\/fotoh-e1606881186898-300x215.jpg 300w, https:\/\/diarioregionaldigital.com.br\/wp-content\/uploads\/2020\/12\/fotoh-e1606881186898-768x551.jpg 768w, https:\/\/diarioregionaldigital.com.br\/wp-content\/uploads\/2020\/12\/fotoh-e1606881186898-360x258.jpg 360w\" sizes=\"auto, (max-width: 680px) 100vw, 680px\" \/><p id=\"caption-attachment-174218\" class=\"wp-caption-text\">Durante almo\u00e7o dominical chez Jo\u00e3o Ant\u00f4nio, o coiffeur Jos\u00e9 Carlos Pires com Felix Cleyton<\/p><\/div>\n<div id=\"attachment_174216\" style=\"width: 690px\" class=\"wp-caption aligncenter\"><img loading=\"lazy\" decoding=\"async\" aria-describedby=\"caption-attachment-174216\" class=\"wp-image-174216\" src=\"https:\/\/diarioregionaldigital.com.br\/wp-content\/uploads\/2020\/12\/fotof-e1606881118982.jpg\" alt=\"\" width=\"680\" height=\"462\" srcset=\"https:\/\/diarioregionaldigital.com.br\/wp-content\/uploads\/2020\/12\/fotof-e1606881118982.jpg 900w, https:\/\/diarioregionaldigital.com.br\/wp-content\/uploads\/2020\/12\/fotof-e1606881118982-300x204.jpg 300w, https:\/\/diarioregionaldigital.com.br\/wp-content\/uploads\/2020\/12\/fotof-e1606881118982-768x522.jpg 768w, https:\/\/diarioregionaldigital.com.br\/wp-content\/uploads\/2020\/12\/fotof-e1606881118982-360x245.jpg 360w\" sizes=\"auto, (max-width: 680px) 100vw, 680px\" \/><p id=\"caption-attachment-174216\" class=\"wp-caption-text\">Os elegantes Averaldo Fernandes e Irene Monteiro Rocha em jantar na intimidade da fam\u00edlia<\/p><\/div>\n<div id=\"attachment_174217\" style=\"width: 690px\" class=\"wp-caption aligncenter\"><img loading=\"lazy\" decoding=\"async\" aria-describedby=\"caption-attachment-174217\" class=\"wp-image-174217\" src=\"https:\/\/diarioregionaldigital.com.br\/wp-content\/uploads\/2020\/12\/fotog-e1606881144842.jpg\" alt=\"\" width=\"680\" height=\"469\" srcset=\"https:\/\/diarioregionaldigital.com.br\/wp-content\/uploads\/2020\/12\/fotog-e1606881144842.jpg 907w, https:\/\/diarioregionaldigital.com.br\/wp-content\/uploads\/2020\/12\/fotog-e1606881144842-300x207.jpg 300w, https:\/\/diarioregionaldigital.com.br\/wp-content\/uploads\/2020\/12\/fotog-e1606881144842-768x530.jpg 768w, https:\/\/diarioregionaldigital.com.br\/wp-content\/uploads\/2020\/12\/fotog-e1606881144842-360x248.jpg 360w, https:\/\/diarioregionaldigital.com.br\/wp-content\/uploads\/2020\/12\/fotog-e1606881144842-100x70.jpg 100w\" sizes=\"auto, (max-width: 680px) 100vw, 680px\" \/><p id=\"caption-attachment-174217\" class=\"wp-caption-text\">Antes da pandemia no Quintal, Paola Simpso, o arquiteto Cl\u00e1udio de Landa e Dulce Petronilho<\/p><\/div>\n<p style=\"text-align: center;\"><strong>FOTOSS\u00cdNTESE<\/strong><\/p>\n<p>A presidente do Instituto Bruno, Carla Dias agendou para hoje (2), no gin\u00e1sio do Sport Club , o circuito natalino das fam\u00edlias dos assistidos.<\/p>\n<p>Conjugando o verbo mais que perfeito, o evento Festival Primeiro Plano bateu recorde de inscri\u00e7\u00f5es. Comemorando, muito a integrante do Luzes da Cidade e respons\u00e1vel pela organiza\u00e7\u00e3o, Mar\u00edlia Lima. Os filmes foram exibidos pela plataforma Zoom.<\/p>\n<p>Colocando todas as violetas na janela, a doceira Rose Tortoriello comemora o sucesso estrondoso de seus chocolates docinhos finos. Para encomendar: 98832-5595.<\/p>\n<p>Em cena surpreendente, mesmo ap\u00f3s a retomada, canais on-line seguem em alta. O presidente do Sindicom\u00e9rcio Emerson Belotti, estuda a cria\u00e7\u00e3o de um marketplace local para 2021.<\/p>\n<p>Chamando aten\u00e7\u00e3o o inovador sistema lan\u00e7ado pelo Alphaville e Antu\u00e9rpia com autoatendimento exclusivo para os moradores do sofisticado condom\u00ednio.<\/p>\n<p>Para matar o povo de rir, o humorista Gustavo Mendes estreou com muitos aplausos o espet\u00e1culo \u201cBarbaridades\u201d, no Rio Retr\u00f4 Comed Club, na Barra da Tijuca (RJ).<\/p>\n<p>Encontrando o fio da meada, o cantor l\u00edrico e palestrante Luiz Gamonall lan\u00e7ou o livro \u201cSegredos da vida, as regras do jogo\u201d, com dicas para o sucesso pessoal e profissional.<\/p>\n<p>Buscando seu lugar no Tratado de Tordesilhas, Rog\u00e9rio (Rub\u00e3o) Mascarenhas Aguiar assina a bel\u00edssima obra da nova casa de praia de Ana e Jos\u00e9 Maria Mendes Moraes, na Praia de Gerib\u00e1 em B\u00fazios.<\/p>\n<p>Em clima natalino, os doces e chocolates Chang\u00ea \u00e9 o sucesso do momento no Mister Shopping, 1\u00ba piso. Os chocolates do sul Prawer s\u00e3o refer\u00eancias da loja.<\/p>\n<p>Economia e Consumo: As ferramentas digitais seguem como aliadas de empresas juiz-foranas na venda de todos os tipos de produtos. Mas a situa\u00e7\u00e3o requer cuidados, com prepara\u00e7\u00e3o para a inser\u00e7\u00e3o no ambiente virtual. Bom dia.<\/p>\n<p><img loading=\"lazy\" decoding=\"async\" class=\"aligncenter size-full wp-image-174270\" src=\"https:\/\/diarioregionaldigital.com.br\/wp-content\/uploads\/2020\/12\/anuncio67-scaled.jpg\" alt=\"\" width=\"2560\" height=\"982\" srcset=\"https:\/\/diarioregionaldigital.com.br\/wp-content\/uploads\/2020\/12\/anuncio67-scaled.jpg 2560w, https:\/\/diarioregionaldigital.com.br\/wp-content\/uploads\/2020\/12\/anuncio67-300x115.jpg 300w, https:\/\/diarioregionaldigital.com.br\/wp-content\/uploads\/2020\/12\/anuncio67-1024x393.jpg 1024w, https:\/\/diarioregionaldigital.com.br\/wp-content\/uploads\/2020\/12\/anuncio67-768x294.jpg 768w, https:\/\/diarioregionaldigital.com.br\/wp-content\/uploads\/2020\/12\/anuncio67-1536x589.jpg 1536w, https:\/\/diarioregionaldigital.com.br\/wp-content\/uploads\/2020\/12\/anuncio67-2048x785.jpg 2048w, https:\/\/diarioregionaldigital.com.br\/wp-content\/uploads\/2020\/12\/anuncio67-360x138.jpg 360w\" sizes=\"auto, (max-width: 2560px) 100vw, 2560px\" \/><\/p>\n","protected":false},"excerpt":{"rendered":"<p>Dando uma M\u00e3o Em tempos que precisamos fazer a solidariedade, o Ambulat\u00f3rio da Gl\u00f3ria est\u00e1 arrecadando alimentos panetones e caixas de bombom para a cesta de Natal. As doa\u00e7\u00f5es podem ser entregues na Igreja da Gl\u00f3ria ou na institui\u00e7\u00e3o. No dia 9 de dezembro, a coordenadora Sandra Helena Hansen vai organizar um \u201cdrive thru solid\u00e1rio\u201d. [&hellip;]<\/p>\n","protected":false},"author":96,"featured_media":174211,"comment_status":"closed","ping_status":"closed","sticky":false,"template":"","format":"standard","meta":{"footnotes":""},"categories":[264],"tags":[],"class_list":["post-174273","post","type-post","status-publish","format-standard","has-post-thumbnail","hentry","category-eduardo-gomes"],"_links":{"self":[{"href":"https:\/\/diarioregionaldigital.com.br\/index.php?rest_route=\/wp\/v2\/posts\/174273","targetHints":{"allow":["GET"]}}],"collection":[{"href":"https:\/\/diarioregionaldigital.com.br\/index.php?rest_route=\/wp\/v2\/posts"}],"about":[{"href":"https:\/\/diarioregionaldigital.com.br\/index.php?rest_route=\/wp\/v2\/types\/post"}],"author":[{"embeddable":true,"href":"https:\/\/diarioregionaldigital.com.br\/index.php?rest_route=\/wp\/v2\/users\/96"}],"replies":[{"embeddable":true,"href":"https:\/\/diarioregionaldigital.com.br\/index.php?rest_route=%2Fwp%2Fv2%2Fcomments&post=174273"}],"version-history":[{"count":0,"href":"https:\/\/diarioregionaldigital.com.br\/index.php?rest_route=\/wp\/v2\/posts\/174273\/revisions"}],"wp:featuredmedia":[{"embeddable":true,"href":"https:\/\/diarioregionaldigital.com.br\/index.php?rest_route=\/wp\/v2\/media\/174211"}],"wp:attachment":[{"href":"https:\/\/diarioregionaldigital.com.br\/index.php?rest_route=%2Fwp%2Fv2%2Fmedia&parent=174273"}],"wp:term":[{"taxonomy":"category","embeddable":true,"href":"https:\/\/diarioregionaldigital.com.br\/index.php?rest_route=%2Fwp%2Fv2%2Fcategories&post=174273"},{"taxonomy":"post_tag","embeddable":true,"href":"https:\/\/diarioregionaldigital.com.br\/index.php?rest_route=%2Fwp%2Fv2%2Ftags&post=174273"}],"curies":[{"name":"wp","href":"https:\/\/api.w.org\/{rel}","templated":true}]}}