{"id":174265,"date":"2020-12-01T19:04:44","date_gmt":"2020-12-01T22:04:44","guid":{"rendered":"https:\/\/diarioregionaldigital.com.br\/?p=174265"},"modified":"2020-12-01T19:04:44","modified_gmt":"2020-12-01T22:04:44","slug":"municipio-acumula-mais-8-mortes-e-210-novos-casos-confirmados-por-coronavirus","status":"publish","type":"post","link":"https:\/\/diarioregionaldigital.com.br\/?p=174265","title":{"rendered":"Munic\u00edpio acumula mais 8 mortes e 210 novos casos confirmados por Coronav\u00edrus"},"content":{"rendered":"<p><span style=\"font-weight: 400;\">O novo boletim epidemiol\u00f3gico divulgado nesta ter\u00e7a-feira (1) pela Secretaria de Sa\u00fade (SS) da Prefeitura de Juiz de Fora (PJF), aponta que o munic\u00edpio contabilizou mais oito mortes por Covid-19, totalizando 333 \u00f3bitos.<\/span><\/p>\n<p><span style=\"font-weight: 400;\">Segundo o levantamento, foram notificados mais 210 novos casos pela doen\u00e7a, acumulando 9.429 pessoas infectadas. Al\u00e9m disso, 32.042 pacientes s\u00e3o suspeitos de terem a doen\u00e7a.<\/span><\/p>\n<p><b>\u00d3bitos<\/b><\/p>\n<p><span style=\"font-weight: 400;\">Idosa, de 88 anos, morreu na sexta-feira, 27. Comorbidades: Doen\u00e7a Cardiovascular (DCC), Diabetes Mellitus (DM), Doen\u00e7a Neurol\u00f3gica Cr\u00f4nica (DNC);<\/span><\/p>\n<p><span style=\"font-weight: 400;\">Idosa, de 60 anos, morreu na sexta-feira, 27. Sem comorbidades relatadas;<\/span><\/p>\n<p><span style=\"font-weight: 400;\">Idoso, de 76 anos, morreu na sexta-feira, 27.Comorbidades: Hipertens\u00e3o Arterial Sist\u00eamica (HAS);<\/span><\/p>\n<p><span style=\"font-weight: 400;\">Idosa, de 77 anos, morreu na quinta-feira, 26. Comorbidades: Doen\u00e7a Cardiovascular (DCC) e Diabetes Mellitus (DM);<\/span><\/p>\n<p><span style=\"font-weight: 400;\">Idoso, de 78 anos, morreu na segunda-feira, 30. Comorbidades: Doen\u00e7a Cardiovascular (DCC), Diabetes Mellitus (DM), pneumopatia e obesidade;<\/span><\/p>\n<p><span style=\"font-weight: 400;\">Idosa, de 74 anos, morreu no s\u00e1bado, 28. Comorbidade: Doen\u00e7a Cardiovascular (DCC);<\/span><\/p>\n<p><span style=\"font-weight: 400;\">Idosa, de 87 anos, morreu na segunda-feira, 30. Comorbidades: Doen\u00e7a Neurol\u00f3gica Cr\u00f4nica (DNC) e Hipertens\u00e3o Arterial Sist\u00eamica (HAS);<\/span><\/p>\n<p><span style=\"font-weight: 400;\">Homem, de 49 anos, morreu nesta ter\u00e7a-feira, 1\u00ba. Comorbidades: gastrite, hipertireoidismo, hiperglicemia.<\/span><\/p>\n<p><b>Leitos\u00a0<\/b><\/p>\n<p><span style=\"font-weight: 400;\">Segundo informa\u00e7\u00f5es da PJF, os leitos de enfermaria est\u00e3o com 65,13% de ocupa\u00e7\u00e3o. J\u00e1 os os leitos de UTI e SUS, est\u00e3o com taxa de 84,44% e 77,16% respectivamente.<\/span><\/p>\n<p><b>Ranking de bairros com maior n\u00famero de casos<\/b><\/p>\n<p><span style=\"font-weight: 400;\">Conforme o novo painel da Prefeitura, os bairros do munic\u00edpio que apresentam maiores n\u00fameros de casos confirmados pela doen\u00e7a s\u00e3o: Centro (571), S\u00e3o Mateus (375), S\u00e3o Pedro (247), Benfica (212), Alto dos Passos (175), Santa Luzia (146), Progresso (145), Bom Pastor (145), Nova Era (140) e Cascatinha (138).<\/span><\/p>\n<p><b>Casos recuperados<\/b><\/p>\n<p><span style=\"font-weight: 400;\">Ainda segundo os dados, Juiz de Fora tem 7.833 pacientes recuperados do Coronav\u00edrus. O total representa 83,07% das pessoas infectadas.<\/span><\/p>\n","protected":false},"excerpt":{"rendered":"<p>O novo boletim epidemiol\u00f3gico divulgado nesta ter\u00e7a-feira (1) pela Secretaria de Sa\u00fade (SS) da Prefeitura de Juiz de Fora (PJF), aponta que o munic\u00edpio contabilizou mais oito mortes por Covid-19, totalizando 333 \u00f3bitos. Segundo o levantamento, foram notificados mais 210 novos casos pela doen\u00e7a, acumulando 9.429 pessoas infectadas. Al\u00e9m disso, 32.042 pacientes s\u00e3o suspeitos de [&hellip;]<\/p>\n","protected":false},"author":96,"featured_media":168962,"comment_status":"closed","ping_status":"closed","sticky":false,"template":"","format":"standard","meta":{"footnotes":""},"categories":[253,436,440,439],"tags":[],"class_list":["post-174265","post","type-post","status-publish","format-standard","has-post-thumbnail","hentry","category-cidade","category-destaque-da-semana","category-destaques-do-dia","category-ultima-hora"],"_links":{"self":[{"href":"https:\/\/diarioregionaldigital.com.br\/index.php?rest_route=\/wp\/v2\/posts\/174265","targetHints":{"allow":["GET"]}}],"collection":[{"href":"https:\/\/diarioregionaldigital.com.br\/index.php?rest_route=\/wp\/v2\/posts"}],"about":[{"href":"https:\/\/diarioregionaldigital.com.br\/index.php?rest_route=\/wp\/v2\/types\/post"}],"author":[{"embeddable":true,"href":"https:\/\/diarioregionaldigital.com.br\/index.php?rest_route=\/wp\/v2\/users\/96"}],"replies":[{"embeddable":true,"href":"https:\/\/diarioregionaldigital.com.br\/index.php?rest_route=%2Fwp%2Fv2%2Fcomments&post=174265"}],"version-history":[{"count":0,"href":"https:\/\/diarioregionaldigital.com.br\/index.php?rest_route=\/wp\/v2\/posts\/174265\/revisions"}],"wp:featuredmedia":[{"embeddable":true,"href":"https:\/\/diarioregionaldigital.com.br\/index.php?rest_route=\/wp\/v2\/media\/168962"}],"wp:attachment":[{"href":"https:\/\/diarioregionaldigital.com.br\/index.php?rest_route=%2Fwp%2Fv2%2Fmedia&parent=174265"}],"wp:term":[{"taxonomy":"category","embeddable":true,"href":"https:\/\/diarioregionaldigital.com.br\/index.php?rest_route=%2Fwp%2Fv2%2Fcategories&post=174265"},{"taxonomy":"post_tag","embeddable":true,"href":"https:\/\/diarioregionaldigital.com.br\/index.php?rest_route=%2Fwp%2Fv2%2Ftags&post=174265"}],"curies":[{"name":"wp","href":"https:\/\/api.w.org\/{rel}","templated":true}]}}