{"id":174259,"date":"2020-12-01T18:11:08","date_gmt":"2020-12-01T21:11:08","guid":{"rendered":"https:\/\/diarioregionaldigital.com.br\/?p=174259"},"modified":"2020-12-01T18:11:08","modified_gmt":"2020-12-01T21:11:08","slug":"romeu-zema-participa-de-cerimonia-de-posse-administrativa-do-novo-procurador-geral-de-justica","status":"publish","type":"post","link":"https:\/\/diarioregionaldigital.com.br\/?p=174259","title":{"rendered":"Romeu Zema participa de cerim\u00f4nia de posse administrativa do novo procurador-geral de Justi\u00e7a"},"content":{"rendered":"<p><main class=\"clear margin-md-bottom-3\"><\/p>\n<div class=\"clear \">\n<p>O governador Romeu Zema participou, nesta ter\u00e7a-feira (1\/12), da cerim\u00f4nia de posse administrativa do novo procurador-geral de Justi\u00e7a, eleito para o bi\u00eanio 2021\/22, Jarbas Soares J\u00fanior. Ele ocupar\u00e1 o cargo de chefia do Minist\u00e9rio P\u00fablico de Minas Gerais (MPMG) pela terceira vez, sucedendo Ant\u00f4nio S\u00e9rgio Tonet.<\/p>\n<p>Durante a cerim\u00f4nia, o governador assinou o livro de posse. A nomea\u00e7\u00e3o do novo procurador-geral foi publicada em 25\/11. Zema refor\u00e7ou a parceria do governo com a institui\u00e7\u00e3o e a import\u00e2ncia de um trabalho transparente e \u00e9tico em prol da sociedade mineira, com foco no combate \u00e0 corrup\u00e7\u00e3o e mais justi\u00e7a social.<\/p>\n<p>\u201cO Estado existe para prestar servi\u00e7os para o cidad\u00e3o. Temos uma responsabilidade social gigantesca para tornar esta nossa estrutura mais eficiente. Conto com o senhor e com o Minist\u00e9rio P\u00fablico nesta jornada por mais justi\u00e7a social\u201d, disse.<\/p>\n<p><strong>Combate \u00e0 corrup\u00e7\u00e3o<\/strong><\/p>\n<p>Jarbas Soares afirmou que tem como objetivo fazer uma gest\u00e3o moderna, buscando a otimiza\u00e7\u00e3o dos gastos para prestar os melhores servi\u00e7os \u00e0 popula\u00e7\u00e3o.<\/p>\n<p>\u201cVamos criar uma equipe de unidade de combate \u00e0 corrup\u00e7\u00e3o. Vamos combater o crime e trabalhar juntos com o governo nas pol\u00edticas p\u00fablicas, sempre defendendo os direitos da sociedade e p\u00fablico, assim como com o Poder Judici\u00e1rio e as outras institui\u00e7\u00f5es de Justi\u00e7a e a Assembleia Legislativa\u201d, afirmou o procurador-geral.<\/p>\n<p>Tamb\u00e9m participaram da cerim\u00f4nia secret\u00e1rios de estado, representantes de Poderes, \u00f3rg\u00e3os governamentais e familiares do novo procurador-geral.<\/p>\n<p>Natural de Montes Claros, Jarbas Soares J\u00fanior ingressou no MPMG em 1990. Como promotor de Justi\u00e7a, atuou nas comarcas de Janu\u00e1ria, Ouro Preto e Belo Horizonte. Em 2001, foi promovido a procurador de Justi\u00e7a. Ocupou o cargo de procurador-geral de Justi\u00e7a entre 2005 e 2008.<\/p>\n<p><strong>Fonte:\u00a0<\/strong>Ag\u00eancia Minas<\/p>\n<\/div>\n<p><\/main><\/p>\n","protected":false},"excerpt":{"rendered":"<p>O governador Romeu Zema participou, nesta ter\u00e7a-feira (1\/12), da cerim\u00f4nia de posse administrativa do novo procurador-geral de Justi\u00e7a, eleito para o bi\u00eanio 2021\/22, Jarbas Soares J\u00fanior. Ele ocupar\u00e1 o cargo de chefia do Minist\u00e9rio P\u00fablico de Minas Gerais (MPMG) pela terceira vez, sucedendo Ant\u00f4nio S\u00e9rgio Tonet. Durante a cerim\u00f4nia, o governador assinou o livro de [&hellip;]<\/p>\n","protected":false},"author":96,"featured_media":174260,"comment_status":"closed","ping_status":"closed","sticky":false,"template":"","format":"standard","meta":{"footnotes":""},"categories":[436,254,439],"tags":[],"class_list":["post-174259","post","type-post","status-publish","format-standard","has-post-thumbnail","hentry","category-destaque-da-semana","category-politica","category-ultima-hora"],"_links":{"self":[{"href":"https:\/\/diarioregionaldigital.com.br\/index.php?rest_route=\/wp\/v2\/posts\/174259","targetHints":{"allow":["GET"]}}],"collection":[{"href":"https:\/\/diarioregionaldigital.com.br\/index.php?rest_route=\/wp\/v2\/posts"}],"about":[{"href":"https:\/\/diarioregionaldigital.com.br\/index.php?rest_route=\/wp\/v2\/types\/post"}],"author":[{"embeddable":true,"href":"https:\/\/diarioregionaldigital.com.br\/index.php?rest_route=\/wp\/v2\/users\/96"}],"replies":[{"embeddable":true,"href":"https:\/\/diarioregionaldigital.com.br\/index.php?rest_route=%2Fwp%2Fv2%2Fcomments&post=174259"}],"version-history":[{"count":0,"href":"https:\/\/diarioregionaldigital.com.br\/index.php?rest_route=\/wp\/v2\/posts\/174259\/revisions"}],"wp:featuredmedia":[{"embeddable":true,"href":"https:\/\/diarioregionaldigital.com.br\/index.php?rest_route=\/wp\/v2\/media\/174260"}],"wp:attachment":[{"href":"https:\/\/diarioregionaldigital.com.br\/index.php?rest_route=%2Fwp%2Fv2%2Fmedia&parent=174259"}],"wp:term":[{"taxonomy":"category","embeddable":true,"href":"https:\/\/diarioregionaldigital.com.br\/index.php?rest_route=%2Fwp%2Fv2%2Fcategories&post=174259"},{"taxonomy":"post_tag","embeddable":true,"href":"https:\/\/diarioregionaldigital.com.br\/index.php?rest_route=%2Fwp%2Fv2%2Ftags&post=174259"}],"curies":[{"name":"wp","href":"https:\/\/api.w.org\/{rel}","templated":true}]}}