{"id":174222,"date":"2020-12-01T15:03:53","date_gmt":"2020-12-01T18:03:53","guid":{"rendered":"https:\/\/diarioregionaldigital.com.br\/?p=174222"},"modified":"2020-12-01T15:03:53","modified_gmt":"2020-12-01T18:03:53","slug":"sel-prorroga-prazo-para-desafio-das-embaixadinhas-e-copa-solidaria","status":"publish","type":"post","link":"https:\/\/diarioregionaldigital.com.br\/?p=174222","title":{"rendered":"SEL prorroga prazo para \u201cDesafio das Embaixadinhas\u201d e \u201cCopa Solid\u00e1ria\u201d"},"content":{"rendered":"<p><span style=\"font-weight: 400;\">Para dar oportunidade a mais pessoas de participar, a Secretaria de Esporte e Lazer (SEL), da Prefeitura de Juiz de Fora (PJF), prorrogou os prazos de dois eventos. O &#8220;Desafio das Embaixadinhas&#8221;, voltado para crian\u00e7as de sete a 15 anos, teve o prazo final de envio dos v\u00eddeos prorrogado para sexta-feira, 11 de dezembro.\u00a0<\/span><\/p>\n<p><span style=\"font-weight: 400;\">Entrar\u00e3o na disputa os \u201ccraques\u201d da embaixadinha em duas categorias: sub 11 e 15. Para facilitar o acesso dos interessados, os v\u00eddeos, a partir de agora, dever\u00e3o ser enviados para o n\u00famero de whatsapp 32-98839-8245, com nome completo e data de nascimento do concorrente.\u00a0<\/span><\/p>\n<p><span style=\"font-weight: 400;\">Ao final do prazo, os selecionados realizar\u00e3o as fases semifinal e final, com presen\u00e7a de representante da SEL. Os v\u00eddeos j\u00e1 postados no instagram @esportelazerpjf continuar\u00e1 sendo considerados na disputa. Ser\u00e3o premiados os tr\u00eas primeiros lugares de cada categoria.\u00a0<\/span><\/p>\n<p><span style=\"font-weight: 400;\">J\u00e1 a data para as equipes participarem da &#8220;Copa Prefeitura Bahamas de Futebol Solid\u00e1rio&#8221; foi prorrogada at\u00e9 quarta-feira, 16 de dezembro. Nesta competi\u00e7\u00e3o, o que importa \u00e9 a solidariedade. Ser\u00e3o premiadas as equipes que doarem mais alimentos ou que realizarem o maior n\u00famero de doa\u00e7\u00f5es de sangue no Hemominas de Juiz de Fora. As inscri\u00e7\u00f5es podem ser feitas pelo site www.copajf.com.br. O diferencial desta Copa \u00e9 que todos podem participar, n\u00e3o somente jogadores e comiss\u00e3o t\u00e9cnica. Os times podem reunir familiares, amigos e comunidade para recolherem os alimentos e doar sangue, ajudando, assim, a quem precisa, e somando pontos.<\/span><\/p>\n<p><span style=\"font-weight: 400;\">De acordo com a secret\u00e1ria interina de Esporte e Lazer, Leila Cl\u00e1udia Machado, &#8220;os eventos foram pensados para refor\u00e7ar o car\u00e1ter social e solid\u00e1rio do esporte. Mesmo com a pandemia pelo novo coronav\u00edrus, queremos proporcionar interatividade, ainda que virtual, com aqueles que sempre participam dos nossos campeonatos. Esperamos voltar a estar juntos o mais r\u00e1pido poss\u00edvel&#8221;.<\/span><\/p>\n<p><strong>Fonte:\u00a0<\/strong>Assessoria<\/p>\n","protected":false},"excerpt":{"rendered":"<p>Para dar oportunidade a mais pessoas de participar, a Secretaria de Esporte e Lazer (SEL), da Prefeitura de Juiz de Fora (PJF), prorrogou os prazos de dois eventos. O &#8220;Desafio das Embaixadinhas&#8221;, voltado para crian\u00e7as de sete a 15 anos, teve o prazo final de envio dos v\u00eddeos prorrogado para sexta-feira, 11 de dezembro.\u00a0 Entrar\u00e3o [&hellip;]<\/p>\n","protected":false},"author":96,"featured_media":174224,"comment_status":"closed","ping_status":"closed","sticky":false,"template":"","format":"standard","meta":{"footnotes":""},"categories":[436,257,439],"tags":[],"class_list":["post-174222","post","type-post","status-publish","format-standard","has-post-thumbnail","hentry","category-destaque-da-semana","category-esporte","category-ultima-hora"],"_links":{"self":[{"href":"https:\/\/diarioregionaldigital.com.br\/index.php?rest_route=\/wp\/v2\/posts\/174222","targetHints":{"allow":["GET"]}}],"collection":[{"href":"https:\/\/diarioregionaldigital.com.br\/index.php?rest_route=\/wp\/v2\/posts"}],"about":[{"href":"https:\/\/diarioregionaldigital.com.br\/index.php?rest_route=\/wp\/v2\/types\/post"}],"author":[{"embeddable":true,"href":"https:\/\/diarioregionaldigital.com.br\/index.php?rest_route=\/wp\/v2\/users\/96"}],"replies":[{"embeddable":true,"href":"https:\/\/diarioregionaldigital.com.br\/index.php?rest_route=%2Fwp%2Fv2%2Fcomments&post=174222"}],"version-history":[{"count":0,"href":"https:\/\/diarioregionaldigital.com.br\/index.php?rest_route=\/wp\/v2\/posts\/174222\/revisions"}],"wp:featuredmedia":[{"embeddable":true,"href":"https:\/\/diarioregionaldigital.com.br\/index.php?rest_route=\/wp\/v2\/media\/174224"}],"wp:attachment":[{"href":"https:\/\/diarioregionaldigital.com.br\/index.php?rest_route=%2Fwp%2Fv2%2Fmedia&parent=174222"}],"wp:term":[{"taxonomy":"category","embeddable":true,"href":"https:\/\/diarioregionaldigital.com.br\/index.php?rest_route=%2Fwp%2Fv2%2Fcategories&post=174222"},{"taxonomy":"post_tag","embeddable":true,"href":"https:\/\/diarioregionaldigital.com.br\/index.php?rest_route=%2Fwp%2Fv2%2Ftags&post=174222"}],"curies":[{"name":"wp","href":"https:\/\/api.w.org\/{rel}","templated":true}]}}