{"id":174204,"date":"2020-12-01T13:47:03","date_gmt":"2020-12-01T16:47:03","guid":{"rendered":"https:\/\/diarioregionaldigital.com.br\/?p=174204"},"modified":"2020-12-01T14:36:35","modified_gmt":"2020-12-01T17:36:35","slug":"tusmil-opera-nas-linhas-da-gil-nesta-terca-feira","status":"publish","type":"post","link":"https:\/\/diarioregionaldigital.com.br\/?p=174204","title":{"rendered":"Tusmil opera nas linhas da GIL nesta ter\u00e7a-feira"},"content":{"rendered":"<p><span style=\"font-weight: 400;\">Ap\u00f3s a determina\u00e7\u00e3o da Secretaria de Transportes e Tr\u00e2nsito (Settra), a Sociedade Empres\u00e1ria Transporte Urbano S\u00e3o Miguel Ltda (Tusmil), iniciou nesta ter\u00e7a-feira (1), a circula\u00e7\u00e3o pelas linhas operadas pela Goretti Irm\u00e3os Ltda (GIL). A medida \u00e9 por tempo indeterminado, uma vez que as duas companhias fazem parte do cons\u00f3rcio Manchester.<\/span><\/p>\n<p><span style=\"font-weight: 400;\">A Settra informa que todos os ve\u00edculos j\u00e1 atuam em todas as 41 linhas operadas pela GIL.\u00a0<\/span><\/p>\n<p><span style=\"font-weight: 400;\">Conforme informa\u00e7\u00f5es do Sindicato dos Trabalhadores em Empresas de Transporte Coletivo Urbano de Juiz de Fora (Sinttro-JF), na madrugada dessa ter\u00e7a, um grupo de funcion\u00e1rios da GIL estiveram presentes na sede da Tusmil, com o intuito de evitar que os \u00f4nibus sa\u00edssem da garagem. Ainda de acordo com o Sindicato, os ve\u00edculos come\u00e7aram a circular por volta das 5h.<\/span><\/p>\n<p><span style=\"font-weight: 400;\">Al\u00e9m disso, houve nova manifesta\u00e7\u00e3o na Avenida Get\u00falio Vargas, no Centro da cidade, onde estiveram presentes 50 funcion\u00e1rios, os quais reivindicavam pelo descumprimento dos acordos trabalhistas. O Sinttro informa que h\u00e1 600 trabalhadores com dois meses de atraso nos sal\u00e1rios, t\u00edquete alimenta\u00e7\u00e3o, cesta b\u00e1sica, plano de sa\u00fade al\u00e9m do n\u00e3o pagamento do 13\u00ba.\u00a0<\/span><\/p>\n<p><b>Circula\u00e7\u00e3o de vans escolares<\/b><\/p>\n<p><span style=\"font-weight: 400;\">Por conta da nova determina\u00e7\u00e3o das linhas de \u00f4nibus, o documento que autoriza as vans escolares a auxiliar no transporte de passageiros, para os bairros atendidos pela GIL, ser\u00e1 revogado no final da noite desta ter\u00e7a-feira.<\/span><\/p>\n<p><b>Situa\u00e7\u00e3o na GIL<\/b><\/p>\n<p><span style=\"font-weight: 400;\">Durante todo o m\u00eas de novembro, os funcion\u00e1rios da GIL, junto com a Settra e o Sindicato, estiveram em diversas reuni\u00f5es com o Minist\u00e9rio P\u00fablico do Trabalho (MPT), por\u00e9m nenhuma das partes chegaram a um acordo.<\/span><\/p>\n<p><span style=\"font-weight: 400;\">Al\u00e9m disso, o Sinttro fez a proposta do Programa de Demiss\u00e3o Volunt\u00e1ria (PDV), para os trabalhadores, como forma de receber os d\u00e9bitos pendentes. Entretanto, nada foi definido at\u00e9 o momento.\u00a0<\/span><\/p>\n<p><span style=\"font-weight: 400;\">Na quarta-feira (25), a Pol\u00edcia Militar (PM), compareceu \u00e0 garagem da empresa, em decorr\u00eancia de uma confus\u00e3o no local. Segundo o vice-presidente do Sinttro, Claudinei Janeiro, os funcion\u00e1rios teriam tido conhecimento sobre rumores de fal\u00eancia da GIL. A Settra no entanto, diz n\u00e3o ter recebido documento oficial sobre o caso.<\/span><\/p>\n","protected":false},"excerpt":{"rendered":"<p>Ap\u00f3s a determina\u00e7\u00e3o da Secretaria de Transportes e Tr\u00e2nsito (Settra), a Sociedade Empres\u00e1ria Transporte Urbano S\u00e3o Miguel Ltda (Tusmil), iniciou nesta ter\u00e7a-feira (1), a circula\u00e7\u00e3o pelas linhas operadas pela Goretti Irm\u00e3os Ltda (GIL). A medida \u00e9 por tempo indeterminado, uma vez que as duas companhias fazem parte do cons\u00f3rcio Manchester. A Settra informa que todos [&hellip;]<\/p>\n","protected":false},"author":96,"featured_media":174205,"comment_status":"closed","ping_status":"closed","sticky":false,"template":"","format":"standard","meta":{"footnotes":""},"categories":[253,436,440,439],"tags":[],"class_list":["post-174204","post","type-post","status-publish","format-standard","has-post-thumbnail","hentry","category-cidade","category-destaque-da-semana","category-destaques-do-dia","category-ultima-hora"],"_links":{"self":[{"href":"https:\/\/diarioregionaldigital.com.br\/index.php?rest_route=\/wp\/v2\/posts\/174204","targetHints":{"allow":["GET"]}}],"collection":[{"href":"https:\/\/diarioregionaldigital.com.br\/index.php?rest_route=\/wp\/v2\/posts"}],"about":[{"href":"https:\/\/diarioregionaldigital.com.br\/index.php?rest_route=\/wp\/v2\/types\/post"}],"author":[{"embeddable":true,"href":"https:\/\/diarioregionaldigital.com.br\/index.php?rest_route=\/wp\/v2\/users\/96"}],"replies":[{"embeddable":true,"href":"https:\/\/diarioregionaldigital.com.br\/index.php?rest_route=%2Fwp%2Fv2%2Fcomments&post=174204"}],"version-history":[{"count":0,"href":"https:\/\/diarioregionaldigital.com.br\/index.php?rest_route=\/wp\/v2\/posts\/174204\/revisions"}],"wp:featuredmedia":[{"embeddable":true,"href":"https:\/\/diarioregionaldigital.com.br\/index.php?rest_route=\/wp\/v2\/media\/174205"}],"wp:attachment":[{"href":"https:\/\/diarioregionaldigital.com.br\/index.php?rest_route=%2Fwp%2Fv2%2Fmedia&parent=174204"}],"wp:term":[{"taxonomy":"category","embeddable":true,"href":"https:\/\/diarioregionaldigital.com.br\/index.php?rest_route=%2Fwp%2Fv2%2Fcategories&post=174204"},{"taxonomy":"post_tag","embeddable":true,"href":"https:\/\/diarioregionaldigital.com.br\/index.php?rest_route=%2Fwp%2Fv2%2Ftags&post=174204"}],"curies":[{"name":"wp","href":"https:\/\/api.w.org\/{rel}","templated":true}]}}