{"id":174201,"date":"2020-12-01T12:26:48","date_gmt":"2020-12-01T15:26:48","guid":{"rendered":"https:\/\/diarioregionaldigital.com.br\/?p=174201"},"modified":"2020-12-01T12:26:48","modified_gmt":"2020-12-01T15:26:48","slug":"motorista-colide-com-predio-no-bairro-arco-iris","status":"publish","type":"post","link":"https:\/\/diarioregionaldigital.com.br\/?p=174201","title":{"rendered":"Motorista colide com pr\u00e9dio no Bairro Arco \u00cdris"},"content":{"rendered":"<p>No final da tarde de segunda-feira (30), por volta das 17h30, um condutor de um ve\u00edculo branco, se colidiu contra um pr\u00e9dio localizado no Bairro Arco \u00cdris (Regi\u00e3o Sul) em Juiz de Fora. Segundo relatos de testemunhas, o motorista jogou o carro barranco abaixo, vindo a bater no im\u00f3vel.<\/p>\n<p>O Corpo de Bombeiros compareceu ao local e socorreu a v\u00edtima, que n\u00e3o se queixava de dor. O ve\u00edculo foi estabilizado e o homem foi retirado com seguran\u00e7a. O pr\u00e9dio foi interditado devido ao dano causado a uma de suas colunas e a Defesa Civil foi acionada.<\/p>\n","protected":false},"excerpt":{"rendered":"<p>No final da tarde de segunda-feira (30), por volta das 17h30, um condutor de um ve\u00edculo branco, se colidiu contra um pr\u00e9dio localizado no Bairro Arco \u00cdris (Regi\u00e3o Sul) em Juiz de Fora. Segundo relatos de testemunhas, o motorista jogou o carro barranco abaixo, vindo a bater no im\u00f3vel. O Corpo de Bombeiros compareceu ao [&hellip;]<\/p>\n","protected":false},"author":96,"featured_media":174202,"comment_status":"closed","ping_status":"closed","sticky":false,"template":"","format":"standard","meta":{"footnotes":""},"categories":[253,436,439],"tags":[],"class_list":["post-174201","post","type-post","status-publish","format-standard","has-post-thumbnail","hentry","category-cidade","category-destaque-da-semana","category-ultima-hora"],"_links":{"self":[{"href":"https:\/\/diarioregionaldigital.com.br\/index.php?rest_route=\/wp\/v2\/posts\/174201","targetHints":{"allow":["GET"]}}],"collection":[{"href":"https:\/\/diarioregionaldigital.com.br\/index.php?rest_route=\/wp\/v2\/posts"}],"about":[{"href":"https:\/\/diarioregionaldigital.com.br\/index.php?rest_route=\/wp\/v2\/types\/post"}],"author":[{"embeddable":true,"href":"https:\/\/diarioregionaldigital.com.br\/index.php?rest_route=\/wp\/v2\/users\/96"}],"replies":[{"embeddable":true,"href":"https:\/\/diarioregionaldigital.com.br\/index.php?rest_route=%2Fwp%2Fv2%2Fcomments&post=174201"}],"version-history":[{"count":0,"href":"https:\/\/diarioregionaldigital.com.br\/index.php?rest_route=\/wp\/v2\/posts\/174201\/revisions"}],"wp:featuredmedia":[{"embeddable":true,"href":"https:\/\/diarioregionaldigital.com.br\/index.php?rest_route=\/wp\/v2\/media\/174202"}],"wp:attachment":[{"href":"https:\/\/diarioregionaldigital.com.br\/index.php?rest_route=%2Fwp%2Fv2%2Fmedia&parent=174201"}],"wp:term":[{"taxonomy":"category","embeddable":true,"href":"https:\/\/diarioregionaldigital.com.br\/index.php?rest_route=%2Fwp%2Fv2%2Fcategories&post=174201"},{"taxonomy":"post_tag","embeddable":true,"href":"https:\/\/diarioregionaldigital.com.br\/index.php?rest_route=%2Fwp%2Fv2%2Ftags&post=174201"}],"curies":[{"name":"wp","href":"https:\/\/api.w.org\/{rel}","templated":true}]}}