{"id":174139,"date":"2020-11-30T16:53:26","date_gmt":"2020-11-30T19:53:26","guid":{"rendered":"https:\/\/diarioregionaldigital.com.br\/?p=174139"},"modified":"2020-11-30T16:53:26","modified_gmt":"2020-11-30T19:53:26","slug":"secretaria-de-desenvolvimento-economico-apresenta-balanco-no-almg-fiscaliza","status":"publish","type":"post","link":"https:\/\/diarioregionaldigital.com.br\/?p=174139","title":{"rendered":"Secretaria de Desenvolvimento Econ\u00f4mico apresenta balan\u00e7o no ALMG Fiscaliza"},"content":{"rendered":"<p>Minas Gerais \u00e9 o melhor estado para se investir. As informa\u00e7\u00f5es apresentadas pelo secret\u00e1rio adjunto da\u00a0<a href=\"http:\/\/www.desenvolvimento.mg.gov.br\/\" target=\"_blank\" rel=\"noopener noreferrer\">Secretaria de Desenvolvimento Econ\u00f4mico (Sede)<\/a>, Fernando Passalio, nesta segunda-feira (30\/11), no Assembleia Fiscaliza, refor\u00e7am o empenho do\u00a0<a href=\"http:\/\/www.mg.gov.br\/\" target=\"_blank\" rel=\"noopener noreferrer\">Governo de Minas<\/a>\u00a0nos eixos de atra\u00e7\u00e3o de investimento e desburocratiza\u00e7\u00e3o.<\/p>\n<p>Apesar da grave crise econ\u00f4mica que atinge o mundo, provocada pela covid-19, Minas Gerais registrou resultado positivo nos \u00faltimos meses. De janeiro a novembro, o total de investimento foi de R$ 27,4 bilh\u00f5es, com gera\u00e7\u00e3o de 16.145 empregos.<\/p>\n<p>\u201cA pandemia trouxe uma crise econ\u00f4mica enorme. O Governo de Minas atuou de forma respons\u00e1vel, agindo em diversas frentes para gera\u00e7\u00e3o de emprego e renda. O sucesso dos n\u00fameros de atra\u00e7\u00e3o de investimento \u00e9 o di\u00e1logo que temos com os empres\u00e1rios. Somos um governo amigo do empreendedor\u201d, disse Passalio.<\/p>\n<p><strong>Destino certo<\/strong><\/p>\n<p>Mais que atrair investimentos, Minas promove a implanta\u00e7\u00e3o de grandes projetos. As a\u00e7\u00f5es saem do papel e viram realidade, impulsionando o mercado na gera\u00e7\u00e3o de emprego e renda aos mineiros. Empresas como Grupo Petr\u00f3polis, Tiberina, Alpargatas, Ambev e Grupo Lactalis iniciaram opera\u00e7\u00f5es em 2020.<\/p>\n<p>Dois grandes l\u00edderes do mercado de e-commerce escolheram terras mineiras para expans\u00e3o dos seus neg\u00f3cios. Em novembro, Amazon e Mercado Livre anunciaram a implanta\u00e7\u00e3o de centros de distribui\u00e7\u00e3o no estado. O acumulado de investimentos entre 2019 e 2020 \u00e9 um n\u00famero expressivo. At\u00e9 o momento, foram 203 projetos, com total de R$ 83,37 bilh\u00f5es em atra\u00e7\u00e3o de novos neg\u00f3cios ou amplia\u00e7\u00e3o, com 40.860 empregos gerados.<\/p>\n<p><strong>Minas Consciente<\/strong><\/p>\n<p>O secret\u00e1rio adjunto Fernando Passalio apresentou aos deputados os dados e o balan\u00e7o de desempenho do plano\u00a0<a href=\"http:\/\/www.mg.gov.br\/minasconsciente\" target=\"_blank\" rel=\"noopener noreferrer\">Minas Consciente<\/a>. O projeto, lan\u00e7ado em 28 de abril de 2020, tem como foco a retomada segura, respons\u00e1vel e gradual das atividades econ\u00f4micas. O programa de governo foi desenvolvido em parceria com a\u00a0<a href=\"http:\/\/www.saude.mg.gov.br\/\" target=\"_blank\" rel=\"noopener noreferrer\">Secretaria de\u00a0 Estado de Sa\u00fade (SES-MG)<\/a>.<\/p>\n<p>\u201cLan\u00e7amos um plano inovador no pa\u00eds. Nenhum estado tinha um programa t\u00e3o bem organizado e efetivo. Precis\u00e1vamos auxiliar os prefeitos, em especial dos pequenos munic\u00edpios. Entramos em a\u00e7\u00e3o em tempo recorde e colhemos bons frutos. Apesar de a pandemia n\u00e3o ter acabado, podemos afirmar que o plano Minas Consciente cumpriu de forma eficaz o seu prop\u00f3sito\u201d, ressaltou Fernando Passalio.<\/p>\n<p>Na primeira fase, de abril a julho, foram 340 munic\u00edpios aderidos, impactando 7,2 milh\u00f5es de habitantes. Para aprimoramento do plano, foi realizada uma consulta p\u00fablica, que recebeu 630 contribui\u00e7\u00f5es, sendo a maior da hist\u00f3ria do governo. O plano passou a ser adaptado \u00e0 nova realidade dos mineiros. As ondas foram setorizadas em tr\u00eas partes, o protocolo foi unificado, os indicadores foram revisados, entre outras premissas. Atualmente, s\u00e3o 657 munic\u00edpios aderidos, impactando 13,4 milh\u00f5es de habitantes.<\/p>\n<p>Em julho de 2020, in\u00edcio da segunda fase do plano, a p\u00e1gina do Minas Consciente, na aba de empres\u00e1rios, espa\u00e7o disponibilizado ao protocolo sanit\u00e1rio, foi a mais visitada dentro do Portal MG (<a href=\"http:\/\/www.mg.gov.br\/\" target=\"_blank\" rel=\"noopener noreferrer\">www.mg.gov.br<\/a>), com mais de 821 mil visualiza\u00e7\u00f5es \u00fanicas. Desde o in\u00edcio do plano, o site j\u00e1 teve mais de 2 milh\u00f5es de visualiza\u00e7\u00f5es. O atendimento ao cidad\u00e3o e o esclarecimento das d\u00favidas contribu\u00edram para o bom andamento do plano. At\u00e9 o momento, j\u00e1 foram respondidas mais de 3 mil demandas de Fale Conosco.<\/p>\n<p><strong>Sistema<\/strong><\/p>\n<p>O fortalecimento do Sistema de Desenvolvimento Econ\u00f4mico de Minas Gerais contribuiu para a\u00e7\u00f5es efetivas na mitiga\u00e7\u00e3o dos efeitos da pandemia de covid-19. O secret\u00e1rio adjunto destacou que as institui\u00e7\u00f5es vinculadas \u00e0 Sede atuaram de forma alinhada, garantindo a seguran\u00e7a e o fomento da economia.<\/p>\n<p>Os deputados acompanharam os resultados da\u00a0<a href=\"http:\/\/www.cemig.com.br\/\" target=\"_blank\" rel=\"noopener noreferrer\">Cemig<\/a>, que atuou na prioriza\u00e7\u00e3o do fornecimento de energia para hospitais p\u00fablicos, filantr\u00f3picos e unidades de pronto atendimento. Foi feita a isen\u00e7\u00e3o da parcela de consumo de energia el\u00e9trica at\u00e9 junho de 2020 para os cadastrados no programa Tarifa Social de Energia El\u00e9trica, al\u00e9m de clientes com consumo mensal de 220 KWh\/m\u00eas. A empresa determinou a suspens\u00e3o do corte de fornecimento de energia para consumidores inadimplentes, al\u00e9m de parcelamentos especiais.<\/p>\n<p>A\u00a0<a href=\"http:\/\/www.copasa.com.br\/\" target=\"_blank\" rel=\"noopener noreferrer\">Copasa<\/a>\u00a0tamb\u00e9m contribuiu de forma efetiva no combate ao coronav\u00edrus. A empresa suspendeu o corte por falta de pagamento para todos os segmentos essenciais do plano Minas Consciente. Al\u00e9m disso, a Copasa atua no projeto Monitoramento Covid Esgotos, nas cidades de Belo Horizonte e Contagem.<\/p>\n<p>O\u00a0<a href=\"http:\/\/www.bdmg.mg.gov.br\/\" target=\"_blank\" rel=\"noopener noreferrer\">Banco de Desenvolvimento de Minas Gerais (BDMG)<\/a>, presente em 91% dos munic\u00edpios mineiros, desembolsou recursos para auxiliar os empres\u00e1rios mineiros. Por meio do Pronampe, linha de cr\u00e9dito voltado a empresas com faturamento anual de at\u00e9 R$ 4,8 milh\u00f5es nos \u00faltimos 12 meses, atendeu mais de 9 mil empresas, somando-se R$ 666 milh\u00f5es de recursos desembolsados.<\/p>\n<p>As Ag\u00eancias Metropolitanas de\u00a0<a href=\"http:\/\/www.agenciarmbh.mg.gov.br\/\" target=\"_blank\" rel=\"noopener noreferrer\">Belo Horizonte<\/a>\u00a0e do\u00a0<a href=\"https:\/\/www.mg.gov.br\/instituicao_unidade\/agencia-de-desenvolvimento-da-regiao-metropolitana-do-vale-do-aco-armva\" target=\"_blank\" rel=\"noopener noreferrer\">Vale do A\u00e7o<\/a>\u00a0implementaram medidas uniformes para enfrentamento \u00e0 pandemia. J\u00e1 a Fapemig, trouxe resultados de fomento \u00e0 inova\u00e7\u00e3o para pesquisa de novos recursos de combate ao coronav\u00edrus.<\/p>\n<p>Outros \u00f3rg\u00e3os do Sistema de Desenvolvimento Econ\u00f4mico tamb\u00e9m contribu\u00edram de forma efetiva, como o\u00a0<a href=\"http:\/\/www.idene.mg.gov.br\/\" target=\"_blank\" rel=\"noopener noreferrer\">Idene<\/a>, atuando no Norte e Nordeste de Minas, o\u00a0<a href=\"http:\/\/www.ipem.mg.gov.br\/\" target=\"_blank\" rel=\"noopener noreferrer\">Ipem<\/a>\u00a0e a\u00a0<a href=\"http:\/\/www.gasmig.com.br\/\" target=\"_blank\" rel=\"noopener noreferrer\">Gasmig<\/a>.<\/p>\n<p><strong>Minas Livre Para Crescer<\/strong><\/p>\n<p>O secret\u00e1rio\u00a0adjunto destacou, ainda, a import\u00e2ncia da desburocratiza\u00e7\u00e3o e das a\u00e7\u00f5es em prol de um melhor ambiente de neg\u00f3cios. A publica\u00e7\u00e3o do Decreto de Liberdade Econ\u00f4mica garantiu a aprova\u00e7\u00e3o t\u00e1cita, a partir de janeiro, as mudan\u00e7as no impacto regulat\u00f3rio e vincula\u00e7\u00e3o de decis\u00f5es administrativas. \u201cPara fomentar a economia, precisamos facilitar a vida do empreendedor. Nosso trabalho \u00e9 focado desde o pequeno comerciante at\u00e9 grandes empresas\u201d, disse Passalio.<\/p>\n<p>A dispensa de alvar\u00e1s de funcionamento de 642 atividades econ\u00f4micas de baixo risco garante a facilidade do empreendedor, em especial neste momento de pandemia. Ocorreu tamb\u00e9m, nos \u00faltimos meses, a revoga\u00e7\u00e3o de 139 normativos legais obsoletos por meio do \u201crevoga\u00e7o\u201d, e outras normas ainda est\u00e3o em an\u00e1lise.<\/p>\n<p><strong>Fonte:\u00a0<\/strong>Ag\u00eancia Minas<\/p>\n","protected":false},"excerpt":{"rendered":"<p>Minas Gerais \u00e9 o melhor estado para se investir. As informa\u00e7\u00f5es apresentadas pelo secret\u00e1rio adjunto da\u00a0Secretaria de Desenvolvimento Econ\u00f4mico (Sede), Fernando Passalio, nesta segunda-feira (30\/11), no Assembleia Fiscaliza, refor\u00e7am o empenho do\u00a0Governo de Minas\u00a0nos eixos de atra\u00e7\u00e3o de investimento e desburocratiza\u00e7\u00e3o. Apesar da grave crise econ\u00f4mica que atinge o mundo, provocada pela covid-19, Minas Gerais [&hellip;]<\/p>\n","protected":false},"author":96,"featured_media":174140,"comment_status":"closed","ping_status":"closed","sticky":false,"template":"","format":"standard","meta":{"footnotes":""},"categories":[436,440,261,439],"tags":[],"class_list":["post-174139","post","type-post","status-publish","format-standard","has-post-thumbnail","hentry","category-destaque-da-semana","category-destaques-do-dia","category-economia","category-ultima-hora"],"_links":{"self":[{"href":"https:\/\/diarioregionaldigital.com.br\/index.php?rest_route=\/wp\/v2\/posts\/174139","targetHints":{"allow":["GET"]}}],"collection":[{"href":"https:\/\/diarioregionaldigital.com.br\/index.php?rest_route=\/wp\/v2\/posts"}],"about":[{"href":"https:\/\/diarioregionaldigital.com.br\/index.php?rest_route=\/wp\/v2\/types\/post"}],"author":[{"embeddable":true,"href":"https:\/\/diarioregionaldigital.com.br\/index.php?rest_route=\/wp\/v2\/users\/96"}],"replies":[{"embeddable":true,"href":"https:\/\/diarioregionaldigital.com.br\/index.php?rest_route=%2Fwp%2Fv2%2Fcomments&post=174139"}],"version-history":[{"count":0,"href":"https:\/\/diarioregionaldigital.com.br\/index.php?rest_route=\/wp\/v2\/posts\/174139\/revisions"}],"wp:featuredmedia":[{"embeddable":true,"href":"https:\/\/diarioregionaldigital.com.br\/index.php?rest_route=\/wp\/v2\/media\/174140"}],"wp:attachment":[{"href":"https:\/\/diarioregionaldigital.com.br\/index.php?rest_route=%2Fwp%2Fv2%2Fmedia&parent=174139"}],"wp:term":[{"taxonomy":"category","embeddable":true,"href":"https:\/\/diarioregionaldigital.com.br\/index.php?rest_route=%2Fwp%2Fv2%2Fcategories&post=174139"},{"taxonomy":"post_tag","embeddable":true,"href":"https:\/\/diarioregionaldigital.com.br\/index.php?rest_route=%2Fwp%2Fv2%2Ftags&post=174139"}],"curies":[{"name":"wp","href":"https:\/\/api.w.org\/{rel}","templated":true}]}}