{"id":174136,"date":"2020-11-30T16:35:22","date_gmt":"2020-11-30T19:35:22","guid":{"rendered":"https:\/\/diarioregionaldigital.com.br\/?p=174136"},"modified":"2020-11-30T16:35:22","modified_gmt":"2020-11-30T19:35:22","slug":"demlurb-acumula-220-operacoes-de-descontaminacao-contra-a-covid-19","status":"publish","type":"post","link":"https:\/\/diarioregionaldigital.com.br\/?p=174136","title":{"rendered":"Demlurb acumula 220 opera\u00e7\u00f5es de descontamina\u00e7\u00e3o contra a covid-19"},"content":{"rendered":"<p>O Departamento Municipal de Limpeza Urbana (Demlurb) da Prefeitura de Juiz de Fora (PJF) continua realizando trabalho de descontamina\u00e7\u00e3o de ruas e locais de grande circula\u00e7\u00e3o de pessoas. S\u00f3 no \u00faltimo m\u00eas, mais de 40 espa\u00e7os p\u00fablicos receberam esse servi\u00e7o, como forma de impedir a dissemina\u00e7\u00e3o da covid-19. O trabalho vem sendo feito desde 2 de abril, com utiliza\u00e7\u00e3o de hipoclorito de s\u00f3dio, produto recomendado pela Ag\u00eancia Nacional de Vigil\u00e2ncia Sanit\u00e1ria (Anvisa). Desde ent\u00e3o, cerca de 220 opera\u00e7\u00f5es foram realizadas por toda a cidade para frear o avan\u00e7o da doen\u00e7a.<\/p>\n<p>Na \u00faltima sexta-feira, 27, o pr\u00e9dio-sede da Prefeitura de Juiz de Fora (PJF) passou por higieniza\u00e7\u00e3o completa, e, ao longo da semana, o servi\u00e7o foi realizado tamb\u00e9m na Pra\u00e7a Ant\u00f4nio Carlos, Centro Administrativo do Demlurb &#8211; Vila Ideal, Secretaria de Educa\u00e7\u00e3o, Funalfa, Espa\u00e7o Cidad\u00e3o (Centro e Regional Sul), Parque Halfeld, Centro de Apoio Bom Pastor, Instituto Mineiro de Agropecu\u00e1ria (IMA), Pra\u00e7a da Esta\u00e7\u00e3o, entre outros locais.<\/p>\n<p>Todos os procedimentos de descontamina\u00e7\u00e3o dos locais citados foram realizados por servidores do Demlurb, devidamente capacitados e protegidos com equipamentos de seguran\u00e7a, como m\u00e1scaras e roupas espec\u00edficas e protetoras.<\/p>\n<p><strong>Fonte:\u00a0<\/strong>Assessoria<\/p>\n","protected":false},"excerpt":{"rendered":"<p>O Departamento Municipal de Limpeza Urbana (Demlurb) da Prefeitura de Juiz de Fora (PJF) continua realizando trabalho de descontamina\u00e7\u00e3o de ruas e locais de grande circula\u00e7\u00e3o de pessoas. S\u00f3 no \u00faltimo m\u00eas, mais de 40 espa\u00e7os p\u00fablicos receberam esse servi\u00e7o, como forma de impedir a dissemina\u00e7\u00e3o da covid-19. O trabalho vem sendo feito desde 2 [&hellip;]<\/p>\n","protected":false},"author":96,"featured_media":174137,"comment_status":"closed","ping_status":"closed","sticky":false,"template":"","format":"standard","meta":{"footnotes":""},"categories":[253,436,439],"tags":[],"class_list":["post-174136","post","type-post","status-publish","format-standard","has-post-thumbnail","hentry","category-cidade","category-destaque-da-semana","category-ultima-hora"],"_links":{"self":[{"href":"https:\/\/diarioregionaldigital.com.br\/index.php?rest_route=\/wp\/v2\/posts\/174136","targetHints":{"allow":["GET"]}}],"collection":[{"href":"https:\/\/diarioregionaldigital.com.br\/index.php?rest_route=\/wp\/v2\/posts"}],"about":[{"href":"https:\/\/diarioregionaldigital.com.br\/index.php?rest_route=\/wp\/v2\/types\/post"}],"author":[{"embeddable":true,"href":"https:\/\/diarioregionaldigital.com.br\/index.php?rest_route=\/wp\/v2\/users\/96"}],"replies":[{"embeddable":true,"href":"https:\/\/diarioregionaldigital.com.br\/index.php?rest_route=%2Fwp%2Fv2%2Fcomments&post=174136"}],"version-history":[{"count":0,"href":"https:\/\/diarioregionaldigital.com.br\/index.php?rest_route=\/wp\/v2\/posts\/174136\/revisions"}],"wp:featuredmedia":[{"embeddable":true,"href":"https:\/\/diarioregionaldigital.com.br\/index.php?rest_route=\/wp\/v2\/media\/174137"}],"wp:attachment":[{"href":"https:\/\/diarioregionaldigital.com.br\/index.php?rest_route=%2Fwp%2Fv2%2Fmedia&parent=174136"}],"wp:term":[{"taxonomy":"category","embeddable":true,"href":"https:\/\/diarioregionaldigital.com.br\/index.php?rest_route=%2Fwp%2Fv2%2Fcategories&post=174136"},{"taxonomy":"post_tag","embeddable":true,"href":"https:\/\/diarioregionaldigital.com.br\/index.php?rest_route=%2Fwp%2Fv2%2Ftags&post=174136"}],"curies":[{"name":"wp","href":"https:\/\/api.w.org\/{rel}","templated":true}]}}