{"id":174112,"date":"2020-11-30T13:35:59","date_gmt":"2020-11-30T16:35:59","guid":{"rendered":"https:\/\/diarioregionaldigital.com.br\/?p=174112"},"modified":"2020-11-30T13:35:59","modified_gmt":"2020-11-30T16:35:59","slug":"caixa-retorna-valores-nao-movimentados-do-saque-emergencial-do-fgts","status":"publish","type":"post","link":"https:\/\/diarioregionaldigital.com.br\/?p=174112","title":{"rendered":"Caixa retorna valores n\u00e3o movimentados do saque emergencial do FGTS"},"content":{"rendered":"<p>Cerca de R$ 7,9 bilh\u00f5es do saque emergencial do Fundo de Garantia do\u00a0Tempo de Servi\u00e7o (FGTS), creditados nas contas Poupan\u00e7a Social Digital\u00a0e n\u00e3o movimentados, v\u00e3o retornar\u00a0hoje\u00a0(30) para as contas vinculadas dos trabalhadores, devidamente corrigidos. O balan\u00e7o foi divulgado nesta\u00a0segunda-feira pela Caixa Econ\u00f4mica Federal, O\u00a0processamento do retorno dos valores pode levar at\u00e9 sete dias corridos.<img decoding=\"async\" src=\"https:\/\/agenciabrasil.ebc.com.br\/ebc.png?id=1395063&amp;o=node\" \/><img decoding=\"async\" src=\"https:\/\/agenciabrasil.ebc.com.br\/ebc.gif?id=1395063&amp;o=node\" \/><\/p>\n<p>Caso desejem, os trabalhadores ainda podem ter acesso ao saque, cujo valor \u00e9 de at\u00e9 R$ 1.045, considerando a soma dos saldos de todas as contas ativas e inativas no FGTS. Para isso, dever\u00e3o solicitar pelo aplicativo do FGTS, entre 7 e\u00a031 de dezembro, para que a Caixa transfira novamente o valor a ser sacado para a conta digital, que pode ser movimentada pelo aplicativo Caixa Tem. O saque emergencial poder\u00e1 ser utilizado em transa\u00e7\u00f5es eletr\u00f4nicas, saque em esp\u00e9cie ou transfer\u00eancia, sem custo, para outras contas.<\/p>\n<p>A Caixa informa que \u00e9 preciso estar com os dados cadastrais atualizados para receber o saque emergencial FGTS. Quem ainda n\u00e3o fez o saque e quer\u00a0ter\u00a0acesso ao dinheiro deve acessar o aplicativo FGTS, complementar os dados cadastrais e solicitar o saque dos valores, que ser\u00e3o creditados na Conta Poupan\u00e7a Social Digital. O valor e a data do cr\u00e9dito ser\u00e3o informados em seguida.<\/p>\n<p>O Saque Emergencial FGTS foi criado pela Medida Provis\u00f3ria 946\/20 para auxiliar os brasileiros no enfrentamento da pandemia do novo coronav\u00edrus. Desde o in\u00edcio do calend\u00e1rio de saques, foram disponibilizados R$ 37,8 bilh\u00f5es para mais de 60 milh\u00f5es de trabalhadores.<\/p>\n<p>Mais d\u00favidas podem ser esclarecidas nos canais disponibilizados pela Caixa para atender demandas relacionadas ao saque emergencial FGTS: App FGTS,\u00a0<a href=\"https:\/\/www.caixa.gov.br\/beneficios-trabalhador\/fgts\/Paginas\/default.aspx\" target=\"_blank\" rel=\"noopener noreferrer\"><em>site<\/em>\u00a0fgts.caixa.gov.br,<\/a>\u00a0Central de Atendimento CAIXA 111, op\u00e7\u00e3o 2; e Internet Banking CAIXA. O banco alerta que n\u00e3o envia mensagens com solicita\u00e7\u00e3o de senhas, dados ou informa\u00e7\u00f5es pessoais. A Caixa tamb\u00e9m n\u00e3o envia\u00a0<em>links<\/em>\u00a0ou pede confirma\u00e7\u00e3o de dispositivo ou acesso \u00e0 conta por\u00a0<em>e-mail<\/em>, SMS ou WhatsApp.<\/p>\n<p><strong>Fonte:\u00a0<\/strong>Ag\u00eancia Brasil<\/p>\n","protected":false},"excerpt":{"rendered":"<p>Cerca de R$ 7,9 bilh\u00f5es do saque emergencial do Fundo de Garantia do\u00a0Tempo de Servi\u00e7o (FGTS), creditados nas contas Poupan\u00e7a Social Digital\u00a0e n\u00e3o movimentados, v\u00e3o retornar\u00a0hoje\u00a0(30) para as contas vinculadas dos trabalhadores, devidamente corrigidos. O balan\u00e7o foi divulgado nesta\u00a0segunda-feira pela Caixa Econ\u00f4mica Federal, O\u00a0processamento do retorno dos valores pode levar at\u00e9 sete dias corridos. Caso [&hellip;]<\/p>\n","protected":false},"author":96,"featured_media":174113,"comment_status":"closed","ping_status":"closed","sticky":false,"template":"","format":"standard","meta":{"footnotes":""},"categories":[436,261,439],"tags":[],"class_list":["post-174112","post","type-post","status-publish","format-standard","has-post-thumbnail","hentry","category-destaque-da-semana","category-economia","category-ultima-hora"],"_links":{"self":[{"href":"https:\/\/diarioregionaldigital.com.br\/index.php?rest_route=\/wp\/v2\/posts\/174112","targetHints":{"allow":["GET"]}}],"collection":[{"href":"https:\/\/diarioregionaldigital.com.br\/index.php?rest_route=\/wp\/v2\/posts"}],"about":[{"href":"https:\/\/diarioregionaldigital.com.br\/index.php?rest_route=\/wp\/v2\/types\/post"}],"author":[{"embeddable":true,"href":"https:\/\/diarioregionaldigital.com.br\/index.php?rest_route=\/wp\/v2\/users\/96"}],"replies":[{"embeddable":true,"href":"https:\/\/diarioregionaldigital.com.br\/index.php?rest_route=%2Fwp%2Fv2%2Fcomments&post=174112"}],"version-history":[{"count":0,"href":"https:\/\/diarioregionaldigital.com.br\/index.php?rest_route=\/wp\/v2\/posts\/174112\/revisions"}],"wp:featuredmedia":[{"embeddable":true,"href":"https:\/\/diarioregionaldigital.com.br\/index.php?rest_route=\/wp\/v2\/media\/174113"}],"wp:attachment":[{"href":"https:\/\/diarioregionaldigital.com.br\/index.php?rest_route=%2Fwp%2Fv2%2Fmedia&parent=174112"}],"wp:term":[{"taxonomy":"category","embeddable":true,"href":"https:\/\/diarioregionaldigital.com.br\/index.php?rest_route=%2Fwp%2Fv2%2Fcategories&post=174112"},{"taxonomy":"post_tag","embeddable":true,"href":"https:\/\/diarioregionaldigital.com.br\/index.php?rest_route=%2Fwp%2Fv2%2Ftags&post=174112"}],"curies":[{"name":"wp","href":"https:\/\/api.w.org\/{rel}","templated":true}]}}