{"id":174028,"date":"2020-11-27T18:51:28","date_gmt":"2020-11-27T21:51:28","guid":{"rendered":"https:\/\/diarioregionaldigital.com.br\/?p=174028"},"modified":"2020-11-27T18:51:28","modified_gmt":"2020-11-27T21:51:28","slug":"boletim-da-pjf-confirma-mais-oito-obitos-por-covid-19","status":"publish","type":"post","link":"https:\/\/diarioregionaldigital.com.br\/?p=174028","title":{"rendered":"Boletim da PJF confirma mais oito \u00f3bitos por Covid-19"},"content":{"rendered":"<p>O novo boletim epidemiol\u00f3gico divulgado nesta sexta-feira (27) pela Secretaria de Sa\u00fade (SS) da Prefeitura de Juiz de Fora (PJF), aponta que o munic\u00edpio registrou nas \u00faltimas 24h, mais oito mortes decorrentes do Coronav\u00edrus, totalizando 316 \u00f3bitos. Conforme o levantamento, foram notificadas mais 73 novos casos, acumulando 9.074 pessoas infectadas. Al\u00e9m disso, 30.987 pacientes s\u00e3o suspeitos de terem a doen\u00e7a.<\/p>\n<p><b>\u00d3bitos:<\/b><\/p>\n<p>Idosa, de 85 anos, morreu nesta quinta-feira, 26. Comorbidades: Doen\u00e7a Cardiovascular Cr\u00f4nica (DCC) e Hipertens\u00e3o Arterial Sist\u00eamica (HAS);<\/p>\n<p>Homem, de 39 anos, morreu no dia 11 de setembro. Comorbidades: imunodefici\u00eancia;<\/p>\n<p>Idosa, de 67 anos, morreu no dia 15 de novembro. Sem comorbidades relatadas;<\/p>\n<p>Idoso, de 80 anos, morreu nesta sexta-feira, 27. Comorbidades: Doen\u00e7a Cardiovascular Cr\u00f4nica (DCC), Asma, doen\u00e7a pulmonar obstrutiva cr\u00f4nica (DPOC), Hipertens\u00e3o Arterial Sist\u00eamica (HAS) e Infarto agudo do mioc\u00e1rdio (IAM);<\/p>\n<p>Idoso, de 77 anos, morreu nesta quinta-feira, 26. Comorbidades: pneumopatia cr\u00f4nica;<\/p>\n<p>Idosa, de 87 anos, morreu nesta quinta-feira, 26. Comorbidades: Doen\u00e7a Cardiovascular Cr\u00f4nica (DCC), Diabetes Mellitus (DM) e Doen\u00e7a Neurol\u00f3gica Cr\u00f4nica (DNC);<\/p>\n<p>Homem, de 38 anos, morreu nesta quinta-feira, 26. Comorbidades: Doen\u00e7a Cardiovascular Cr\u00f4nica (DCC), Diabetes Mellitus (DM) e obesidade;<\/p>\n<p>Idosa, de 65 anos, morreu nesta sexta-feira, 27. Comorbidades: Doen\u00e7a Cardiovascular Cr\u00f4nica (DCC) e Hipertens\u00e3o Arterial Sist\u00eamica (HAS).<\/p>\n<p><b>Leitos\u00a0<\/b><\/p>\n<p>Segundo informa\u00e7\u00f5es da PJF, os leitos de enfermaria est\u00e3o com 66,55% de ocupa\u00e7\u00e3o. J\u00e1 os os leitos de UTI e SUS, est\u00e3o com taxa de 86,20% e 82,23% respectivamente.<\/p>\n","protected":false},"excerpt":{"rendered":"<p>O novo boletim epidemiol\u00f3gico divulgado nesta sexta-feira (27) pela Secretaria de Sa\u00fade (SS) da Prefeitura de Juiz de Fora (PJF), aponta que o munic\u00edpio registrou nas \u00faltimas 24h, mais oito mortes decorrentes do Coronav\u00edrus, totalizando 316 \u00f3bitos. Conforme o levantamento, foram notificadas mais 73 novos casos, acumulando 9.074 pessoas infectadas. Al\u00e9m disso, 30.987 pacientes s\u00e3o [&hellip;]<\/p>\n","protected":false},"author":96,"featured_media":174029,"comment_status":"closed","ping_status":"closed","sticky":false,"template":"","format":"standard","meta":{"footnotes":""},"categories":[253,436,440,439],"tags":[],"class_list":["post-174028","post","type-post","status-publish","format-standard","has-post-thumbnail","hentry","category-cidade","category-destaque-da-semana","category-destaques-do-dia","category-ultima-hora"],"_links":{"self":[{"href":"https:\/\/diarioregionaldigital.com.br\/index.php?rest_route=\/wp\/v2\/posts\/174028","targetHints":{"allow":["GET"]}}],"collection":[{"href":"https:\/\/diarioregionaldigital.com.br\/index.php?rest_route=\/wp\/v2\/posts"}],"about":[{"href":"https:\/\/diarioregionaldigital.com.br\/index.php?rest_route=\/wp\/v2\/types\/post"}],"author":[{"embeddable":true,"href":"https:\/\/diarioregionaldigital.com.br\/index.php?rest_route=\/wp\/v2\/users\/96"}],"replies":[{"embeddable":true,"href":"https:\/\/diarioregionaldigital.com.br\/index.php?rest_route=%2Fwp%2Fv2%2Fcomments&post=174028"}],"version-history":[{"count":0,"href":"https:\/\/diarioregionaldigital.com.br\/index.php?rest_route=\/wp\/v2\/posts\/174028\/revisions"}],"wp:featuredmedia":[{"embeddable":true,"href":"https:\/\/diarioregionaldigital.com.br\/index.php?rest_route=\/wp\/v2\/media\/174029"}],"wp:attachment":[{"href":"https:\/\/diarioregionaldigital.com.br\/index.php?rest_route=%2Fwp%2Fv2%2Fmedia&parent=174028"}],"wp:term":[{"taxonomy":"category","embeddable":true,"href":"https:\/\/diarioregionaldigital.com.br\/index.php?rest_route=%2Fwp%2Fv2%2Fcategories&post=174028"},{"taxonomy":"post_tag","embeddable":true,"href":"https:\/\/diarioregionaldigital.com.br\/index.php?rest_route=%2Fwp%2Fv2%2Ftags&post=174028"}],"curies":[{"name":"wp","href":"https:\/\/api.w.org\/{rel}","templated":true}]}}