{"id":174019,"date":"2020-11-27T17:20:13","date_gmt":"2020-11-27T20:20:13","guid":{"rendered":"https:\/\/diarioregionaldigital.com.br\/?p=174019"},"modified":"2020-11-27T17:20:13","modified_gmt":"2020-11-27T20:20:13","slug":"pjf-autua-envolvidos-na-realizacao-de-eventos-clandestinos-durante-pandemia","status":"publish","type":"post","link":"https:\/\/diarioregionaldigital.com.br\/?p=174019","title":{"rendered":"PJF autua envolvidos na realiza\u00e7\u00e3o de eventos clandestinos durante pandemia"},"content":{"rendered":"<p>Produtores que realizaram eventos durante a pandemia de covid-19 (coronav\u00edrus) foram identificados e ser\u00e3o autuados a partir desta sexta-feira, 27, pela Secretaria de Meio Ambiente e Ordenamento Urbano (Semaur), da Prefeitura de Juiz de Fora (PJF). A multa por promover evento sem licen\u00e7a \u00e9 de R$ 4.849,17, e ser\u00e1 emitida para 22 respons\u00e1veis.<\/p>\n<p>De acordo com a gerente do Departamento de Fiscaliza\u00e7\u00e3o Ambiental e Urbana, Graciela Marques, todas as pessoas que participam de eventos deste tipo corroboram no cometimento da infra\u00e7\u00e3o: \u201cPor isto, estamos autuando tamb\u00e9m VJs, DJs, bandas e m\u00fasicos. Os organizadores destas festas clandestinas est\u00e3o usando de diversos meios para driblar a fiscaliza\u00e7\u00e3o, com estrat\u00e9gias de lista de whatsapp, para venda antecipada das entradas, e s\u00f3 divulgando o local aos pagantes 30 minutos antes do in\u00edcio. Por\u00e9m, com o trabalho do nosso setor de intelig\u00eancia, estamos conseguindo identificar os envolvidos\u201d.<\/p>\n<p>Todas as autua\u00e7\u00f5es ser\u00e3o encaminhadas ao Minist\u00e9rio P\u00fablico, para que tamb\u00e9m seja feita representa\u00e7\u00e3o criminal por dano \u00e0 sa\u00fade p\u00fablica. \u201cPara cada evento promovido, cerca de quatro pessoas est\u00e3o sendo responsabilizadas por terem contribu\u00eddo com a realiza\u00e7\u00e3o do mesmo\u201d, acrescentou Graciela. Ainda nesta sexta-feira, outros sete organizadores, que est\u00e3o divulgando festas clandestinas, foram identificados e est\u00e3o sendo notificados. Caso os eventos aconte\u00e7am mesmo assim, cada um ter\u00e1 que arcar com a multa e o local da festa tamb\u00e9m poder\u00e1 ser interditado. Se forem reincidentes, o valor da autua\u00e7\u00e3o pode aumentar.<\/p>\n<p>A proibi\u00e7\u00e3o de realiza\u00e7\u00e3o de eventos durante o estado de calamidade p\u00fablica no Munic\u00edpio, devido \u00e0 pandemia de covid-19, est\u00e1 prevista no Decreto Municipal 14.179\/2020 e suas complementa\u00e7\u00f5es.<\/p>\n<p><strong>Fonte:\u00a0<\/strong>Assessoria<\/p>\n","protected":false},"excerpt":{"rendered":"<p>Produtores que realizaram eventos durante a pandemia de covid-19 (coronav\u00edrus) foram identificados e ser\u00e3o autuados a partir desta sexta-feira, 27, pela Secretaria de Meio Ambiente e Ordenamento Urbano (Semaur), da Prefeitura de Juiz de Fora (PJF). A multa por promover evento sem licen\u00e7a \u00e9 de R$ 4.849,17, e ser\u00e1 emitida para 22 respons\u00e1veis. De acordo [&hellip;]<\/p>\n","protected":false},"author":96,"featured_media":173643,"comment_status":"closed","ping_status":"closed","sticky":false,"template":"","format":"standard","meta":{"footnotes":""},"categories":[253,436,439],"tags":[],"class_list":["post-174019","post","type-post","status-publish","format-standard","has-post-thumbnail","hentry","category-cidade","category-destaque-da-semana","category-ultima-hora"],"_links":{"self":[{"href":"https:\/\/diarioregionaldigital.com.br\/index.php?rest_route=\/wp\/v2\/posts\/174019","targetHints":{"allow":["GET"]}}],"collection":[{"href":"https:\/\/diarioregionaldigital.com.br\/index.php?rest_route=\/wp\/v2\/posts"}],"about":[{"href":"https:\/\/diarioregionaldigital.com.br\/index.php?rest_route=\/wp\/v2\/types\/post"}],"author":[{"embeddable":true,"href":"https:\/\/diarioregionaldigital.com.br\/index.php?rest_route=\/wp\/v2\/users\/96"}],"replies":[{"embeddable":true,"href":"https:\/\/diarioregionaldigital.com.br\/index.php?rest_route=%2Fwp%2Fv2%2Fcomments&post=174019"}],"version-history":[{"count":0,"href":"https:\/\/diarioregionaldigital.com.br\/index.php?rest_route=\/wp\/v2\/posts\/174019\/revisions"}],"wp:featuredmedia":[{"embeddable":true,"href":"https:\/\/diarioregionaldigital.com.br\/index.php?rest_route=\/wp\/v2\/media\/173643"}],"wp:attachment":[{"href":"https:\/\/diarioregionaldigital.com.br\/index.php?rest_route=%2Fwp%2Fv2%2Fmedia&parent=174019"}],"wp:term":[{"taxonomy":"category","embeddable":true,"href":"https:\/\/diarioregionaldigital.com.br\/index.php?rest_route=%2Fwp%2Fv2%2Fcategories&post=174019"},{"taxonomy":"post_tag","embeddable":true,"href":"https:\/\/diarioregionaldigital.com.br\/index.php?rest_route=%2Fwp%2Fv2%2Ftags&post=174019"}],"curies":[{"name":"wp","href":"https:\/\/api.w.org\/{rel}","templated":true}]}}