{"id":174006,"date":"2020-11-27T15:44:32","date_gmt":"2020-11-27T18:44:32","guid":{"rendered":"https:\/\/diarioregionaldigital.com.br\/?p=174006"},"modified":"2020-11-27T15:44:32","modified_gmt":"2020-11-27T18:44:32","slug":"atividade-estimula-criancas-na-criacao-de-conteudos-sobre-o-museu","status":"publish","type":"post","link":"https:\/\/diarioregionaldigital.com.br\/?p=174006","title":{"rendered":"Atividade estimula crian\u00e7as na cria\u00e7\u00e3o de conte\u00fados sobre o Museu"},"content":{"rendered":"<p>Durante a pandemia, o Museu &#8220;Mariano Proc\u00f3pio&#8221; vem produzindo conte\u00fados diversos e interativos, relacionados \u00e0 institui\u00e7\u00e3o, para o meio web, utilizando imagens de pe\u00e7as do acervo e pr\u00e9dios hist\u00f3ricos, dentre outros temas. Atrav\u00e9s de plataforma digital s\u00e3o oferecidos jogos e atividades educativas que estimulam criatividade, racioc\u00ednio e aprendizado. Nesta sexta-feira, 27, est\u00e1 sendo lan\u00e7ado o projeto &#8220;Minha Arte no Museu&#8221;, que traz a proposta \u00e0s crian\u00e7as e demais interessados a produzirem desenhos baseados nas publica\u00e7\u00f5es feitas nas redes sociais da institui\u00e7\u00e3o (<a href=\"https:\/\/www.facebook.com\/museu.marianoprocopio\">facebook.com\/museu.marianoprocopio<\/a>\u00a0e instagram @museumarianoprocopio). As ilustra\u00e7\u00f5es produzidas ser\u00e3o compartilhadas no site das atividades educativas (<a href=\"https:\/\/educativomapro.wixsite.com\/atividades\">educativomapro.wixsite.com\/atividades<\/a>) e nas redes sociais, e para isso, basta utilizar a hashtag #minhaartenomapro.<\/p>\n<p>No site, o participante ser\u00e1 direcionado \u00e0 ferramenta para fazer o desenho diretamente no computador. Al\u00e9m dessa possibilidade, \u00e9 poss\u00edvel participar, produzindo as ilustra\u00e7\u00f5es em papel, que podem ser fotografadas e postadas no perfil da rede social da pessoa ou seu respons\u00e1vel, com a marca\u00e7\u00e3o do perfil do Museu e utiliza\u00e7\u00e3o da hashtag. O projeto foi desenvolvido pela pedagoga, estudante de Hist\u00f3ria e estagi\u00e1ria do Museu, Patr\u00edcia Santos. Al\u00e9m desta atividade, a plataforma disponibiliza jogos de mem\u00f3ria e quebra-cabe\u00e7a, dentre outros. A iniciativa \u00e9 coordenada pelo Departamento de Acervo T\u00e9cnico e A\u00e7\u00f5es Culturais (Datec), que busca, atrav\u00e9s desta e de outras atividades, gerar maior intera\u00e7\u00e3o com o p\u00fablico, promovendo a difus\u00e3o do Museu e mantendo v\u00ednculo com a sociedade.<\/p>\n<p><strong>Fonte:\u00a0<\/strong>Assessoria<\/p>\n","protected":false},"excerpt":{"rendered":"<p>Durante a pandemia, o Museu &#8220;Mariano Proc\u00f3pio&#8221; vem produzindo conte\u00fados diversos e interativos, relacionados \u00e0 institui\u00e7\u00e3o, para o meio web, utilizando imagens de pe\u00e7as do acervo e pr\u00e9dios hist\u00f3ricos, dentre outros temas. Atrav\u00e9s de plataforma digital s\u00e3o oferecidos jogos e atividades educativas que estimulam criatividade, racioc\u00ednio e aprendizado. Nesta sexta-feira, 27, est\u00e1 sendo lan\u00e7ado o [&hellip;]<\/p>\n","protected":false},"author":96,"featured_media":174007,"comment_status":"closed","ping_status":"closed","sticky":false,"template":"","format":"standard","meta":{"footnotes":""},"categories":[256,436,262,439],"tags":[],"class_list":["post-174006","post","type-post","status-publish","format-standard","has-post-thumbnail","hentry","category-cultura","category-destaque-da-semana","category-noticias","category-ultima-hora"],"_links":{"self":[{"href":"https:\/\/diarioregionaldigital.com.br\/index.php?rest_route=\/wp\/v2\/posts\/174006","targetHints":{"allow":["GET"]}}],"collection":[{"href":"https:\/\/diarioregionaldigital.com.br\/index.php?rest_route=\/wp\/v2\/posts"}],"about":[{"href":"https:\/\/diarioregionaldigital.com.br\/index.php?rest_route=\/wp\/v2\/types\/post"}],"author":[{"embeddable":true,"href":"https:\/\/diarioregionaldigital.com.br\/index.php?rest_route=\/wp\/v2\/users\/96"}],"replies":[{"embeddable":true,"href":"https:\/\/diarioregionaldigital.com.br\/index.php?rest_route=%2Fwp%2Fv2%2Fcomments&post=174006"}],"version-history":[{"count":0,"href":"https:\/\/diarioregionaldigital.com.br\/index.php?rest_route=\/wp\/v2\/posts\/174006\/revisions"}],"wp:featuredmedia":[{"embeddable":true,"href":"https:\/\/diarioregionaldigital.com.br\/index.php?rest_route=\/wp\/v2\/media\/174007"}],"wp:attachment":[{"href":"https:\/\/diarioregionaldigital.com.br\/index.php?rest_route=%2Fwp%2Fv2%2Fmedia&parent=174006"}],"wp:term":[{"taxonomy":"category","embeddable":true,"href":"https:\/\/diarioregionaldigital.com.br\/index.php?rest_route=%2Fwp%2Fv2%2Fcategories&post=174006"},{"taxonomy":"post_tag","embeddable":true,"href":"https:\/\/diarioregionaldigital.com.br\/index.php?rest_route=%2Fwp%2Fv2%2Ftags&post=174006"}],"curies":[{"name":"wp","href":"https:\/\/api.w.org\/{rel}","templated":true}]}}