{"id":174003,"date":"2020-11-27T15:42:06","date_gmt":"2020-11-27T18:42:06","guid":{"rendered":"https:\/\/diarioregionaldigital.com.br\/?p=174003"},"modified":"2020-11-27T15:42:06","modified_gmt":"2020-11-27T18:42:06","slug":"governo-de-minas-pagara-salario-de-dezembro-e-parte-do-13o-a-todos-os-servidores-antes-do-natal","status":"publish","type":"post","link":"https:\/\/diarioregionaldigital.com.br\/?p=174003","title":{"rendered":"Governo de Minas pagar\u00e1 sal\u00e1rio de dezembro e parte do 13\u00ba a todos os servidores antes do Natal"},"content":{"rendered":"<p>O\u00a0<a href=\"http:\/\/www.mg.gov.br\/\" target=\"_blank\" rel=\"noopener noreferrer\">Governo de Minas Gerais<\/a>\u00a0informa que, ap\u00f3s um grande esfor\u00e7o no fluxo de caixa, por determina\u00e7\u00e3o do governador Romeu Zema, pagar\u00e1 uma parcela do 13\u00ba sal\u00e1rio a todos os servidores p\u00fablicos no dia 23 de dezembro, antes do Natal. Ser\u00e1 feito dep\u00f3sito de R$ 2 mil na conta de todos os funcion\u00e1rios da ativa, inativos e pensionistas.<\/p>\n<p>Com isso, 39% da folha de pagamentos ser\u00e1 quitada antes do Natal. Receber\u00e3o integralmente no dia 23 de dezembro 252 mil pagamentos (sendo 147 mil para servidores ativos e 105 mil para servidores inativos e pensionistas). O custo total ser\u00e1 de R$ 1,1 bilh\u00e3o.<\/p>\n<p>O crit\u00e9rio adotado foi o de isonomia, uma vez que todos os servidores ser\u00e3o contemplados. Essa \u00e9 a primeira vez, em tr\u00eas anos, que o governo realiza parte do pagamento do 13\u00ba sal\u00e1rio a todo o contingente de servidores antes do Natal. Tal medida \u00e9 resultado de uma gest\u00e3o austera, eficiente e comprometida em solucionar os graves problemas financeiros herdados da administra\u00e7\u00e3o anterior.<\/p>\n<p><strong>Empenho<\/strong><\/p>\n<p>O Estado est\u00e1 empenhado em garantir o restante do pagamento aos servidores que recebem valor superior a R$ 2 mil. Dentre as alternativas em an\u00e1lise para a obten\u00e7\u00e3o de recursos est\u00e1 a privatiza\u00e7\u00e3o da\u00a0<a href=\"http:\/\/www.codemig.com.br\/\" target=\"_blank\" rel=\"noopener noreferrer\">Codemig (Companhia de Desenvolvimento Econ\u00f4mico de Minas Gerais)<\/a>.\u00a0O governo federal se comprometeu a adiantar parte dos recursos oriundos da poss\u00edvel venda, que depende de autoriza\u00e7\u00e3o do Legislativo.<\/p>\n<p>Tamb\u00e9m em grande esfor\u00e7o de fluxo de caixa, o governo conseguir\u00e1 pagar o sal\u00e1rio de dezembro (relativo \u00e0 folha de novembro) antes do Natal. A primeira parcela ser\u00e1 paga no dia 10 de dezembro e a segunda no dia 18 do mesmo m\u00eas. Os crit\u00e9rios ser\u00e3o os mesmos adotados em meses anteriores: R$ 2 mil para todos os servidores na primeira parcela e o restante na segunda. Servidores da Sa\u00fade e Seguran\u00e7a recebem integralmente na primeira parcela.<\/p>\n<p><strong>Fonte:\u00a0<\/strong>Ag\u00eancia Minas<\/p>\n","protected":false},"excerpt":{"rendered":"<p>O\u00a0Governo de Minas Gerais\u00a0informa que, ap\u00f3s um grande esfor\u00e7o no fluxo de caixa, por determina\u00e7\u00e3o do governador Romeu Zema, pagar\u00e1 uma parcela do 13\u00ba sal\u00e1rio a todos os servidores p\u00fablicos no dia 23 de dezembro, antes do Natal. Ser\u00e1 feito dep\u00f3sito de R$ 2 mil na conta de todos os funcion\u00e1rios da ativa, inativos e [&hellip;]<\/p>\n","protected":false},"author":96,"featured_media":174004,"comment_status":"closed","ping_status":"closed","sticky":false,"template":"","format":"standard","meta":{"footnotes":""},"categories":[436,261,439],"tags":[],"class_list":["post-174003","post","type-post","status-publish","format-standard","has-post-thumbnail","hentry","category-destaque-da-semana","category-economia","category-ultima-hora"],"_links":{"self":[{"href":"https:\/\/diarioregionaldigital.com.br\/index.php?rest_route=\/wp\/v2\/posts\/174003","targetHints":{"allow":["GET"]}}],"collection":[{"href":"https:\/\/diarioregionaldigital.com.br\/index.php?rest_route=\/wp\/v2\/posts"}],"about":[{"href":"https:\/\/diarioregionaldigital.com.br\/index.php?rest_route=\/wp\/v2\/types\/post"}],"author":[{"embeddable":true,"href":"https:\/\/diarioregionaldigital.com.br\/index.php?rest_route=\/wp\/v2\/users\/96"}],"replies":[{"embeddable":true,"href":"https:\/\/diarioregionaldigital.com.br\/index.php?rest_route=%2Fwp%2Fv2%2Fcomments&post=174003"}],"version-history":[{"count":0,"href":"https:\/\/diarioregionaldigital.com.br\/index.php?rest_route=\/wp\/v2\/posts\/174003\/revisions"}],"wp:featuredmedia":[{"embeddable":true,"href":"https:\/\/diarioregionaldigital.com.br\/index.php?rest_route=\/wp\/v2\/media\/174004"}],"wp:attachment":[{"href":"https:\/\/diarioregionaldigital.com.br\/index.php?rest_route=%2Fwp%2Fv2%2Fmedia&parent=174003"}],"wp:term":[{"taxonomy":"category","embeddable":true,"href":"https:\/\/diarioregionaldigital.com.br\/index.php?rest_route=%2Fwp%2Fv2%2Fcategories&post=174003"},{"taxonomy":"post_tag","embeddable":true,"href":"https:\/\/diarioregionaldigital.com.br\/index.php?rest_route=%2Fwp%2Fv2%2Ftags&post=174003"}],"curies":[{"name":"wp","href":"https:\/\/api.w.org\/{rel}","templated":true}]}}