{"id":173969,"date":"2020-11-27T11:09:44","date_gmt":"2020-11-27T14:09:44","guid":{"rendered":"https:\/\/diarioregionaldigital.com.br\/?p=173969"},"modified":"2020-11-27T11:09:44","modified_gmt":"2020-11-27T14:09:44","slug":"covid-19-comite-proibe-cursos-livres-conhece-nova-plataforma-e-tera-novo-membro-da-transicao-de-governo","status":"publish","type":"post","link":"https:\/\/diarioregionaldigital.com.br\/?p=173969","title":{"rendered":"Covid-19 &#8211; Comit\u00ea pro\u00edbe cursos livres, conhece nova plataforma e ter\u00e1 novo membro da transi\u00e7\u00e3o de governo"},"content":{"rendered":"<p>Na noite dessa quinta-feira (26), o Comit\u00ea Municipal de Enfrentamento ao Coronav\u00edrus analisou um novo protocolo de biosseguran\u00e7a Covid-19 dos cursos livres de Juiz de Fora (treinamentos, forma\u00e7\u00e3o profissional, cursos de gastronomia, capacita\u00e7\u00f5es, etc). V\u00e1rias entidades que assinam o documento solicitavam a libera\u00e7\u00e3o das atividades presenciais. Mas, diante do n\u00famero crescente de casos confirmados e mortes por Covid-19 na cidade, al\u00e9m de um novo recorde de hospitaliza\u00e7\u00f5es no munic\u00edpio devido \u00e0 pandemia, a libera\u00e7\u00e3o n\u00e3o foi autorizada pelo \u00f3rg\u00e3o colegiado.<\/p>\n<p>O comit\u00ea tamb\u00e9m avaliou uma delibera\u00e7\u00e3o da Funda\u00e7\u00e3o Get\u00falio Vargas (FGV) sobre uma prova nacional da Ordem dos Advogados do Brasil (OAB) que acontece em todo o pa\u00eds no dia 6 de dezembro. Em Juiz de Fora, a prova ocorrer\u00e1 no Instituto Vianna J\u00fanior. Contudo, a delibera\u00e7\u00e3o n\u00e3o foi aprovada ainda porque o documento enviado pela FGV n\u00e3o especificava o protocolo de seguran\u00e7a para a realiza\u00e7\u00e3o da prova, como distanciamento e candidatos por sala. Por isso, a Prefeitura de Juiz de Fora (PJF) vai solicitar mais informa\u00e7\u00f5es e o envio dos protocolos da prova, para saber se os mesmos se enquadram com a situa\u00e7\u00e3o do munic\u00edpio.<\/p>\n<p><b>Novo painel gerencial Covid-19<\/b><\/p>\n<p>Na pr\u00f3xima ter\u00e7a-feira, 1\u00ba, \u00e0s 15 horas, na Escola de Governo, durante coletiva de imprensa, o prefeito Ant\u00f4nio Almas lancar\u00e1 o novo painel gerencial com dados da Covid-19 em Juiz de Fora. A nova plataforma, criada pelo Departamento de Planejamento e Informa\u00e7\u00f5es em Sa\u00fade (Dpis) da Secretaria de Sa\u00fade (SS) e inspirada no modelo da Universidade Johns Hopkins, foi apresentada ao comit\u00ea na reuni\u00e3o desta quinta-feira e \u00e9 bem mais completa do que a atual, trazendo dados da doen\u00e7a por bairros, faixa et\u00e1ria mais atingida, comorbidades, entre outras informa\u00e7\u00f5es que ser\u00e3o divulgadas na pr\u00f3xima semana.<\/p>\n<p><b>Transi\u00e7\u00e3o de governo<\/b><\/p>\n<p>A partir da pr\u00f3xima semana, um representante da nova administra\u00e7\u00e3o ser\u00e1 convidado a participar das reuni\u00f5es semanais do Comit\u00ea. O prefeito Ant\u00f4nio Almas informou aos integrantes do colegiado a necessidade de iniciar a prepara\u00e7\u00e3o para o processo de transi\u00e7\u00e3o entre as gest\u00f5es da Prefeitura, ap\u00f3s o resultado das elei\u00e7\u00f5es municipais, de modo a inteirar o pr\u00f3ximo Governo sobre o cen\u00e1rio epidemiol\u00f3gico da cidade.<\/p>\n<p><b>Fiscaliza\u00e7\u00e3o<\/b><\/p>\n<p>Durante a reuni\u00e3o semanal do comit\u00ea, o secret\u00e1rio municipal de Meio Ambiente e Ordenamento Urbano, Eduardo Schr\u00f6eder, fez um balan\u00e7o das a\u00e7\u00f5es de fiscaliza\u00e7\u00e3o entre segunda, 23, e esta quinta-feira, 26. Fiscais de posturas e guardas municipais realizaram 52 vistorias, emitiram 38 notifica\u00e7\u00f5es, seis autos de infra\u00e7\u00e3o para restaurantes que estavam desrespeitando a proibi\u00e7\u00e3o de autosservi\u00e7o (self-service), al\u00e9m da interdi\u00e7\u00e3o de um estabelecimento.<\/p>\n<p>Schr\u00f6eder tamb\u00e9m informou que a Prefeitura iniciar\u00e1 nesta sexta-feira, 27, uma for\u00e7a-tarefa para multar 22 promotores de eventos, DJs, divulgadores e vendedores de ingresso de festas clandestinas em Juiz de Fora. Ao longo da semana, foram identificadas divulga\u00e7\u00f5es de festas irregulares. A multa para cada autua\u00e7\u00e3o \u00e9 de R$ 4.849,17.<\/p>\n<p><b>Contrapropaganda<\/b><\/p>\n<p>Para combater essas festas clandestinas, a Secretaria de Comunica\u00e7\u00e3o P\u00fablica (Secom) realizou uma contrapropaganda em que o panfleto da festa recebe uma arte avisando da irregularidade do evento. Todos os organizadores foram notificados pela Semaur e ser\u00e3o autuados. As autua\u00e7\u00f5es ser\u00e3o encaminhadas ao Minist\u00e9rio P\u00fablico (MP) para que o \u00f3rg\u00e3o tamb\u00e9m possa fazer a representa\u00e7\u00e3o criminal contra a sa\u00fade p\u00fablica.<\/p>\n<p><b>Black Friday<\/b><\/p>\n<p>Nesta sexta-feira, a partir das 8 horas, o Procon M\u00f3vel estar\u00e1 em frente ao Cine-Theatro Central. O objetivo \u00e9 fazer uma a\u00e7\u00e3o educativa junto \u00e0s lojas para manter o ordenamento urbano durante o dia conhecido como Black Friday. Ser\u00e3o verificados se os protocolos de seguran\u00e7a em rela\u00e7\u00e3o ao coronav\u00edrus est\u00e3o sendo cumpridos.<\/p>\n<p><b>Transporte coletivo<\/b><\/p>\n<p>O secret\u00e1rio da Transportes e Tr\u00e2nsito, Eduardo Facio, tamb\u00e9m participou da videoconfer\u00eancia do comit\u00ea e apresentou dados do transporte coletivo para os membros do colegiado. O titular da Settra informou que a frota de \u00f4nibus hoje est\u00e1 operando com 67% do total de ve\u00edculos. Essa redu\u00e7\u00e3o est\u00e1 ligada \u00e0 pandemia da Covid-19. Antes da chegada do v\u00edrus, o transporte coletivo tinha 340 mil usu\u00e1rios por dia. Atualmente s\u00e3o 160 mil usu\u00e1rios por dia, uma redu\u00e7\u00e3o de mais de 50% de usu\u00e1rios.<\/p>\n<p>Como a demanda pelo servi\u00e7o diminuiu, a frota de \u00f4nibus nas ruas tamb\u00e9m foi reduzida. Contudo, a Settra informou que nos hor\u00e1rios de pico, entre 5h e 9h da manh\u00e3 e das 17h \u00e0s 19h, a Secretaria sempre faz adequa\u00e7\u00f5es da frota para atender de forma satisfat\u00f3ria os usu\u00e1rios.<\/p>\n<p><strong>Fonte:<\/strong> Assessoria<\/p>\n","protected":false},"excerpt":{"rendered":"<p>Na noite dessa quinta-feira (26), o Comit\u00ea Municipal de Enfrentamento ao Coronav\u00edrus analisou um novo protocolo de biosseguran\u00e7a Covid-19 dos cursos livres de Juiz de Fora (treinamentos, forma\u00e7\u00e3o profissional, cursos de gastronomia, capacita\u00e7\u00f5es, etc). V\u00e1rias entidades que assinam o documento solicitavam a libera\u00e7\u00e3o das atividades presenciais. Mas, diante do n\u00famero crescente de casos confirmados e [&hellip;]<\/p>\n","protected":false},"author":96,"featured_media":173970,"comment_status":"closed","ping_status":"closed","sticky":false,"template":"","format":"standard","meta":{"footnotes":""},"categories":[253,436,440,439],"tags":[],"class_list":["post-173969","post","type-post","status-publish","format-standard","has-post-thumbnail","hentry","category-cidade","category-destaque-da-semana","category-destaques-do-dia","category-ultima-hora"],"_links":{"self":[{"href":"https:\/\/diarioregionaldigital.com.br\/index.php?rest_route=\/wp\/v2\/posts\/173969","targetHints":{"allow":["GET"]}}],"collection":[{"href":"https:\/\/diarioregionaldigital.com.br\/index.php?rest_route=\/wp\/v2\/posts"}],"about":[{"href":"https:\/\/diarioregionaldigital.com.br\/index.php?rest_route=\/wp\/v2\/types\/post"}],"author":[{"embeddable":true,"href":"https:\/\/diarioregionaldigital.com.br\/index.php?rest_route=\/wp\/v2\/users\/96"}],"replies":[{"embeddable":true,"href":"https:\/\/diarioregionaldigital.com.br\/index.php?rest_route=%2Fwp%2Fv2%2Fcomments&post=173969"}],"version-history":[{"count":0,"href":"https:\/\/diarioregionaldigital.com.br\/index.php?rest_route=\/wp\/v2\/posts\/173969\/revisions"}],"wp:featuredmedia":[{"embeddable":true,"href":"https:\/\/diarioregionaldigital.com.br\/index.php?rest_route=\/wp\/v2\/media\/173970"}],"wp:attachment":[{"href":"https:\/\/diarioregionaldigital.com.br\/index.php?rest_route=%2Fwp%2Fv2%2Fmedia&parent=173969"}],"wp:term":[{"taxonomy":"category","embeddable":true,"href":"https:\/\/diarioregionaldigital.com.br\/index.php?rest_route=%2Fwp%2Fv2%2Fcategories&post=173969"},{"taxonomy":"post_tag","embeddable":true,"href":"https:\/\/diarioregionaldigital.com.br\/index.php?rest_route=%2Fwp%2Fv2%2Ftags&post=173969"}],"curies":[{"name":"wp","href":"https:\/\/api.w.org\/{rel}","templated":true}]}}