{"id":173962,"date":"2020-11-27T10:45:49","date_gmt":"2020-11-27T13:45:49","guid":{"rendered":"https:\/\/diarioregionaldigital.com.br\/?p=173962"},"modified":"2020-11-27T10:45:49","modified_gmt":"2020-11-27T13:45:49","slug":"pm-recupera-veiculo-tomado-de-assalto-na-regiao-norte","status":"publish","type":"post","link":"https:\/\/diarioregionaldigital.com.br\/?p=173962","title":{"rendered":"PM recupera ve\u00edculo tomado de assalto na Regi\u00e3o Norte"},"content":{"rendered":"<p>Durante um patrulhamento na noite de quinta-feira (26), a Pol\u00edcia Militar (PM), localizou um ve\u00edculo de cor verde, que havia sido tomado de assalto ocorrido na manh\u00e3 do mesmo dia, no Bairro Cer\u00e2mica (Regi\u00e3o Norte). Naquela ocasi\u00e3o, o condutor, homem de 54 anos, transitava pela Rua Projetada, a procura de uma vaga para estacionar. Instantes depois, foi abordado por quatro indiv\u00edduos, sendo que dois deles estava com posse de arma de fogo.<\/p>\n<p>Tr\u00eas deles entraram no autom\u00f3vel e seguiram em dire\u00e7\u00e3o \u00e0 Rua Coronel Vidal, enquanto que o outro fugiu do local a p\u00e9. No interior do carro, ficou o celular da v\u00edtima e este tinha aplicativo de rastreamento. Atrav\u00e9s disso, os policiais tiveram \u00eaxito em localizar e recuperar o ve\u00edculo.<\/p>\n","protected":false},"excerpt":{"rendered":"<p>Durante um patrulhamento na noite de quinta-feira (26), a Pol\u00edcia Militar (PM), localizou um ve\u00edculo de cor verde, que havia sido tomado de assalto ocorrido na manh\u00e3 do mesmo dia, no Bairro Cer\u00e2mica (Regi\u00e3o Norte). Naquela ocasi\u00e3o, o condutor, homem de 54 anos, transitava pela Rua Projetada, a procura de uma vaga para estacionar. Instantes [&hellip;]<\/p>\n","protected":false},"author":96,"featured_media":173696,"comment_status":"closed","ping_status":"closed","sticky":false,"template":"","format":"standard","meta":{"footnotes":""},"categories":[301,436,439],"tags":[],"class_list":["post-173962","post","type-post","status-publish","format-standard","has-post-thumbnail","hentry","category-artigos-policiais","category-destaque-da-semana","category-ultima-hora"],"_links":{"self":[{"href":"https:\/\/diarioregionaldigital.com.br\/index.php?rest_route=\/wp\/v2\/posts\/173962","targetHints":{"allow":["GET"]}}],"collection":[{"href":"https:\/\/diarioregionaldigital.com.br\/index.php?rest_route=\/wp\/v2\/posts"}],"about":[{"href":"https:\/\/diarioregionaldigital.com.br\/index.php?rest_route=\/wp\/v2\/types\/post"}],"author":[{"embeddable":true,"href":"https:\/\/diarioregionaldigital.com.br\/index.php?rest_route=\/wp\/v2\/users\/96"}],"replies":[{"embeddable":true,"href":"https:\/\/diarioregionaldigital.com.br\/index.php?rest_route=%2Fwp%2Fv2%2Fcomments&post=173962"}],"version-history":[{"count":0,"href":"https:\/\/diarioregionaldigital.com.br\/index.php?rest_route=\/wp\/v2\/posts\/173962\/revisions"}],"wp:featuredmedia":[{"embeddable":true,"href":"https:\/\/diarioregionaldigital.com.br\/index.php?rest_route=\/wp\/v2\/media\/173696"}],"wp:attachment":[{"href":"https:\/\/diarioregionaldigital.com.br\/index.php?rest_route=%2Fwp%2Fv2%2Fmedia&parent=173962"}],"wp:term":[{"taxonomy":"category","embeddable":true,"href":"https:\/\/diarioregionaldigital.com.br\/index.php?rest_route=%2Fwp%2Fv2%2Fcategories&post=173962"},{"taxonomy":"post_tag","embeddable":true,"href":"https:\/\/diarioregionaldigital.com.br\/index.php?rest_route=%2Fwp%2Fv2%2Ftags&post=173962"}],"curies":[{"name":"wp","href":"https:\/\/api.w.org\/{rel}","templated":true}]}}