{"id":173958,"date":"2020-11-27T10:37:29","date_gmt":"2020-11-27T13:37:29","guid":{"rendered":"https:\/\/diarioregionaldigital.com.br\/?p=173958"},"modified":"2020-11-27T10:37:29","modified_gmt":"2020-11-27T13:37:29","slug":"dois-jovens-sao-presos-por-envolvimento-em-trafico-de-drogas-na-vila-alpina","status":"publish","type":"post","link":"https:\/\/diarioregionaldigital.com.br\/?p=173958","title":{"rendered":"Dois jovens s\u00e3o presos por envolvimento em tr\u00e1fico de drogas na Vila Alpina"},"content":{"rendered":"<p>Na noite de quinta-feira (26), a Pol\u00edcia Militar (PM) recebeu den\u00fancias sobre um jovem de 28 anos, que estaria realizando tr\u00e1fico de drogas no Bairro Vila Alpina (Regi\u00e3o Leste). Com informa\u00e7\u00f5es em m\u00e3os, os militares compareceram no local e avistaram o indiv\u00edduo. O mesmo foi abordado e ap\u00f3s consultas no sistema, foi constatado que este tinha mandado de pris\u00e3o em aberto e a guarni\u00e7\u00e3o deu voz de pris\u00e3o.<\/p>\n<p>Conforme o Boletim de Ocorr\u00eancia (BO), durante o ato, ele resistiu \u00e0 abordagem e por conta disso, os policiais tiveram de utilizar t\u00e9cnicas de conten\u00e7\u00e3o, sendo necess\u00e1rio o uso de algemas. Instantes depois, surgiu um rapaz de 26 anos, que se envolveu na luta corporal, na tentativa de ajudar o comparsa. Durante a interven\u00e7\u00e3o, um policial militar veio a lesionar a m\u00e3o.<\/p>\n<p>Dando prosseguimento \u00e0s dilig\u00eancias, a guarni\u00e7\u00e3o se deslocou \u00e0 resid\u00eancia de um dos autores e ap\u00f3s buscas no im\u00f3vel, foram encontradas duas caixas de Cloridrato de Lidoca\u00edna, uma balan\u00e7a de precis\u00e3o, 12 buchas e 13 tabletes de maconha, 24 papelotes e 18 pedras de coca\u00edna, uma pedra bruta de crack, um celular e quantia de R$ 1783,00 em dinheiro.<\/p>\n<p>Mediante aos fatos, os suspeitos foram presos em flagrante e encaminhados para a Delegacia, junto com os materiais recolhidos. Ainda conforme a PM, durante o trajeto, os indiv\u00edduos danificaram o xadrez da viatura.<\/p>\n","protected":false},"excerpt":{"rendered":"<p>Na noite de quinta-feira (26), a Pol\u00edcia Militar (PM) recebeu den\u00fancias sobre um jovem de 28 anos, que estaria realizando tr\u00e1fico de drogas no Bairro Vila Alpina (Regi\u00e3o Leste). Com informa\u00e7\u00f5es em m\u00e3os, os militares compareceram no local e avistaram o indiv\u00edduo. O mesmo foi abordado e ap\u00f3s consultas no sistema, foi constatado que este [&hellip;]<\/p>\n","protected":false},"author":96,"featured_media":173959,"comment_status":"closed","ping_status":"closed","sticky":false,"template":"","format":"standard","meta":{"footnotes":""},"categories":[301,436,440,439],"tags":[],"class_list":["post-173958","post","type-post","status-publish","format-standard","has-post-thumbnail","hentry","category-artigos-policiais","category-destaque-da-semana","category-destaques-do-dia","category-ultima-hora"],"_links":{"self":[{"href":"https:\/\/diarioregionaldigital.com.br\/index.php?rest_route=\/wp\/v2\/posts\/173958","targetHints":{"allow":["GET"]}}],"collection":[{"href":"https:\/\/diarioregionaldigital.com.br\/index.php?rest_route=\/wp\/v2\/posts"}],"about":[{"href":"https:\/\/diarioregionaldigital.com.br\/index.php?rest_route=\/wp\/v2\/types\/post"}],"author":[{"embeddable":true,"href":"https:\/\/diarioregionaldigital.com.br\/index.php?rest_route=\/wp\/v2\/users\/96"}],"replies":[{"embeddable":true,"href":"https:\/\/diarioregionaldigital.com.br\/index.php?rest_route=%2Fwp%2Fv2%2Fcomments&post=173958"}],"version-history":[{"count":0,"href":"https:\/\/diarioregionaldigital.com.br\/index.php?rest_route=\/wp\/v2\/posts\/173958\/revisions"}],"wp:featuredmedia":[{"embeddable":true,"href":"https:\/\/diarioregionaldigital.com.br\/index.php?rest_route=\/wp\/v2\/media\/173959"}],"wp:attachment":[{"href":"https:\/\/diarioregionaldigital.com.br\/index.php?rest_route=%2Fwp%2Fv2%2Fmedia&parent=173958"}],"wp:term":[{"taxonomy":"category","embeddable":true,"href":"https:\/\/diarioregionaldigital.com.br\/index.php?rest_route=%2Fwp%2Fv2%2Fcategories&post=173958"},{"taxonomy":"post_tag","embeddable":true,"href":"https:\/\/diarioregionaldigital.com.br\/index.php?rest_route=%2Fwp%2Fv2%2Ftags&post=173958"}],"curies":[{"name":"wp","href":"https:\/\/api.w.org\/{rel}","templated":true}]}}