{"id":173931,"date":"2020-11-27T06:00:58","date_gmt":"2020-11-27T09:00:58","guid":{"rendered":"https:\/\/diarioregionaldigital.com.br\/?p=173931"},"modified":"2020-11-27T00:32:12","modified_gmt":"2020-11-27T03:32:12","slug":"prefeitura-municipal-de-tocantins-processo-no137-27-11-2020","status":"publish","type":"post","link":"https:\/\/diarioregionaldigital.com.br\/?p=173931","title":{"rendered":"Prefeitura Municipal de Tocantins &#8211; Processo n\u00ba137 &#8211; 27\/11\/2020"},"content":{"rendered":"<p style=\"text-align: center;\"><strong>PREFEITURA MUNICIPAL DE TOCANTINS\/MG<\/strong><\/p>\n<p style=\"text-align: center;\"><strong>Processo n\u00b0 137\/2020<\/strong><\/p>\n<p style=\"text-align: center;\"><strong>Dispensa n\u00b0 066\/2020<\/strong><\/p>\n<p style=\"text-align: center;\"><strong>RATIFICA\u00c7\u00c3O<\/strong><\/p>\n<p style=\"text-align: center;\">\u00a0\u00a0\u00a0\u00a0\u00a0\u00a0\u00a0\u00a0\u00a0\u00a0\u00a0 O Prefeito Municipal de TOCANTINS, no uso de suas atribui\u00e7\u00f5es legais, com fulcro art. 24, inciso X da Lei n\u00b0 8.666\/93 e suas posteriores altera\u00e7\u00f5es, pelo presente ato, ratifica a AQUISI\u00c7\u00c3O DE MATERIAIS PARA DECORA\u00c7\u00c3O E ILUMINA\u00c7\u00c3O DA PRA\u00c7A DO ROS\u00c1RIO, FACHADA DO PR\u00c9DIO DA PREFEITURA MUNICIPAL DE TOCANTINS MG E TAMB\u00c9M PARA PRA\u00c7A DEPUTADO\u00a0 PIRES DA LUZ (BOA VISTA), EM RAZ\u00c3O DAS FESTIVIDADES NATALINAS.<\/p>\n<p style=\"text-align: center;\"><strong>\u00a0\u00a0\u00a0\u00a0\u00a0\u00a0\u00a0\u00a0\u00a0\u00a0\u00a0 NEWMAR MATERIAIS DE CONSTRU\u00c7\u00c3O LTDA &#8211; CNPJ: 03.746.819\/0001-90<\/strong><\/p>\n<p style=\"text-align: center;\">\u00a0\u00a0\u00a0\u00a0\u00a0\u00a0\u00a0\u00a0\u00a0\u00a0\u00a0\u00a0\u00a0\u00a0\u00a0 Valor Total de R$ 12.605,36 (doze mil, seiscentos e cinco reais e trinta e seis centavos)<\/p>\n<p style=\"text-align: center;\">TOCANTINS, 12 de Novembro de 2020.<\/p>\n<p style=\"text-align: center;\"><strong>____________________________________________<\/strong><\/p>\n<p style=\"text-align: center;\"><strong>Ieder Washington de Oliveira<\/strong><\/p>\n<p style=\"text-align: center;\"><strong>Prefeito Municipal<\/strong><\/p>\n","protected":false},"excerpt":{"rendered":"<p>PREFEITURA MUNICIPAL DE TOCANTINS\/MG Processo n\u00b0 137\/2020 Dispensa n\u00b0 066\/2020 RATIFICA\u00c7\u00c3O \u00a0\u00a0\u00a0\u00a0\u00a0\u00a0\u00a0\u00a0\u00a0\u00a0\u00a0 O Prefeito Municipal de TOCANTINS, no uso de suas atribui\u00e7\u00f5es legais, com fulcro art. 24, inciso X da Lei n\u00b0 8.666\/93 e suas posteriores altera\u00e7\u00f5es, pelo presente ato, ratifica a AQUISI\u00c7\u00c3O DE MATERIAIS PARA DECORA\u00c7\u00c3O E ILUMINA\u00c7\u00c3O DA PRA\u00c7A DO ROS\u00c1RIO, FACHADA DO [&hellip;]<\/p>\n","protected":false},"author":96,"featured_media":0,"comment_status":"closed","ping_status":"closed","sticky":false,"template":"","format":"standard","meta":{"footnotes":""},"categories":[307],"tags":[],"class_list":["post-173931","post","type-post","status-publish","format-standard","hentry","category-editais"],"_links":{"self":[{"href":"https:\/\/diarioregionaldigital.com.br\/index.php?rest_route=\/wp\/v2\/posts\/173931","targetHints":{"allow":["GET"]}}],"collection":[{"href":"https:\/\/diarioregionaldigital.com.br\/index.php?rest_route=\/wp\/v2\/posts"}],"about":[{"href":"https:\/\/diarioregionaldigital.com.br\/index.php?rest_route=\/wp\/v2\/types\/post"}],"author":[{"embeddable":true,"href":"https:\/\/diarioregionaldigital.com.br\/index.php?rest_route=\/wp\/v2\/users\/96"}],"replies":[{"embeddable":true,"href":"https:\/\/diarioregionaldigital.com.br\/index.php?rest_route=%2Fwp%2Fv2%2Fcomments&post=173931"}],"version-history":[{"count":0,"href":"https:\/\/diarioregionaldigital.com.br\/index.php?rest_route=\/wp\/v2\/posts\/173931\/revisions"}],"wp:attachment":[{"href":"https:\/\/diarioregionaldigital.com.br\/index.php?rest_route=%2Fwp%2Fv2%2Fmedia&parent=173931"}],"wp:term":[{"taxonomy":"category","embeddable":true,"href":"https:\/\/diarioregionaldigital.com.br\/index.php?rest_route=%2Fwp%2Fv2%2Fcategories&post=173931"},{"taxonomy":"post_tag","embeddable":true,"href":"https:\/\/diarioregionaldigital.com.br\/index.php?rest_route=%2Fwp%2Fv2%2Ftags&post=173931"}],"curies":[{"name":"wp","href":"https:\/\/api.w.org\/{rel}","templated":true}]}}