{"id":173890,"date":"2020-11-26T17:55:40","date_gmt":"2020-11-26T20:55:40","guid":{"rendered":"https:\/\/diarioregionaldigital.com.br\/?p=173890"},"modified":"2020-11-26T17:55:40","modified_gmt":"2020-11-26T20:55:40","slug":"copa-sao-paulo-de-futebol-junior-2021-e-cancelada-pela-federacao-paulista","status":"publish","type":"post","link":"https:\/\/diarioregionaldigital.com.br\/?p=173890","title":{"rendered":"Copa S\u00e3o Paulo de Futebol J\u00fanior 2021 \u00e9 cancelada pela Federa\u00e7\u00e3o Paulista"},"content":{"rendered":"<p><span style=\"font-weight: 400;\">Em comunicado oficial divulgado nesta quinta-feira (26), a Federa\u00e7\u00e3o Paulista de Futebol (FPF), anunciou o cancelamento da Copa S\u00e3o Paulo 2021, por conta da pandemia do Coronav\u00edrus.\u00a0<\/span><\/p>\n<p><span style=\"font-weight: 400;\">A edi\u00e7\u00e3o iria contar com 255 jogos em 24 dias, reunindo 128 times de todos os Estados do Brasil, al\u00e9m de 3.800 atletas que iniciam suas carreiras futebol\u00edsticas.<\/span><\/p>\n<p><span style=\"font-weight: 400;\">Por conta disso, a entidade explica que \u201cA partir de todas as informa\u00e7\u00f5es colhidas e diante do cen\u00e1rio de pandemia, conclu\u00edmos que mesmo um rigoroso protocolo de sa\u00fade n\u00e3o seria o suficiente para garantir seguran\u00e7a a atletas, \u00e1rbitros e demais profissionais envolvidos nos jogos, al\u00e9m da popula\u00e7\u00e3o das cidades-sede. E acima de qualquer compromisso est\u00e1 a vida.<\/span><\/p>\n<p><span style=\"font-weight: 400;\">A federa\u00e7\u00e3o faz agradecimento aos patrocinadores do torneio, por entenderem a situa\u00e7\u00e3o e novamente refor\u00e7a \u201ca sa\u00fade e os cuidados de seguran\u00e7a e isolamento\u201d est\u00e3o em primeiro lugar.<\/span><\/p>\n<p><span style=\"font-weight: 400;\">O maior vencedor da competi\u00e7\u00e3o \u00e9 o Corinthians, com 10 conquistas. Logo em seguida vem Fluminense e Internacional com 5, S\u00e3o Paulo e Flamengo com 4.<\/span><\/p>\n","protected":false},"excerpt":{"rendered":"<p>Em comunicado oficial divulgado nesta quinta-feira (26), a Federa\u00e7\u00e3o Paulista de Futebol (FPF), anunciou o cancelamento da Copa S\u00e3o Paulo 2021, por conta da pandemia do Coronav\u00edrus.\u00a0 A edi\u00e7\u00e3o iria contar com 255 jogos em 24 dias, reunindo 128 times de todos os Estados do Brasil, al\u00e9m de 3.800 atletas que iniciam suas carreiras futebol\u00edsticas. [&hellip;]<\/p>\n","protected":false},"author":96,"featured_media":173891,"comment_status":"closed","ping_status":"closed","sticky":false,"template":"","format":"standard","meta":{"footnotes":""},"categories":[436,257,439],"tags":[],"class_list":["post-173890","post","type-post","status-publish","format-standard","has-post-thumbnail","hentry","category-destaque-da-semana","category-esporte","category-ultima-hora"],"_links":{"self":[{"href":"https:\/\/diarioregionaldigital.com.br\/index.php?rest_route=\/wp\/v2\/posts\/173890","targetHints":{"allow":["GET"]}}],"collection":[{"href":"https:\/\/diarioregionaldigital.com.br\/index.php?rest_route=\/wp\/v2\/posts"}],"about":[{"href":"https:\/\/diarioregionaldigital.com.br\/index.php?rest_route=\/wp\/v2\/types\/post"}],"author":[{"embeddable":true,"href":"https:\/\/diarioregionaldigital.com.br\/index.php?rest_route=\/wp\/v2\/users\/96"}],"replies":[{"embeddable":true,"href":"https:\/\/diarioregionaldigital.com.br\/index.php?rest_route=%2Fwp%2Fv2%2Fcomments&post=173890"}],"version-history":[{"count":0,"href":"https:\/\/diarioregionaldigital.com.br\/index.php?rest_route=\/wp\/v2\/posts\/173890\/revisions"}],"wp:featuredmedia":[{"embeddable":true,"href":"https:\/\/diarioregionaldigital.com.br\/index.php?rest_route=\/wp\/v2\/media\/173891"}],"wp:attachment":[{"href":"https:\/\/diarioregionaldigital.com.br\/index.php?rest_route=%2Fwp%2Fv2%2Fmedia&parent=173890"}],"wp:term":[{"taxonomy":"category","embeddable":true,"href":"https:\/\/diarioregionaldigital.com.br\/index.php?rest_route=%2Fwp%2Fv2%2Fcategories&post=173890"},{"taxonomy":"post_tag","embeddable":true,"href":"https:\/\/diarioregionaldigital.com.br\/index.php?rest_route=%2Fwp%2Fv2%2Ftags&post=173890"}],"curies":[{"name":"wp","href":"https:\/\/api.w.org\/{rel}","templated":true}]}}