{"id":173887,"date":"2020-11-26T16:18:42","date_gmt":"2020-11-26T19:18:42","guid":{"rendered":"https:\/\/diarioregionaldigital.com.br\/?p=173887"},"modified":"2020-11-26T16:18:42","modified_gmt":"2020-11-26T19:18:42","slug":"milhoes-de-argentinos-se-despedem-de-diego-maradona","status":"publish","type":"post","link":"https:\/\/diarioregionaldigital.com.br\/?p=173887","title":{"rendered":"Milh\u00f5es de argentinos se despedem de Diego Maradona"},"content":{"rendered":"<p><span style=\"font-weight: 400;\">Durante esta quinta-feira (26), milh\u00f5es de argentinos, sendo apaixonados por futebol ou n\u00e3o, foram \u00e0 Casa Rosada em Buenos Aires, para se despedir de Diego Maradona, que morreu aos 60 anos, ap\u00f3s sofrer parada cardiorrespirat\u00f3ria.\u00a0<\/span><\/p>\n<p><span style=\"font-weight: 400;\">Conforme autoridades locais, aproximadamente um milh\u00e3o de pessoas se aglomeraram no local. Entretanto, o n\u00famero gerou pol\u00eamica, levando em considera\u00e7\u00e3o a pandemia do Coronav\u00edrus. Na Argentina, o governo determinou as suspens\u00f5es das aulas e uso exclusivo de transporte p\u00fablico para quem presta servi\u00e7os essenciais.\u00a0<\/span><\/p>\n<p><span style=\"font-weight: 400;\">Al\u00e9m disso, o vel\u00f3rio do ex-craque teve de ser interrompido, por conta das confus\u00f5es entre o p\u00fablico e a pol\u00edcia. O corpo ficaria na Casa Rosada at\u00e9 \u00e0s 19h desta quinta, mas foi transferido para o cemit\u00e9rio\u00a0 Jard\u00edn Bella Vista. Para conter a confus\u00e3o, os policiais tiveram de usar g\u00e1s lacrimog\u00eaneo e balas de borracha.<\/span><\/p>\n<p><span style=\"font-weight: 400;\">No lado de fora da Casa Rosada, haviam pessoas vendendo m\u00e1scaras, camisas e fotos com o rosto ou nome de Maradona, bem como as cores da bandeira argentina. O torcedor argentino,\u00a0 Gonzalo Vera, 21 anos, fala sobre a import\u00e2ncia do ex-jogador para a na\u00e7\u00e3o e tamb\u00e9m aos clubes:<\/span><\/p>\n<p><span style=\"font-weight: 400;\">\u201cSou um torcedor do Racing, mas, para mim, isso transcende o que os clubes s\u00e3o. [Maradona] \u00e9 a Argentina, ele \u00e9 o povo. \u00c9 basicamente tudo para mim&#8221;.<\/span><\/p>\n<p><span style=\"font-weight: 400;\">A morte do ex-jogador rendeu como\u00e7\u00e3o e homenagens pelo mundo inteiro. Figuras futebol\u00edsticas fizeram postagens em redes sociais, bem como o Papa Francisco.\u00a0<\/span><\/p>\n<p><span style=\"font-weight: 400;\">No territ\u00f3rio argentino, os clubes acenderam os holofotes dos seus est\u00e1dios, exatamente \u00e0s 10h da noite, uma vez que foi a numera\u00e7\u00e3o utilizada por Diego.<\/span><\/p>\n<p><span style=\"font-weight: 400;\">Campe\u00e3o do mundo pela Argentina em 1986, Maradona \u00e9 considerado por muitos, como um dos melhores jogadores da hist\u00f3ria e tamb\u00e9m como o maior do futebol argentino. Em sua carreira, teve passagens por Argentinos Juniors, Barcelona, Napoli, Sevilla, Newell\u2019s Old Boys e Boca Juniors. Ele encerrou sua carreira em 1998 pelo pr\u00f3prio \u2018xeneise\u2019, que \u00e9 seu time de cora\u00e7\u00e3o.\u00a0<\/span><\/p>\n<p><span style=\"font-weight: 400;\">Pela Sele\u00e7\u00e3o da Argentina, disputou 91 jogos, com direito a quatro participa\u00e7\u00f5es em Copas do Mundo (1982, 1986, 1990 e 1994), al\u00e9m do t\u00edtulo conquistado no M\u00e9xico em 86, no qual o jogador teve atua\u00e7\u00f5es magn\u00edficas. Em sua \u00faltima apari\u00e7\u00e3o em Copas foi nos Estados Unidos, por\u00e9m ele foi afastado da competi\u00e7\u00e3o, ap\u00f3s ser pego no exame antidoping, ainda na fase de grupos.<\/span><\/p>\n<p><b>Carreira como t\u00e9cnico<\/b><\/p>\n<p><span style=\"font-weight: 400;\">Ap\u00f3s se aposentar dos gramados, Maradona fez intensa reabilita\u00e7\u00e3o, para tratar da depend\u00eancia qu\u00edmica. Posteriormente, se aventurou como t\u00e9cnico de futebol e seu primeiro trabalho foi justamente com a Albiceleste, na Copa do Mundo de 2010 na \u00c1frica do Sul. Apesar de ter vencido todos os quatro jogos disputados na competi\u00e7\u00e3o, a Argentina foi goleada por 4\u00d70 para a Alemanha nas quartas de final.<\/span><\/p>\n<p><span style=\"font-weight: 400;\">Depois, o Pibe passou por Al-Wasl e Fujairah, dos Emirados \u00c1rabes. Em 2018, comandou o Dorados, do M\u00e9xico, e teve seu \u00faltimo trabalho no Gimnasia de La Plata, ainda neste ano.<\/span><\/p>\n","protected":false},"excerpt":{"rendered":"<p>Durante esta quinta-feira (26), milh\u00f5es de argentinos, sendo apaixonados por futebol ou n\u00e3o, foram \u00e0 Casa Rosada em Buenos Aires, para se despedir de Diego Maradona, que morreu aos 60 anos, ap\u00f3s sofrer parada cardiorrespirat\u00f3ria.\u00a0 Conforme autoridades locais, aproximadamente um milh\u00e3o de pessoas se aglomeraram no local. Entretanto, o n\u00famero gerou pol\u00eamica, levando em considera\u00e7\u00e3o [&hellip;]<\/p>\n","protected":false},"author":96,"featured_media":173888,"comment_status":"closed","ping_status":"closed","sticky":false,"template":"","format":"standard","meta":{"footnotes":""},"categories":[436,257,439],"tags":[],"class_list":["post-173887","post","type-post","status-publish","format-standard","has-post-thumbnail","hentry","category-destaque-da-semana","category-esporte","category-ultima-hora"],"_links":{"self":[{"href":"https:\/\/diarioregionaldigital.com.br\/index.php?rest_route=\/wp\/v2\/posts\/173887","targetHints":{"allow":["GET"]}}],"collection":[{"href":"https:\/\/diarioregionaldigital.com.br\/index.php?rest_route=\/wp\/v2\/posts"}],"about":[{"href":"https:\/\/diarioregionaldigital.com.br\/index.php?rest_route=\/wp\/v2\/types\/post"}],"author":[{"embeddable":true,"href":"https:\/\/diarioregionaldigital.com.br\/index.php?rest_route=\/wp\/v2\/users\/96"}],"replies":[{"embeddable":true,"href":"https:\/\/diarioregionaldigital.com.br\/index.php?rest_route=%2Fwp%2Fv2%2Fcomments&post=173887"}],"version-history":[{"count":0,"href":"https:\/\/diarioregionaldigital.com.br\/index.php?rest_route=\/wp\/v2\/posts\/173887\/revisions"}],"wp:featuredmedia":[{"embeddable":true,"href":"https:\/\/diarioregionaldigital.com.br\/index.php?rest_route=\/wp\/v2\/media\/173888"}],"wp:attachment":[{"href":"https:\/\/diarioregionaldigital.com.br\/index.php?rest_route=%2Fwp%2Fv2%2Fmedia&parent=173887"}],"wp:term":[{"taxonomy":"category","embeddable":true,"href":"https:\/\/diarioregionaldigital.com.br\/index.php?rest_route=%2Fwp%2Fv2%2Fcategories&post=173887"},{"taxonomy":"post_tag","embeddable":true,"href":"https:\/\/diarioregionaldigital.com.br\/index.php?rest_route=%2Fwp%2Fv2%2Ftags&post=173887"}],"curies":[{"name":"wp","href":"https:\/\/api.w.org\/{rel}","templated":true}]}}