{"id":173884,"date":"2020-11-26T15:50:43","date_gmt":"2020-11-26T18:50:43","guid":{"rendered":"https:\/\/diarioregionaldigital.com.br\/?p=173884"},"modified":"2020-11-26T15:50:43","modified_gmt":"2020-11-26T18:50:43","slug":"cpb-lancara-manifesto-paralimpico-para-celebrar-dia-internacional-da-pessoa-com-deficiencia","status":"publish","type":"post","link":"https:\/\/diarioregionaldigital.com.br\/?p=173884","title":{"rendered":"CPB lan\u00e7ar\u00e1 Manifesto Paral\u00edmpico para celebrar Dia Internacional da Pessoa com Defici\u00eancia"},"content":{"rendered":"<p><span style=\"font-weight: 400;\">O Comit\u00ea Paral\u00edmpico Brasileiro (CPB) vai lan\u00e7ar na pr\u00f3xima quinta-feira (3), o \u201cManifesto Paral\u00edmpico\u201d para celebrar a data em que \u00e9 comemorado o Dia Internacional das Pessoas com Defici\u00eancia, estabelecido pela Organiza\u00e7\u00e3o das Na\u00e7\u00f5es Unidas (ONU) em 1992.\u00a0<\/span><\/p>\n<p><span style=\"font-weight: 400;\">O ato ter\u00e1 como objetivo sensibilizar e fomentar uma reflex\u00e3o a respeito dos desafios enfrentados pelas pessoas com defici\u00eancia no dia a dia, e como transformar a infraestrutura e qualidade nos servi\u00e7os \u00e0s pessoas com defici\u00eancia em ambientes sustent\u00e1veis, seguros e acess\u00edveis.<\/span><\/p>\n<p><span style=\"font-weight: 400;\">O manifesto tamb\u00e9m ser\u00e1 lido por atletas em um v\u00eddeo, al\u00e9m da divulga\u00e7\u00e3o de um ensaio fotogr\u00e1fico com nomes da nata\u00e7\u00e3o como Andrey Garbe (classe S9), Dayanne da Silva (S6), Gabriel Cristiano (S8), Maiara Barreto (S3), Roberto Alcalde (S6), e do atletismo Daniel Mendes (T11), Ver\u00f4nica Hipolito (T38), Washington Assis (T47) e Raissa Rocha (F56), al\u00e9m da mesa-tenista Jennyfer Parinos (9).\u00a0\u00a0<\/span><\/p>\n<p><span style=\"font-weight: 400;\">A ideia desta a\u00e7\u00e3o \u00e9 valorizar os corpos dos atletas paral\u00edmpicos. As fotos est\u00e3o dispon\u00edveis nas redes sociais do CPB a partir do dia 3.<\/span><\/p>\n<p><span style=\"font-weight: 400;\">\u201cAcreditamos que o esporte \u00e9 um dos grandes agentes catalisadores para a inclus\u00e3o das pessoas com defici\u00eancia na sociedade em todas as suas dimens\u00f5es. Por meio dele \u00e9 poss\u00edvel ampliar a percep\u00e7\u00e3o da sociedade em rela\u00e7\u00e3o \u00e0s pessoas com defici\u00eancia\u201d, afirma Mizael Conrado, bicampe\u00e3o paral\u00edmpico de futebol de cinco em Atenas 2004 e Pequim 2008, e presidente do CPB.\u00a0\u00a0\u00a0<\/span><\/p>\n<p><span style=\"font-weight: 400;\">No Brasil, de acordo com dados do censo do IBGE 2010, existem 45,6 milh\u00f5es de indiv\u00edduos que se declaram com defici\u00eancia, o que corresponde a quase 23% da popula\u00e7\u00e3o.<\/span><\/p>\n<p><span style=\"font-weight: 400;\">O decreto via lei n\u00ba 3.298, de 20 de dezembro de 1999, define a defici\u00eancia humana como \u201ctoda perda ou anormalidade de uma estrutura ou fun\u00e7\u00e3o psicol\u00f3gica, fisiol\u00f3gica ou anat\u00f4mica que gere incapacidade para o desempenho de atividade, dentro do padr\u00e3o considerado normal para o ser humano\u201d.<\/span><\/p>\n<p><strong>Fonte:<\/strong> CPB<\/p>\n","protected":false},"excerpt":{"rendered":"<p>O Comit\u00ea Paral\u00edmpico Brasileiro (CPB) vai lan\u00e7ar na pr\u00f3xima quinta-feira (3), o \u201cManifesto Paral\u00edmpico\u201d para celebrar a data em que \u00e9 comemorado o Dia Internacional das Pessoas com Defici\u00eancia, estabelecido pela Organiza\u00e7\u00e3o das Na\u00e7\u00f5es Unidas (ONU) em 1992.\u00a0 O ato ter\u00e1 como objetivo sensibilizar e fomentar uma reflex\u00e3o a respeito dos desafios enfrentados pelas pessoas [&hellip;]<\/p>\n","protected":false},"author":96,"featured_media":173885,"comment_status":"closed","ping_status":"closed","sticky":false,"template":"","format":"standard","meta":{"footnotes":""},"categories":[436,257,439],"tags":[],"class_list":["post-173884","post","type-post","status-publish","format-standard","has-post-thumbnail","hentry","category-destaque-da-semana","category-esporte","category-ultima-hora"],"_links":{"self":[{"href":"https:\/\/diarioregionaldigital.com.br\/index.php?rest_route=\/wp\/v2\/posts\/173884","targetHints":{"allow":["GET"]}}],"collection":[{"href":"https:\/\/diarioregionaldigital.com.br\/index.php?rest_route=\/wp\/v2\/posts"}],"about":[{"href":"https:\/\/diarioregionaldigital.com.br\/index.php?rest_route=\/wp\/v2\/types\/post"}],"author":[{"embeddable":true,"href":"https:\/\/diarioregionaldigital.com.br\/index.php?rest_route=\/wp\/v2\/users\/96"}],"replies":[{"embeddable":true,"href":"https:\/\/diarioregionaldigital.com.br\/index.php?rest_route=%2Fwp%2Fv2%2Fcomments&post=173884"}],"version-history":[{"count":0,"href":"https:\/\/diarioregionaldigital.com.br\/index.php?rest_route=\/wp\/v2\/posts\/173884\/revisions"}],"wp:featuredmedia":[{"embeddable":true,"href":"https:\/\/diarioregionaldigital.com.br\/index.php?rest_route=\/wp\/v2\/media\/173885"}],"wp:attachment":[{"href":"https:\/\/diarioregionaldigital.com.br\/index.php?rest_route=%2Fwp%2Fv2%2Fmedia&parent=173884"}],"wp:term":[{"taxonomy":"category","embeddable":true,"href":"https:\/\/diarioregionaldigital.com.br\/index.php?rest_route=%2Fwp%2Fv2%2Fcategories&post=173884"},{"taxonomy":"post_tag","embeddable":true,"href":"https:\/\/diarioregionaldigital.com.br\/index.php?rest_route=%2Fwp%2Fv2%2Ftags&post=173884"}],"curies":[{"name":"wp","href":"https:\/\/api.w.org\/{rel}","templated":true}]}}