{"id":173881,"date":"2020-11-26T15:37:28","date_gmt":"2020-11-26T18:37:28","guid":{"rendered":"https:\/\/diarioregionaldigital.com.br\/?p=173881"},"modified":"2020-11-26T15:37:28","modified_gmt":"2020-11-26T18:37:28","slug":"por-conta-da-pandemia-comercio-de-juiz-de-fora-nao-tera-horario-estendido-no-black-friday","status":"publish","type":"post","link":"https:\/\/diarioregionaldigital.com.br\/?p=173881","title":{"rendered":"Por conta da pandemia, com\u00e9rcio de Juiz de Fora n\u00e3o ter\u00e1 hor\u00e1rio estendido no Black Friday"},"content":{"rendered":"<p><span style=\"font-weight: 400;\">Em decorr\u00eancia da pandemia do Covid-19 e tamb\u00e9m pelas restri\u00e7\u00f5es elaboradas pela Prefeitura de Juiz de Fora (PJF), o com\u00e9rcio da cidade n\u00e3o ter\u00e1 hor\u00e1rio de funcionamento estendido, durante o \u2018Black Friday\u2019, nesta sexta-feira (27). Como previsto no Decreto publicado pelo Executivo, as lojas e galerias podem funcionar apenas entre 9h e 18h e os shoppings de 11h \u00e0s 22h.<\/span><\/p>\n<p><span style=\"font-weight: 400;\">A tend\u00eancia \u00e9 que muitos lojistas investem no meio digital, com objetivo de aumentar a quantidade de vendas e tamb\u00e9m evitar aglomera\u00e7\u00f5es dos consumidores nos locais. Al\u00e9m disso, conforme pesquisa feita pela C\u00e2mara de Dirigentes Lojistas de Juiz de Fora (CDL-JF), as vendas online devem aumentar em 30% na compara\u00e7\u00e3o com o \u00faltimo ano.<\/span><\/p>\n<p><span style=\"font-weight: 400;\">Para o presidente da CDL em Juiz de Fora, Marcos Casarin, muitos lojistas v\u00e3o aderir ao meio digital, uma vez que \u201c\u00c0s vezes, o consumidor n\u00e3o pode fazer a compra durante o dia, ele compra \u00e0 noite, compra de madrugada, ent\u00e3o tem a facilidade da sua casa at\u00e9 de escolher com calma\u201d.<\/span><\/p>\n<p><span style=\"font-weight: 400;\">Apesar das restri\u00e7\u00f5es por conta do Coronav\u00edrus, o presidente da CDL de Minas Gerais, Frank Sinatra, diz que \u201cEstamos em uma boa expectativa em Minas. Isso se deve ao fato da reestrutura\u00e7\u00e3o que muitos varejistas e empresas do ramo de servi\u00e7o tiveram que fazer frente ao risco de fechar as portas por causa da pandemia. Agora iremos ter os reflexos positivos que vem da inova\u00e7\u00e3o\u201d.<\/span><\/p>\n<p><b>Orienta\u00e7\u00f5es durante as compras<\/b><\/p>\n<p><span style=\"font-weight: 400;\">Na \u00faltima semana, a Ag\u00eancia de Prote\u00e7\u00e3o e Defesa do Consumidor (Procon\/JF), publicou uma lista com as orienta\u00e7\u00f5es destinadas aos consumidores, que far\u00e3o compras durante o \u2018Black Friday\u2019:<\/span><\/p>\n<ul>\n<li style=\"font-weight: 400;\"><span style=\"font-weight: 400;\">\u00c9 importante observar se constam todos os dados do fornecedor, como Cadastro Nacional de Pessoa Jur\u00eddica (CNPJ), endere\u00e7o, telefone e Servi\u00e7o de Atendimento ao Consumidor (SAC). Normalmente, estas informa\u00e7\u00f5es est\u00e3o no rodap\u00e9 da p\u00e1gina principal do portal do fornecedor.<\/span><\/li>\n<li style=\"font-weight: 400;\"><span style=\"font-weight: 400;\">Ao se cadastrar no \u201csite\u201d, o consumidor deve ficar atento \u00e0s medidas de privacidade de dados adotadas pelo vendedor. Quando o endere\u00e7o online tem o \u201chttps:\/\/\u201d e um cadeado no canto esquerdo, significa que \u00e9 site criptografado e, portanto, garante mais seguran\u00e7a do que os que n\u00e3o t\u00eam essa caracter\u00edstica. Outra dica \u00e9 que o consumidor, no processo de cadastro, crie senha dif\u00edcil (com letras, n\u00fameros e s\u00edmbolos) e tenha ela anotada, para n\u00e3o se esquecer.<\/span><\/li>\n<li style=\"font-weight: 400;\"><span style=\"font-weight: 400;\">A n\u00e3o entrega do produto ou servi\u00e7o dentro do per\u00edodo anunciado pela empresa caracteriza descumprimento da oferta e constitui infra\u00e7\u00e3o pass\u00edvel de puni\u00e7\u00e3o. Caso o prazo estipulado seja excedido, \u00e9 poss\u00edvel recorrer, solicitando a devolu\u00e7\u00e3o\/estorno do pagamento.<\/span><\/li>\n<li style=\"font-weight: 400;\"><span style=\"font-weight: 400;\">Na hora de pagar, se a op\u00e7\u00e3o for o cart\u00e3o de cr\u00e9dito, o cuidado precisa ser redobrado. De acordo com o C\u00f3digo de Defesa do Consumidor (CDC), a empresa tem obriga\u00e7\u00e3o de apresentar outras formas de pagamento, estabelecendo que as compras realizadas fora do estabelecimento comercial podem ser canceladas em at\u00e9 sete dias.<\/span><\/li>\n<li style=\"font-weight: 400;\"><span style=\"font-weight: 400;\">Para garantir os direitos, o consumidor dever\u00e1 guardar todos os dados das compras: n\u00famero do protocolo, confirma\u00e7\u00e3o do pedido, mensagens trocadas com o fornecedor e outras informa\u00e7\u00f5es que comprovem as condi\u00e7\u00f5es tratadas. Isso facilitar\u00e1 o processo de reclama\u00e7\u00e3o, caso ocorra algum imprevisto.<\/span><\/li>\n<li style=\"font-weight: 400;\"><span style=\"font-weight: 400;\">P\u00e1ginas hospedadas fora do Brasil seguem as normas de seus pa\u00edses de origem. Se o consumidor tiver problemas ao comprar produtos em sites internacionais, ter\u00e1 de resolv\u00ea-los diretamente com o fornecedor, porque, nesse caso, ele \u00e9 o pr\u00f3prio importador.<\/span><\/li>\n<\/ul>\n<p><b>Fiscaliza\u00e7\u00e3o da Prefeitura<\/b><\/p>\n<p><span style=\"font-weight: 400;\">A PJF comunicou tamb\u00e9m que os comerciantes e consumidores devem estar atentos para \u00e0s restri\u00e7\u00f5es da pandemia do Coronav\u00edrus. Com os atuais altos \u00edndices de contamina\u00e7\u00e3o pelo coronav\u00edrus no Munic\u00edpio, que ainda est\u00e1 em estado de calamidade p\u00fablica, a orienta\u00e7\u00e3o \u00e9 para que as pessoas fiquem em casa e n\u00e3o participem de aglomera\u00e7\u00f5es de vendas.<\/span><\/p>\n<p><span style=\"font-weight: 400;\">Fiscais de posturas, guardas municipais, agentes de tr\u00e2nsito e a equipe da Vigil\u00e2ncia Sanit\u00e1ria estar\u00e3o nas ruas verificando se os protocolos de seguran\u00e7a em rela\u00e7\u00e3o \u00e0 covid-19 est\u00e3o sendo cumpridos e multando qualquer tipo de irregularidade encontrada. \u201cJ\u00e1 estamos notificando lojas de eletroeletr\u00f4nicos, de departamentos, os shoppings e os grandes magazines em geral sobre as normas previstas na legisla\u00e7\u00e3o e no Decreto Municipal n\u00ba 14.179, de limita\u00e7\u00e3o do n\u00famero de pessoas dentro dos estabelecimentos; proibi\u00e7\u00e3o de aglomera\u00e7\u00f5es; disponibiliza\u00e7\u00e3o de \u00e1lcool gel; distanciamento entre os clientes; e do hor\u00e1rio especial de funcionamento. Estas a\u00e7\u00f5es est\u00e3o sendo feitas antecipadamente no Centro e em todos os bairros com concentra\u00e7\u00e3o comercial\u201d, informou a gerente do Departamento de Fiscaliza\u00e7\u00e3o Ambiental e Urbana da Secretaria de Meio Ambiente e Ordenamento Urbano (Semaur).<\/span><\/p>\n<p>&nbsp;<\/p>\n","protected":false},"excerpt":{"rendered":"<p>Em decorr\u00eancia da pandemia do Covid-19 e tamb\u00e9m pelas restri\u00e7\u00f5es elaboradas pela Prefeitura de Juiz de Fora (PJF), o com\u00e9rcio da cidade n\u00e3o ter\u00e1 hor\u00e1rio de funcionamento estendido, durante o \u2018Black Friday\u2019, nesta sexta-feira (27). Como previsto no Decreto publicado pelo Executivo, as lojas e galerias podem funcionar apenas entre 9h e 18h e os [&hellip;]<\/p>\n","protected":false},"author":96,"featured_media":173882,"comment_status":"closed","ping_status":"closed","sticky":false,"template":"","format":"standard","meta":{"footnotes":""},"categories":[436,440,261,439],"tags":[],"class_list":["post-173881","post","type-post","status-publish","format-standard","has-post-thumbnail","hentry","category-destaque-da-semana","category-destaques-do-dia","category-economia","category-ultima-hora"],"_links":{"self":[{"href":"https:\/\/diarioregionaldigital.com.br\/index.php?rest_route=\/wp\/v2\/posts\/173881","targetHints":{"allow":["GET"]}}],"collection":[{"href":"https:\/\/diarioregionaldigital.com.br\/index.php?rest_route=\/wp\/v2\/posts"}],"about":[{"href":"https:\/\/diarioregionaldigital.com.br\/index.php?rest_route=\/wp\/v2\/types\/post"}],"author":[{"embeddable":true,"href":"https:\/\/diarioregionaldigital.com.br\/index.php?rest_route=\/wp\/v2\/users\/96"}],"replies":[{"embeddable":true,"href":"https:\/\/diarioregionaldigital.com.br\/index.php?rest_route=%2Fwp%2Fv2%2Fcomments&post=173881"}],"version-history":[{"count":0,"href":"https:\/\/diarioregionaldigital.com.br\/index.php?rest_route=\/wp\/v2\/posts\/173881\/revisions"}],"wp:featuredmedia":[{"embeddable":true,"href":"https:\/\/diarioregionaldigital.com.br\/index.php?rest_route=\/wp\/v2\/media\/173882"}],"wp:attachment":[{"href":"https:\/\/diarioregionaldigital.com.br\/index.php?rest_route=%2Fwp%2Fv2%2Fmedia&parent=173881"}],"wp:term":[{"taxonomy":"category","embeddable":true,"href":"https:\/\/diarioregionaldigital.com.br\/index.php?rest_route=%2Fwp%2Fv2%2Fcategories&post=173881"},{"taxonomy":"post_tag","embeddable":true,"href":"https:\/\/diarioregionaldigital.com.br\/index.php?rest_route=%2Fwp%2Fv2%2Ftags&post=173881"}],"curies":[{"name":"wp","href":"https:\/\/api.w.org\/{rel}","templated":true}]}}